{"id":845,"date":"2016-12-17T00:08:59","date_gmt":"2016-12-16T23:08:59","guid":{"rendered":"http:\/\/evk-hornbach.de\/?p=845"},"modified":"2016-12-17T00:14:18","modified_gmt":"2016-12-16T23:14:18","slug":"alle-weihnachtsgottesdienste-in-unserer-pfarrei-auf-einen-blick","status":"publish","type":"post","link":"https:\/\/evk-hornbach.de\/?p=845","title":{"rendered":"Alle Weihnachtsgottesdienste in unserer Pfarrei auf einen Blick"},"content":{"rendered":"<p><a href=\"https:\/\/evk-hornbach.de\/?page_id=72&amp;ai1ec=action~agenda|time_limit~1482534000|request_format~json\"><img loading=\"lazy\" decoding=\"async\" class=\"wp-image-846 size-full alignleft\" src=\"https:\/\/evk-hornbach.de\/wp-content\/uploads\/2016\/12\/24dez.jpg\" alt=\"24dez\" width=\"65\" height=\"90\" \/><\/a><\/p>\n<i id=\"fac_69f3467917f06\" class=\"fa fa-arrow-circle-left\"><\/i>\nKlicken Sie links auf das Kalenderblatt, um zur \u00dcbersicht aller Gottesdienste zu kommen, die an den Weihnachtsfeiertagen diesen Jahres in unserer Pfarrei gefeiert werden.<\/p>\n","protected":false},"excerpt":{"rendered":"<p>Klicken Sie links auf das Kalenderblatt, um zur \u00dcbersicht aller Gottesdienste zu kommen, die an den Weihnachtsfeiertagen diesen Jahres in unserer Pfarrei gefeiert werden.<\/p>\n","protected":false},"author":2,"featured_media":0,"comment_status":"open","ping_status":"open","sticky":false,"template":"","format":"aside","meta":{"_uag_custom_page_level_css":"","advgb_blocks_editor_width":"","advgb_blocks_columns_visual_guide":"","episode_type":"","audio_file":"","podmotor_file_id":"","podmotor_episode_id":"","cover_image":"","cover_image_id":"","duration":"","filesize":"","filesize_raw":"","date_recorded":"","explicit":"","block":"","cybocfi_hide_featured_image":"","_jetpack_memberships_contains_paid_content":false,"footnotes":""},"categories":[1,42],"tags":[77,76],"series":[],"class_list":["post-845","post","type-post","status-publish","format-aside","hentry","category-uncategorized","category-vorankuendigung","tag-christmette","tag-weihnachten","post_format-post-format-aside","entry"],"episode_featured_image":false,"episode_player_image":"https:\/\/evk-hornbach.de\/wp-content\/uploads\/2017\/12\/losungandacht2026logov3.png","download_link":"","player_link":"","audio_player":false,"episode_data":{"playerMode":"dark","subscribeUrls":{"amazon":{"key":"amazon","url":"https:\/\/music.amazon.com\/podcasts\/46f9b0a9-b2db-4d5c-b947-5f5e4228a8e4\/losungsandachten-2022","label":"Amazon","class":"amazon","icon":"amazon.png"},"apple_podcasts":{"key":"apple_podcasts","url":"https:\/\/podcasts.apple.com\/de\/podcast\/losungsandachten-2022\/id1629150905","label":"Apple Podcasts","class":"apple_podcasts","icon":"apple-podcasts.png"},"deezer":{"key":"deezer","url":"","label":"Deezer","class":"deezer","icon":"deezer.png"},"podcast_de":{"key":"podcast_de","url":"","label":"Podcast.de","class":"podcast_de","icon":"podcast-de.png"},"rss":{"key":"rss","url":"https:\/\/evk-hornbach.de\/?cat=294&feed=rss2","label":"RSS","class":"rss","icon":"rss.png"},"rssradio":{"key":"rssradio","url":"","label":"RSSRadio","class":"rssradio","icon":"rssradio.png"},"spotify":{"key":"spotify","url":"https:\/\/open.spotify.com\/show\/5kJEFM4ESjFH2n1nivrIfi","label":"Spotify","class":"spotify","icon":"spotify.png"},"tunein":{"key":"tunein","url":"","label":"TuneIn","class":"tunein","icon":"tunein.png"},"fyyd_de":{"key":"fyyd_de","url":"https:\/\/fyyd.de\/podcast\/losungsandachten-2022\/0","label":"fyyd.de","class":"fyyd_de","icon":"fyyd-de.png"}},"rssFeedUrl":"https:\/\/evk-hornbach.de\/?feed=podcast&podcast_series=losungsandachten","embedCode":"<blockquote class=\"wp-embedded-content\" data-secret=\"FUZiTxdcgM\"><a href=\"https:\/\/evk-hornbach.de\/?p=845\">Alle Weihnachtsgottesdienste in unserer Pfarrei auf einen Blick<\/a><\/blockquote><iframe sandbox=\"allow-scripts\" security=\"restricted\" src=\"https:\/\/evk-hornbach.de\/?p=845&#038;embed=true#?secret=FUZiTxdcgM\" width=\"500\" height=\"350\" title=\"&#8222;Alle Weihnachtsgottesdienste in unserer Pfarrei auf einen Blick&#8220; &#8211; Prot. Kirchengemeinde Hornbachtal mit der prot. Kirchengemeinde Rimschweiler\" data-secret=\"FUZiTxdcgM\" frameborder=\"0\" marginwidth=\"0\" marginheight=\"0\" scrolling=\"no\" class=\"wp-embedded-content\"><\/iframe><script>\n\/*! This file is auto-generated *\/\n!function(d,l){\"use strict\";l.querySelector&&d.addEventListener&&\"undefined\"!=typeof URL&&(d.wp=d.wp||{},d.wp.receiveEmbedMessage||(d.wp.receiveEmbedMessage=function(e){var t=e.data;if((t||t.secret||t.message||t.value)&&!\/[^a-zA-Z0-9]\/.test(t.secret)){for(var s,r,n,a=l.querySelectorAll('iframe[data-secret=\"'+t.secret+'\"]'),o=l.querySelectorAll('blockquote[data-secret=\"'+t.secret+'\"]'),c=new RegExp(\"^https?:$\",\"i\"),i=0;i<o.length;i++)o[i].style.display=\"none\";for(i=0;i<a.length;i++)s=a[i],e.source===s.contentWindow&&(s.removeAttribute(\"style\"),\"height\"===t.message?(1e3<(r=parseInt(t.value,10))?r=1e3:~~r<200&&(r=200),s.height=r):\"link\"===t.message&&(r=new URL(s.getAttribute(\"src\")),n=new URL(t.value),c.test(n.protocol))&&n.host===r.host&&l.activeElement===s&&(d.top.location.href=t.value))}},d.addEventListener(\"message\",d.wp.receiveEmbedMessage,!1),l.addEventListener(\"DOMContentLoaded\",function(){for(var e,t,s=l.querySelectorAll(\"iframe.wp-embedded-content\"),r=0;r<s.length;r++)(t=(e=s[r]).getAttribute(\"data-secret\"))||(t=Math.random().toString(36).substring(2,12),e.src+=\"#?secret=\"+t,e.setAttribute(\"data-secret\",t)),e.contentWindow.postMessage({message:\"ready\",secret:t},\"*\")},!1)))}(window,document);\n\/\/# sourceURL=https:\/\/evk-hornbach.de\/wp-includes\/js\/wp-embed.min.js\n<\/script>\n"},"author_meta":{"display_name":"Christian G\u00fcnther","author_link":"https:\/\/evk-hornbach.de\/?author=2"},"featured_img":null,"jetpack_featured_media_url":"","uagb_featured_image_src":{"full":false,"thumbnail":false,"medium":false,"medium_large":false,"large":false,"ug_big":false,"1536x1536":false,"2048x2048":false,"post-thumbnail":false},"uagb_author_info":{"display_name":"Christian G\u00fcnther","author_link":"https:\/\/evk-hornbach.de\/?author=2"},"uagb_comment_info":0,"uagb_excerpt":"Klicken Sie links auf das Kalenderblatt, um zur \u00dcbersicht aller Gottesdienste zu kommen, die an den Weihnachtsfeiertagen diesen Jahres in unserer Pfarrei gefeiert werden.","coauthors":[],"tax_additional":{"categories":{"linked":["<a href=\"https:\/\/evk-hornbach.de\/?cat=1\" class=\"advgb-post-tax-term\">Uncategorized<\/a>","<a href=\"https:\/\/evk-hornbach.de\/?cat=42\" class=\"advgb-post-tax-term\">Vorank\u00fcndigung<\/a>"],"unlinked":["<span class=\"advgb-post-tax-term\">Uncategorized<\/span>","<span class=\"advgb-post-tax-term\">Vorank\u00fcndigung<\/span>"]},"tags":{"linked":["<a href=\"https:\/\/evk-hornbach.de\/?cat=42\" class=\"advgb-post-tax-term\">Christmette<\/a>","<a href=\"https:\/\/evk-hornbach.de\/?cat=42\" class=\"advgb-post-tax-term\">Weihnachten<\/a>"],"unlinked":["<span class=\"advgb-post-tax-term\">Christmette<\/span>","<span class=\"advgb-post-tax-term\">Weihnachten<\/span>"]}},"comment_count":"0","relative_dates":{"created":"Ver\u00f6ffentlicht 9\u00a0Jahren vor","modified":"Aktualisiert 9\u00a0Jahren vor"},"absolute_dates":{"created":"Ver\u00f6ffentlicht am 17. Dezember 2016","modified":"Aktualisiert am 17. Dezember 2016"},"absolute_dates_time":{"created":"Ver\u00f6ffentlicht am 17. Dezember 2016 0:08","modified":"Aktualisiert am 17. Dezember 2016 0:14"},"featured_img_caption":"","series_order":"","jetpack-related-posts":[{"id":39792,"url":"https:\/\/evk-hornbach.de\/?p=39792","url_meta":{"origin":845,"position":0},"title":"Losungsandacht f\u00fcr Donnerstag, 10.09.2020","author":"Stina Esser","date":"10. September 2020","format":false,"excerpt":"F\u00fcr die Zeit, in der wir alle wegen der Epidemie in Isolation festsitzen, stellen wir t\u00e4glich eine 5-Minuten-Losungs-Andacht ins Netz. Text und Sprecher: Pfarrer Johannes M\u00fcller, Pfarrei Heiliger Pirminius Contwig Die Ansprache zum Nachlesen kann man hier herunterladen. Nachdem man auf oben auf die \u00dcberschrift des heutigen Andachtsbeitrages klickt, wird\u2026","rel":"","context":"In &quot;Losungsandacht&quot;","block_context":{"text":"Losungsandacht","link":"https:\/\/evk-hornbach.de\/?cat=294"},"img":{"alt_text":"","src":"https:\/\/i0.wp.com\/evk-hornbach.de\/wp-content\/uploads\/2016\/07\/divider-weiss-300x1.png?resize=350%2C200&ssl=1","width":350,"height":200},"classes":[]},{"id":513,"url":"https:\/\/evk-hornbach.de\/?p=513","url_meta":{"origin":845,"position":1},"title":"Vakanz","author":"Christian G\u00fcnther","date":"22. November 2016","format":false,"excerpt":"Unsere Pfarrei ist derzeit vakant, d.h. ohne amtierenden Pfarrer. Pfr. Hoffmann ist im Ruhestand. Ab 01. Dez. ist Frau Diakonin R. Kaufholz-Kerz, \u00a00033 387 099 065 ihre Ansprechpartnerin\u00a0f\u00fcr die \u00fcber das\u00a0 Dekanat Zweibr\u00fccken geregelte Vertretungszeit. Vom 28.12. \u2013 30.12.2016 hat Diakonin Kaufholz-Kerz Urlaub. Die Vertretung in dieser Zeit wird \u00fcber\u2026","rel":"","context":"Mit 1 Kommentar","block_context":{"text":"Mit 1 Kommentar","link":"https:\/\/evk-hornbach.de\/?p=513#comments"},"img":{"alt_text":"vakanz-chair","src":"https:\/\/i0.wp.com\/evk-hornbach.de\/wp-content\/uploads\/2016\/11\/vakanz-chair-200x300.jpg?resize=350%2C200&ssl=1","width":350,"height":200},"classes":[]},{"id":38429,"url":"https:\/\/evk-hornbach.de\/?p=38429","url_meta":{"origin":845,"position":2},"title":"Alle Pr\u00e4senzveranstaltungen im April abgesagt!","author":"Christian G\u00fcnther","date":"21. M\u00e4rz 2020","format":false,"excerpt":"Aufgrund einer Pandemie (Sie wissen schon, welcher) sind im April nicht nur alle kirchlichen, sondern \u00fcberhaupt alle Veranstaltungen abgesagt, bei denen sich Menschen an einem bestimmten Ort versammeln, es besteht wegen akuter gesellschaftlicher Risiken auch Augsangsbeschr\u00e4nkung. Die Kirchengemeinde bleibt aber nicht unt\u00e4tig. Wir werden in K\u00fcrze - dh noch vor\u2026","rel":"","context":"In &quot;Vorank\u00fcndigung&quot;","block_context":{"text":"Vorank\u00fcndigung","link":"https:\/\/evk-hornbach.de\/?cat=42"},"img":{"alt_text":"","src":"https:\/\/i0.wp.com\/evk-hornbach.de\/wp-content\/uploads\/2017\/12\/corona-4930206_1280.jpg?resize=350%2C200&ssl=1","width":350,"height":200,"srcset":"https:\/\/i0.wp.com\/evk-hornbach.de\/wp-content\/uploads\/2017\/12\/corona-4930206_1280.jpg?resize=350%2C200&ssl=1 1x, https:\/\/i0.wp.com\/evk-hornbach.de\/wp-content\/uploads\/2017\/12\/corona-4930206_1280.jpg?resize=525%2C300&ssl=1 1.5x"},"classes":[]},{"id":38876,"url":"https:\/\/evk-hornbach.de\/?p=38876","url_meta":{"origin":845,"position":3},"title":"Alle Gottesdienste, alle Losungsandachten","author":"Christian G\u00fcnther","date":"2. Mai 2020","format":false,"excerpt":"Nur ein kleiner Hinweis in eigener Sache: Wer am PC alle bisherigen Losungsandachten auf einer Seite durch\"fl\u00f6hen\" m\u00f6chte, kann dies tun, indem er\/sie den Mauszeiger auf den Men\u00fcpunkt Veranstaltungsalender bewegt und danach auf Alle Losungsandachten klickt ... oder stattdessen hier drauf. Wer alle bisherigen Online-Gottesdienste unserer Kirchengemeinden auf einer Seite\u2026","rel":"","context":"In &quot;Neuigkeiten&quot;","block_context":{"text":"Neuigkeiten","link":"https:\/\/evk-hornbach.de\/?cat=34"},"img":{"alt_text":"","src":"https:\/\/i0.wp.com\/evk-hornbach.de\/wp-content\/uploads\/2020\/05\/folder-303891_640-300x270.png?resize=350%2C200&ssl=1","width":350,"height":200},"classes":[]},{"id":39176,"url":"https:\/\/evk-hornbach.de\/?p=39176","url_meta":{"origin":845,"position":4},"title":"Gottesdienst zu Trinitatis, 7. Juni 2020, 10 Uhr","author":"Christian G\u00fcnther","date":"7. Juni 2020","format":false,"excerpt":"Am heutigen Sonntag Trinitatis hielt Pfr. i.R. Bechert eine ziemlich eindrucksvolle und tiefgr\u00fcndige Predigt zu dem Pauluswort aus 1. Kor 13,13. Klicken Sie hier auf den kleinen, Knopf , wenn Sie den Gottesdienst direkt auf YouTube ansehen wollen: Die Wiedergabe startet genau zum Gottesdienstbeginn. Um die komplette Gottesdienstaufzeichnung auf unserer\u2026","rel":"","context":"In &quot;Gottesdienst&quot;","block_context":{"text":"Gottesdienst","link":"https:\/\/evk-hornbach.de\/?cat=103"},"img":{"alt_text":"","src":"https:\/\/i0.wp.com\/evk-hornbach.de\/wp-content\/uploads\/2020\/06\/trinitatis.png?resize=350%2C200&ssl=1","width":350,"height":200,"srcset":"https:\/\/i0.wp.com\/evk-hornbach.de\/wp-content\/uploads\/2020\/06\/trinitatis.png?resize=350%2C200&ssl=1 1x, https:\/\/i0.wp.com\/evk-hornbach.de\/wp-content\/uploads\/2020\/06\/trinitatis.png?resize=525%2C300&ssl=1 1.5x, https:\/\/i0.wp.com\/evk-hornbach.de\/wp-content\/uploads\/2020\/06\/trinitatis.png?resize=700%2C400&ssl=1 2x"},"classes":[]},{"id":40243,"url":"https:\/\/evk-hornbach.de\/?p=40243","url_meta":{"origin":845,"position":5},"title":"Andacht zum Bu\u00df- und Bettag, 18. November 2020, 19 Uhr","author":"Patrick Gauter","date":"17. November 2020","format":false,"excerpt":"Wer am Sonntag nicht in die Kirche gehen kann oder will, muss nicht schw\u00e4nzen, denn wir sind wieder online mit dem \"Service\" am heutigen Sonntag! Klicken Sie hier auf den kleinen, Knopf , wenn Sie den Gottesdienst direkt auf YouTube ansehen wollen: Die Wiedergabe startet genau zum Gottesdienstbeginn. Um die\u2026","rel":"","context":"In &quot;Gottesdienst&quot;","block_context":{"text":"Gottesdienst","link":"https:\/\/evk-hornbach.de\/?cat=103"},"img":{"alt_text":"","src":"","width":0,"height":0},"classes":[]}],"jetpack_sharing_enabled":true,"publishpress_future_action":{"enabled":false,"date":"2026-05-07 14:09:29","action":"change-status","newStatus":"draft","terms":[],"taxonomy":"category","extraData":[]},"publishpress_future_workflow_manual_trigger":{"enabledWorkflows":[]},"_links":{"self":[{"href":"https:\/\/evk-hornbach.de\/index.php?rest_route=\/wp\/v2\/posts\/845","targetHints":{"allow":["GET"]}}],"collection":[{"href":"https:\/\/evk-hornbach.de\/index.php?rest_route=\/wp\/v2\/posts"}],"about":[{"href":"https:\/\/evk-hornbach.de\/index.php?rest_route=\/wp\/v2\/types\/post"}],"author":[{"embeddable":true,"href":"https:\/\/evk-hornbach.de\/index.php?rest_route=\/wp\/v2\/users\/2"}],"replies":[{"embeddable":true,"href":"https:\/\/evk-hornbach.de\/index.php?rest_route=%2Fwp%2Fv2%2Fcomments&post=845"}],"version-history":[{"count":2,"href":"https:\/\/evk-hornbach.de\/index.php?rest_route=\/wp\/v2\/posts\/845\/revisions"}],"predecessor-version":[{"id":848,"href":"https:\/\/evk-hornbach.de\/index.php?rest_route=\/wp\/v2\/posts\/845\/revisions\/848"}],"wp:attachment":[{"href":"https:\/\/evk-hornbach.de\/index.php?rest_route=%2Fwp%2Fv2%2Fmedia&parent=845"}],"wp:term":[{"taxonomy":"category","embeddable":true,"href":"https:\/\/evk-hornbach.de\/index.php?rest_route=%2Fwp%2Fv2%2Fcategories&post=845"},{"taxonomy":"post_tag","embeddable":true,"href":"https:\/\/evk-hornbach.de\/index.php?rest_route=%2Fwp%2Fv2%2Ftags&post=845"},{"taxonomy":"series","embeddable":true,"href":"https:\/\/evk-hornbach.de\/index.php?rest_route=%2Fwp%2Fv2%2Fseries&post=845"}],"curies":[{"name":"wp","href":"https:\/\/api.w.org\/{rel}","templated":true}]}}