{"id":54460,"date":"2026-01-27T19:09:44","date_gmt":"2026-01-27T18:09:44","guid":{"rendered":"https:\/\/evk-hornbach.de\/?p=54460"},"modified":"2026-01-27T19:19:10","modified_gmt":"2026-01-27T18:19:10","slug":"die-digger-treffen-sich-am-donnerstag-05-02-2026","status":"publish","type":"post","link":"https:\/\/evk-hornbach.de\/?p=54460","title":{"rendered":"Die &#8222;Digger&#8220; treffen sich am Donnerstag, 05.02.2026"},"content":{"rendered":"\n<h3 class=\"wp-block-heading\">&#8230; um 19 Uhr im Ev. Jugendheim<\/h3>\n\n\n\n<div class=\"wp-block-uagb-image uagb-block-1228ac86 wp-block-uagb-image--layout-default wp-block-uagb-image--effect-static wp-block-uagb-image--align-none\"><figure class=\"wp-block-uagb-image__figure\"><img decoding=\"async\" srcset=\"https:\/\/evk-hornbach.de\/wp-content\/uploads\/2017\/12\/2026-02-Digger.jpg ,https:\/\/evk-hornbach.de\/wp-content\/uploads\/2017\/12\/2026-02-Digger.jpg 780w, https:\/\/evk-hornbach.de\/wp-content\/uploads\/2017\/12\/2026-02-Digger.jpg 360w\" sizes=\"auto, (max-width: 480px) 150px\" src=\"https:\/\/evk-hornbach.de\/wp-content\/uploads\/2017\/12\/2026-02-Digger.jpg\" alt=\"\" class=\"uag-image-54458\" width=\"714\" height=\"1021\" title=\"2026-02 Digger\" loading=\"lazy\" role=\"img\"\/><\/figure><\/div>\n","protected":false},"excerpt":{"rendered":"<p>Digger am 5.2.:<br \/>\nThema: Georg W.F. Hegel<br \/>\nReferent: Dekan i.R. Dieter Oberkircher<\/p>\n","protected":false},"author":2,"featured_media":46024,"comment_status":"open","ping_status":"open","sticky":false,"template":"","format":"standard","meta":{"_uag_custom_page_level_css":"","advgb_blocks_editor_width":"","advgb_blocks_columns_visual_guide":"","episode_type":"audio","audio_file":"","podmotor_file_id":"","podmotor_episode_id":"","cover_image":"","cover_image_id":"","duration":"","filesize":"","filesize_raw":"","date_recorded":"","explicit":"","block":"","cybocfi_hide_featured_image":"","_jetpack_memberships_contains_paid_content":false,"footnotes":""},"categories":[1],"tags":[],"series":[],"class_list":["post-54460","post","type-post","status-publish","format-standard","has-post-thumbnail","hentry","category-uncategorized","entry"],"episode_featured_image":"https:\/\/evk-hornbach.de\/wp-content\/uploads\/2022\/12\/diedigger.png","episode_player_image":"https:\/\/evk-hornbach.de\/wp-content\/uploads\/2017\/12\/losungandacht2026logov3.png","download_link":"","player_link":"","audio_player":false,"episode_data":{"playerMode":"dark","subscribeUrls":{"amazon":{"key":"amazon","url":"https:\/\/music.amazon.com\/podcasts\/46f9b0a9-b2db-4d5c-b947-5f5e4228a8e4\/losungsandachten-2022","label":"Amazon","class":"amazon","icon":"amazon.png"},"apple_podcasts":{"key":"apple_podcasts","url":"https:\/\/podcasts.apple.com\/de\/podcast\/losungsandachten-2022\/id1629150905","label":"Apple Podcasts","class":"apple_podcasts","icon":"apple-podcasts.png"},"deezer":{"key":"deezer","url":"","label":"Deezer","class":"deezer","icon":"deezer.png"},"podcast_de":{"key":"podcast_de","url":"","label":"Podcast.de","class":"podcast_de","icon":"podcast-de.png"},"rss":{"key":"rss","url":"https:\/\/evk-hornbach.de\/?cat=294&feed=rss2","label":"RSS","class":"rss","icon":"rss.png"},"rssradio":{"key":"rssradio","url":"","label":"RSSRadio","class":"rssradio","icon":"rssradio.png"},"spotify":{"key":"spotify","url":"https:\/\/open.spotify.com\/show\/5kJEFM4ESjFH2n1nivrIfi","label":"Spotify","class":"spotify","icon":"spotify.png"},"tunein":{"key":"tunein","url":"","label":"TuneIn","class":"tunein","icon":"tunein.png"},"fyyd_de":{"key":"fyyd_de","url":"https:\/\/fyyd.de\/podcast\/losungsandachten-2022\/0","label":"fyyd.de","class":"fyyd_de","icon":"fyyd-de.png"}},"rssFeedUrl":"https:\/\/evk-hornbach.de\/?feed=podcast&podcast_series=losungsandachten","embedCode":"<blockquote class=\"wp-embedded-content\" data-secret=\"t5gWpjnTkB\"><a href=\"https:\/\/evk-hornbach.de\/?p=54460\">Die &#8222;Digger&#8220; treffen sich am Donnerstag, 05.02.2026<\/a><\/blockquote><iframe sandbox=\"allow-scripts\" security=\"restricted\" src=\"https:\/\/evk-hornbach.de\/?p=54460&#038;embed=true#?secret=t5gWpjnTkB\" width=\"500\" height=\"350\" title=\"&#8222;Die &#8222;Digger&#8220; treffen sich am Donnerstag, 05.02.2026&#8220; &#8211; Prot. Kirchengemeinde Hornbachtal mit der prot. Kirchengemeinde Rimschweiler\" data-secret=\"t5gWpjnTkB\" frameborder=\"0\" marginwidth=\"0\" marginheight=\"0\" scrolling=\"no\" class=\"wp-embedded-content\"><\/iframe><script>\n\/*! This file is auto-generated *\/\n!function(d,l){\"use strict\";l.querySelector&&d.addEventListener&&\"undefined\"!=typeof URL&&(d.wp=d.wp||{},d.wp.receiveEmbedMessage||(d.wp.receiveEmbedMessage=function(e){var t=e.data;if((t||t.secret||t.message||t.value)&&!\/[^a-zA-Z0-9]\/.test(t.secret)){for(var s,r,n,a=l.querySelectorAll('iframe[data-secret=\"'+t.secret+'\"]'),o=l.querySelectorAll('blockquote[data-secret=\"'+t.secret+'\"]'),c=new RegExp(\"^https?:$\",\"i\"),i=0;i<o.length;i++)o[i].style.display=\"none\";for(i=0;i<a.length;i++)s=a[i],e.source===s.contentWindow&&(s.removeAttribute(\"style\"),\"height\"===t.message?(1e3<(r=parseInt(t.value,10))?r=1e3:~~r<200&&(r=200),s.height=r):\"link\"===t.message&&(r=new URL(s.getAttribute(\"src\")),n=new URL(t.value),c.test(n.protocol))&&n.host===r.host&&l.activeElement===s&&(d.top.location.href=t.value))}},d.addEventListener(\"message\",d.wp.receiveEmbedMessage,!1),l.addEventListener(\"DOMContentLoaded\",function(){for(var e,t,s=l.querySelectorAll(\"iframe.wp-embedded-content\"),r=0;r<s.length;r++)(t=(e=s[r]).getAttribute(\"data-secret\"))||(t=Math.random().toString(36).substring(2,12),e.src+=\"#?secret=\"+t,e.setAttribute(\"data-secret\",t)),e.contentWindow.postMessage({message:\"ready\",secret:t},\"*\")},!1)))}(window,document);\n\/\/# sourceURL=https:\/\/evk-hornbach.de\/wp-includes\/js\/wp-embed.min.js\n<\/script>\n"},"author_meta":{"display_name":"Christian G\u00fcnther","author_link":"https:\/\/evk-hornbach.de\/?author=2"},"featured_img":"https:\/\/evk-hornbach.de\/wp-content\/uploads\/2022\/12\/diedigger-300x103.png","jetpack_featured_media_url":"https:\/\/evk-hornbach.de\/wp-content\/uploads\/2022\/12\/diedigger.png","uagb_featured_image_src":{"full":["https:\/\/evk-hornbach.de\/wp-content\/uploads\/2022\/12\/diedigger.png",572,197,false],"thumbnail":["https:\/\/evk-hornbach.de\/wp-content\/uploads\/2022\/12\/diedigger-150x150.png",150,150,true],"medium":["https:\/\/evk-hornbach.de\/wp-content\/uploads\/2022\/12\/diedigger-300x103.png",300,103,true],"medium_large":["https:\/\/evk-hornbach.de\/wp-content\/uploads\/2022\/12\/diedigger.png",572,197,false],"large":["https:\/\/evk-hornbach.de\/wp-content\/uploads\/2022\/12\/diedigger.png",572,197,false],"ug_big":["https:\/\/evk-hornbach.de\/wp-content\/uploads\/2022\/12\/diedigger.png",572,197,false],"1536x1536":["https:\/\/evk-hornbach.de\/wp-content\/uploads\/2022\/12\/diedigger.png",572,197,false],"2048x2048":["https:\/\/evk-hornbach.de\/wp-content\/uploads\/2022\/12\/diedigger.png",572,197,false],"post-thumbnail":["https:\/\/evk-hornbach.de\/wp-content\/uploads\/2022\/12\/diedigger.png",572,197,false]},"uagb_author_info":{"display_name":"Christian G\u00fcnther","author_link":"https:\/\/evk-hornbach.de\/?author=2"},"uagb_comment_info":0,"uagb_excerpt":"Digger am 5.2.: Thema: Georg W.F. Hegel Referent: Dekan i.R. Dieter Oberkircher","coauthors":[],"tax_additional":{"categories":{"linked":["<a href=\"https:\/\/evk-hornbach.de\/?cat=1\" class=\"advgb-post-tax-term\">Uncategorized<\/a>"],"unlinked":["<span class=\"advgb-post-tax-term\">Uncategorized<\/span>"]}},"comment_count":"0","relative_dates":{"created":"Ver\u00f6ffentlicht 3\u00a0Monaten vor","modified":"Aktualisiert 3\u00a0Monaten vor"},"absolute_dates":{"created":"Ver\u00f6ffentlicht am 27. Januar 2026","modified":"Aktualisiert am 27. Januar 2026"},"absolute_dates_time":{"created":"Ver\u00f6ffentlicht am 27. Januar 2026 19:09","modified":"Aktualisiert am 27. Januar 2026 19:19"},"featured_img_caption":"","series_order":"","jetpack-related-posts":[{"id":51985,"url":"https:\/\/evk-hornbach.de\/?p=51985","url_meta":{"origin":54460,"position":0},"title":"Die Digger werden verschoben!","author":"Christian G\u00fcnther","date":"11. Februar 2025","format":false,"excerpt":"... aufgrund einer Erkrankung des Referenten.\u00a0","rel":"","context":"In &quot;Aktuell&quot;","block_context":{"text":"Aktuell","link":"https:\/\/evk-hornbach.de\/?cat=379"},"img":{"alt_text":"","src":"https:\/\/i0.wp.com\/evk-hornbach.de\/wp-content\/uploads\/2017\/12\/Bildschirmfoto-vom-2025-02-12-23-52-11.png?resize=350%2C200&ssl=1","width":350,"height":200,"srcset":"https:\/\/i0.wp.com\/evk-hornbach.de\/wp-content\/uploads\/2017\/12\/Bildschirmfoto-vom-2025-02-12-23-52-11.png?resize=350%2C200&ssl=1 1x, https:\/\/i0.wp.com\/evk-hornbach.de\/wp-content\/uploads\/2017\/12\/Bildschirmfoto-vom-2025-02-12-23-52-11.png?resize=525%2C300&ssl=1 1.5x"},"classes":[]},{"id":54040,"url":"https:\/\/evk-hornbach.de\/?p=54040","url_meta":{"origin":54460,"position":1},"title":"Die &#8222;Digger&#8220; treffen sich am Donnerstag, 11.12.2024","author":"Christian G\u00fcnther","date":"10. Dezember 2025","format":false,"excerpt":"... um 19 Uhr im Ev. Jugendheim Thema: Die Entstehung des Universums Referent: Klaus Portscheller, Hornbach","rel":"","context":"\u00c4hnlicher Beitrag","block_context":{"text":"\u00c4hnlicher Beitrag","link":""},"img":{"alt_text":"","src":"https:\/\/i0.wp.com\/evk-hornbach.de\/wp-content\/uploads\/2025\/12\/jesus-urknall.jpg?resize=350%2C200&ssl=1","width":350,"height":200,"srcset":"https:\/\/i0.wp.com\/evk-hornbach.de\/wp-content\/uploads\/2025\/12\/jesus-urknall.jpg?resize=350%2C200&ssl=1 1x, https:\/\/i0.wp.com\/evk-hornbach.de\/wp-content\/uploads\/2025\/12\/jesus-urknall.jpg?resize=525%2C300&ssl=1 1.5x, https:\/\/i0.wp.com\/evk-hornbach.de\/wp-content\/uploads\/2025\/12\/jesus-urknall.jpg?resize=700%2C400&ssl=1 2x, https:\/\/i0.wp.com\/evk-hornbach.de\/wp-content\/uploads\/2025\/12\/jesus-urknall.jpg?resize=1050%2C600&ssl=1 3x"},"classes":[]},{"id":49294,"url":"https:\/\/evk-hornbach.de\/?p=49294","url_meta":{"origin":54460,"position":2},"title":"Die &#8222;Digger&#8220; treffen sich am Donnerstag, 21.3.2024","author":"Christian G\u00fcnther","date":"17. M\u00e4rz 2024","format":false,"excerpt":"... um 19 Uhr im Ev. Jugendheim Thema: Seuchen: Historie und Hysterie Referent: Dr. Heinz-Ulrich Koch, Zweibr\u00fccken","rel":"","context":"\u00c4hnlicher Beitrag","block_context":{"text":"\u00c4hnlicher Beitrag","link":""},"img":{"alt_text":"Bild von S\u00e4rgen mit Corona-Toten in einer Kirche in Bergamo, 2020","src":"https:\/\/i0.wp.com\/media.vaticannews.va\/media\/content\/dam-archive\/vaticannews\/agenzie\/images\/ansa\/2020\/03\/25\/14\/1585144671614.jpg\/_jcr_content\/renditions\/cq5dam.thumbnail.cropped.1500.844.jpeg?resize=350%2C200&ssl=1","width":350,"height":200,"srcset":"https:\/\/i0.wp.com\/media.vaticannews.va\/media\/content\/dam-archive\/vaticannews\/agenzie\/images\/ansa\/2020\/03\/25\/14\/1585144671614.jpg\/_jcr_content\/renditions\/cq5dam.thumbnail.cropped.1500.844.jpeg?resize=350%2C200&ssl=1 1x, https:\/\/i0.wp.com\/media.vaticannews.va\/media\/content\/dam-archive\/vaticannews\/agenzie\/images\/ansa\/2020\/03\/25\/14\/1585144671614.jpg\/_jcr_content\/renditions\/cq5dam.thumbnail.cropped.1500.844.jpeg?resize=525%2C300&ssl=1 1.5x, https:\/\/i0.wp.com\/media.vaticannews.va\/media\/content\/dam-archive\/vaticannews\/agenzie\/images\/ansa\/2020\/03\/25\/14\/1585144671614.jpg\/_jcr_content\/renditions\/cq5dam.thumbnail.cropped.1500.844.jpeg?resize=700%2C400&ssl=1 2x, https:\/\/i0.wp.com\/media.vaticannews.va\/media\/content\/dam-archive\/vaticannews\/agenzie\/images\/ansa\/2020\/03\/25\/14\/1585144671614.jpg\/_jcr_content\/renditions\/cq5dam.thumbnail.cropped.1500.844.jpeg?resize=1050%2C600&ssl=1 3x, https:\/\/i0.wp.com\/media.vaticannews.va\/media\/content\/dam-archive\/vaticannews\/agenzie\/images\/ansa\/2020\/03\/25\/14\/1585144671614.jpg\/_jcr_content\/renditions\/cq5dam.thumbnail.cropped.1500.844.jpeg?resize=1400%2C800&ssl=1 4x"},"classes":[]},{"id":46023,"url":"https:\/\/evk-hornbach.de\/?p=46023","url_meta":{"origin":54460,"position":3},"title":"Bericht vom Treffen der &#8222;Philosophenrunde&#8220; am 22.12.22","author":"Christian G\u00fcnther","date":"24. Dezember 2022","format":false,"excerpt":"Am vergangenen Donnerstag traf sich - mit krankheitsbedingter, einw\u00f6chiger Versp\u00e4tung - die von Dr. Bonitz mit dem Arbeitsnamen \"Philosophenrunde\" betitelte siebenk\u00f6pfige Gruppe, die bei selbst festgelegten Themen tiefer sch\u00fcrfen m\u00f6chte. An diesem Abend stellte Christian G\u00fcnther Teile des vor wenigen Jahren erschienenen Sachbuches Das Tagebuch der Menschheit vor, bei dem\u2026","rel":"","context":"In &quot;R\u00fcckblick&quot;","block_context":{"text":"R\u00fcckblick","link":"https:\/\/evk-hornbach.de\/?cat=74"},"img":{"alt_text":"","src":"","width":0,"height":0},"classes":[]},{"id":53117,"url":"https:\/\/evk-hornbach.de\/?p=53117","url_meta":{"origin":54460,"position":4},"title":"Information zur Fusion der Kirchgengemeinden zur Kirchengemeinde Hornbachtal","author":"Christian G\u00fcnther","date":"16. August 2025","format":false,"excerpt":"Liebe Gemeindemitglieder der Kirchengemeinden Althornbach und Hornbach-Brenschelbach, am 7. August 2025 haben die beiden Presbyterien unserer Kirchengemeinden jeweils einstimmig beschlossen ab dem 1. Januar 2026 zur Kirchengemeinde Hornbachtal zu fusionieren. Dies ist ein konsequenter Schritt im Rahmen einer schon seit vielen Jahren bestens funktionierenden Zusammenarbeit, die k\u00fcnftig weiter ausgebaut werden\u2026","rel":"","context":"In &quot;Aktuell&quot;","block_context":{"text":"Aktuell","link":"https:\/\/evk-hornbach.de\/?cat=379"},"img":{"alt_text":"","src":"https:\/\/i0.wp.com\/evk-hornbach.de\/wp-content\/uploads\/2025\/08\/prot-kgde-hornbachtal.png?resize=350%2C200&ssl=1","width":350,"height":200,"srcset":"https:\/\/i0.wp.com\/evk-hornbach.de\/wp-content\/uploads\/2025\/08\/prot-kgde-hornbachtal.png?resize=350%2C200&ssl=1 1x, https:\/\/i0.wp.com\/evk-hornbach.de\/wp-content\/uploads\/2025\/08\/prot-kgde-hornbachtal.png?resize=525%2C300&ssl=1 1.5x, https:\/\/i0.wp.com\/evk-hornbach.de\/wp-content\/uploads\/2025\/08\/prot-kgde-hornbachtal.png?resize=700%2C400&ssl=1 2x, https:\/\/i0.wp.com\/evk-hornbach.de\/wp-content\/uploads\/2025\/08\/prot-kgde-hornbachtal.png?resize=1050%2C600&ssl=1 3x"},"classes":[]}],"jetpack_sharing_enabled":true,"publishpress_future_action":{"enabled":false,"date":"2026-05-06 10:39:21","action":"change-status","newStatus":"draft","terms":[],"taxonomy":"category","extraData":[]},"publishpress_future_workflow_manual_trigger":{"enabledWorkflows":[]},"_links":{"self":[{"href":"https:\/\/evk-hornbach.de\/index.php?rest_route=\/wp\/v2\/posts\/54460","targetHints":{"allow":["GET"]}}],"collection":[{"href":"https:\/\/evk-hornbach.de\/index.php?rest_route=\/wp\/v2\/posts"}],"about":[{"href":"https:\/\/evk-hornbach.de\/index.php?rest_route=\/wp\/v2\/types\/post"}],"author":[{"embeddable":true,"href":"https:\/\/evk-hornbach.de\/index.php?rest_route=\/wp\/v2\/users\/2"}],"replies":[{"embeddable":true,"href":"https:\/\/evk-hornbach.de\/index.php?rest_route=%2Fwp%2Fv2%2Fcomments&post=54460"}],"version-history":[{"count":2,"href":"https:\/\/evk-hornbach.de\/index.php?rest_route=\/wp\/v2\/posts\/54460\/revisions"}],"predecessor-version":[{"id":54465,"href":"https:\/\/evk-hornbach.de\/index.php?rest_route=\/wp\/v2\/posts\/54460\/revisions\/54465"}],"wp:featuredmedia":[{"embeddable":true,"href":"https:\/\/evk-hornbach.de\/index.php?rest_route=\/wp\/v2\/media\/46024"}],"wp:attachment":[{"href":"https:\/\/evk-hornbach.de\/index.php?rest_route=%2Fwp%2Fv2%2Fmedia&parent=54460"}],"wp:term":[{"taxonomy":"category","embeddable":true,"href":"https:\/\/evk-hornbach.de\/index.php?rest_route=%2Fwp%2Fv2%2Fcategories&post=54460"},{"taxonomy":"post_tag","embeddable":true,"href":"https:\/\/evk-hornbach.de\/index.php?rest_route=%2Fwp%2Fv2%2Ftags&post=54460"},{"taxonomy":"series","embeddable":true,"href":"https:\/\/evk-hornbach.de\/index.php?rest_route=%2Fwp%2Fv2%2Fseries&post=54460"}],"curies":[{"name":"wp","href":"https:\/\/api.w.org\/{rel}","templated":true}]}}