{"id":52340,"date":"2025-04-04T12:34:45","date_gmt":"2025-04-04T10:34:45","guid":{"rendered":"https:\/\/evk-hornbach.de\/?p=52340"},"modified":"2025-04-08T15:13:09","modified_gmt":"2025-04-08T13:13:09","slug":"oliver-kern-spielt-alle-beethoven-sonaten-teil-vi","status":"publish","type":"post","link":"https:\/\/evk-hornbach.de\/?p=52340","title":{"rendered":"Oliver Kern spielt alle Beethoven-Sonaten &#8211; Teil VII"},"content":{"rendered":"\n<div class=\"wp-block-uagb-image uagb-block-d2b1a43d wp-block-uagb-image--layout-default wp-block-uagb-image--effect-static wp-block-uagb-image--align-none\"><figure class=\"wp-block-uagb-image__figure\"><img decoding=\"async\" srcset=\"https:\/\/evk-hornbach.de\/wp-content\/uploads\/2017\/12\/OliverBeethoven110425-1930.jpg ,https:\/\/evk-hornbach.de\/wp-content\/uploads\/2017\/12\/OliverBeethoven110425-1930.jpg 780w, https:\/\/evk-hornbach.de\/wp-content\/uploads\/2017\/12\/OliverBeethoven110425-1930.jpg 360w\" sizes=\"auto, (max-width: 480px) 150px\" src=\"https:\/\/evk-hornbach.de\/wp-content\/uploads\/2017\/12\/OliverBeethoven110425-1930.jpg\" alt=\"\" class=\"uag-image-52339\" width=\"7016\" height=\"9933\" title=\"OliverBeethoven110425-1930\" loading=\"lazy\" role=\"img\"\/><\/figure><\/div>\n\n\n\n<ul>\n<li>Eintrittspreis f\u00fcr das Konzert: 23 \u20ac<\/li>\n<li>f\u00fcr Mitglieder der Mozartgesellschaft: 16\u20ac<\/li>\n<li>Erm\u00e4\u00dfigt: 12 \u20ac<\/li>\n<\/ul>\n","protected":false},"excerpt":{"rendered":"<p>Eintrittspreis f\u00fcr das Konzert: 23 \u20ac f\u00fcr Mitglieder der Mozartgesellschaft: 16\u20ac Erm\u00e4\u00dfigt: 12 \u20ac<\/p>\n","protected":false},"author":2,"featured_media":52343,"comment_status":"open","ping_status":"open","sticky":true,"template":"","format":"standard","meta":{"_uag_custom_page_level_css":"","advgb_blocks_editor_width":"","advgb_blocks_columns_visual_guide":"","episode_type":"audio","audio_file":"","podmotor_file_id":"","podmotor_episode_id":"","cover_image":"","cover_image_id":"","duration":"","filesize":"","filesize_raw":"","date_recorded":"","explicit":"","block":"","cybocfi_hide_featured_image":"","_jetpack_memberships_contains_paid_content":false,"footnotes":""},"categories":[379,59,252,253],"tags":[391,393,376,386,251,392],"series":[],"class_list":["post-52340","post","type-post","status-publish","format-standard","has-post-thumbnail","hentry","category-aktuell","category-event","category-konzert","category-konzert-event","tag-beethoven","tag-klavierkonzert","tag-konzert","tag-mozart-gesellschaft","tag-oliver-kern","tag-sonaten","entry"],"episode_featured_image":"https:\/\/evk-hornbach.de\/wp-content\/uploads\/2025\/04\/2025-04-06-21.52.02-evk-hornbach.de-56d784ceeba9.png","episode_player_image":"https:\/\/evk-hornbach.de\/wp-content\/uploads\/2017\/12\/losungandacht2026logov3.png","download_link":"","player_link":"","audio_player":false,"episode_data":{"playerMode":"dark","subscribeUrls":{"amazon":{"key":"amazon","url":"https:\/\/music.amazon.com\/podcasts\/46f9b0a9-b2db-4d5c-b947-5f5e4228a8e4\/losungsandachten-2022","label":"Amazon","class":"amazon","icon":"amazon.png"},"apple_podcasts":{"key":"apple_podcasts","url":"https:\/\/podcasts.apple.com\/de\/podcast\/losungsandachten-2022\/id1629150905","label":"Apple Podcasts","class":"apple_podcasts","icon":"apple-podcasts.png"},"deezer":{"key":"deezer","url":"","label":"Deezer","class":"deezer","icon":"deezer.png"},"podcast_de":{"key":"podcast_de","url":"","label":"Podcast.de","class":"podcast_de","icon":"podcast-de.png"},"rss":{"key":"rss","url":"https:\/\/evk-hornbach.de\/?cat=294&feed=rss2","label":"RSS","class":"rss","icon":"rss.png"},"rssradio":{"key":"rssradio","url":"","label":"RSSRadio","class":"rssradio","icon":"rssradio.png"},"spotify":{"key":"spotify","url":"https:\/\/open.spotify.com\/show\/5kJEFM4ESjFH2n1nivrIfi","label":"Spotify","class":"spotify","icon":"spotify.png"},"tunein":{"key":"tunein","url":"","label":"TuneIn","class":"tunein","icon":"tunein.png"},"fyyd_de":{"key":"fyyd_de","url":"https:\/\/fyyd.de\/podcast\/losungsandachten-2022\/0","label":"fyyd.de","class":"fyyd_de","icon":"fyyd-de.png"}},"rssFeedUrl":"https:\/\/evk-hornbach.de\/?feed=podcast&podcast_series=losungsandachten","embedCode":"<blockquote class=\"wp-embedded-content\" data-secret=\"OEsDsfYznc\"><a href=\"https:\/\/evk-hornbach.de\/?p=52340\">Oliver Kern spielt alle Beethoven-Sonaten &#8211; Teil VII<\/a><\/blockquote><iframe sandbox=\"allow-scripts\" security=\"restricted\" src=\"https:\/\/evk-hornbach.de\/?p=52340&#038;embed=true#?secret=OEsDsfYznc\" width=\"500\" height=\"350\" title=\"&#8222;Oliver Kern spielt alle Beethoven-Sonaten &#8211; Teil VII&#8220; &#8211; Prot. Kirchengemeinde Hornbachtal mit der prot. Kirchengemeinde Rimschweiler\" data-secret=\"OEsDsfYznc\" frameborder=\"0\" marginwidth=\"0\" marginheight=\"0\" scrolling=\"no\" class=\"wp-embedded-content\"><\/iframe><script>\n\/*! This file is auto-generated *\/\n!function(d,l){\"use strict\";l.querySelector&&d.addEventListener&&\"undefined\"!=typeof URL&&(d.wp=d.wp||{},d.wp.receiveEmbedMessage||(d.wp.receiveEmbedMessage=function(e){var t=e.data;if((t||t.secret||t.message||t.value)&&!\/[^a-zA-Z0-9]\/.test(t.secret)){for(var s,r,n,a=l.querySelectorAll('iframe[data-secret=\"'+t.secret+'\"]'),o=l.querySelectorAll('blockquote[data-secret=\"'+t.secret+'\"]'),c=new RegExp(\"^https?:$\",\"i\"),i=0;i<o.length;i++)o[i].style.display=\"none\";for(i=0;i<a.length;i++)s=a[i],e.source===s.contentWindow&&(s.removeAttribute(\"style\"),\"height\"===t.message?(1e3<(r=parseInt(t.value,10))?r=1e3:~~r<200&&(r=200),s.height=r):\"link\"===t.message&&(r=new URL(s.getAttribute(\"src\")),n=new URL(t.value),c.test(n.protocol))&&n.host===r.host&&l.activeElement===s&&(d.top.location.href=t.value))}},d.addEventListener(\"message\",d.wp.receiveEmbedMessage,!1),l.addEventListener(\"DOMContentLoaded\",function(){for(var e,t,s=l.querySelectorAll(\"iframe.wp-embedded-content\"),r=0;r<s.length;r++)(t=(e=s[r]).getAttribute(\"data-secret\"))||(t=Math.random().toString(36).substring(2,12),e.src+=\"#?secret=\"+t,e.setAttribute(\"data-secret\",t)),e.contentWindow.postMessage({message:\"ready\",secret:t},\"*\")},!1)))}(window,document);\n\/\/# sourceURL=https:\/\/evk-hornbach.de\/wp-includes\/js\/wp-embed.min.js\n<\/script>\n"},"author_meta":{"display_name":"Christian G\u00fcnther","author_link":"https:\/\/evk-hornbach.de\/?author=2"},"featured_img":"https:\/\/evk-hornbach.de\/wp-content\/uploads\/2025\/04\/2025-04-06-21.52.02-evk-hornbach.de-56d784ceeba9-300x291.png","jetpack_featured_media_url":"https:\/\/evk-hornbach.de\/wp-content\/uploads\/2025\/04\/2025-04-06-21.52.02-evk-hornbach.de-56d784ceeba9.png","uagb_featured_image_src":{"full":["https:\/\/evk-hornbach.de\/wp-content\/uploads\/2025\/04\/2025-04-06-21.52.02-evk-hornbach.de-56d784ceeba9.png",455,441,false],"thumbnail":["https:\/\/evk-hornbach.de\/wp-content\/uploads\/2025\/04\/2025-04-06-21.52.02-evk-hornbach.de-56d784ceeba9-150x150.png",150,150,true],"medium":["https:\/\/evk-hornbach.de\/wp-content\/uploads\/2025\/04\/2025-04-06-21.52.02-evk-hornbach.de-56d784ceeba9-300x291.png",300,291,true],"medium_large":["https:\/\/evk-hornbach.de\/wp-content\/uploads\/2025\/04\/2025-04-06-21.52.02-evk-hornbach.de-56d784ceeba9.png",455,441,false],"large":["https:\/\/evk-hornbach.de\/wp-content\/uploads\/2025\/04\/2025-04-06-21.52.02-evk-hornbach.de-56d784ceeba9.png",455,441,false],"ug_big":["https:\/\/evk-hornbach.de\/wp-content\/uploads\/2025\/04\/2025-04-06-21.52.02-evk-hornbach.de-56d784ceeba9.png",455,441,false],"1536x1536":["https:\/\/evk-hornbach.de\/wp-content\/uploads\/2025\/04\/2025-04-06-21.52.02-evk-hornbach.de-56d784ceeba9.png",455,441,false],"2048x2048":["https:\/\/evk-hornbach.de\/wp-content\/uploads\/2025\/04\/2025-04-06-21.52.02-evk-hornbach.de-56d784ceeba9.png",455,441,false],"post-thumbnail":["https:\/\/evk-hornbach.de\/wp-content\/uploads\/2025\/04\/2025-04-06-21.52.02-evk-hornbach.de-56d784ceeba9.png",455,441,false]},"uagb_author_info":{"display_name":"Christian G\u00fcnther","author_link":"https:\/\/evk-hornbach.de\/?author=2"},"uagb_comment_info":0,"uagb_excerpt":"Eintrittspreis f\u00fcr das Konzert: 23 \u20ac f\u00fcr Mitglieder der Mozartgesellschaft: 16\u20ac Erm\u00e4\u00dfigt: 12 \u20ac","coauthors":[],"tax_additional":{"categories":{"linked":["<a href=\"https:\/\/evk-hornbach.de\/?cat=379\" class=\"advgb-post-tax-term\">Aktuell<\/a>","<a href=\"https:\/\/evk-hornbach.de\/?cat=59\" class=\"advgb-post-tax-term\">Event<\/a>","<a href=\"https:\/\/evk-hornbach.de\/?cat=252\" class=\"advgb-post-tax-term\">Konzert<\/a>","<a href=\"https:\/\/evk-hornbach.de\/?cat=253\" class=\"advgb-post-tax-term\">Konzert2<\/a>"],"unlinked":["<span class=\"advgb-post-tax-term\">Aktuell<\/span>","<span class=\"advgb-post-tax-term\">Event<\/span>","<span class=\"advgb-post-tax-term\">Konzert<\/span>","<span class=\"advgb-post-tax-term\">Konzert2<\/span>"]},"tags":{"linked":["<a href=\"https:\/\/evk-hornbach.de\/?cat=253\" class=\"advgb-post-tax-term\">Beethoven<\/a>","<a href=\"https:\/\/evk-hornbach.de\/?cat=253\" class=\"advgb-post-tax-term\">Klavierkonzert<\/a>","<a href=\"https:\/\/evk-hornbach.de\/?cat=253\" class=\"advgb-post-tax-term\">Konzert<\/a>","<a href=\"https:\/\/evk-hornbach.de\/?cat=253\" class=\"advgb-post-tax-term\">Mozart-Gesellschaft<\/a>","<a href=\"https:\/\/evk-hornbach.de\/?cat=253\" class=\"advgb-post-tax-term\">Oliver Kern<\/a>","<a href=\"https:\/\/evk-hornbach.de\/?cat=253\" class=\"advgb-post-tax-term\">Sonaten<\/a>"],"unlinked":["<span class=\"advgb-post-tax-term\">Beethoven<\/span>","<span class=\"advgb-post-tax-term\">Klavierkonzert<\/span>","<span class=\"advgb-post-tax-term\">Konzert<\/span>","<span class=\"advgb-post-tax-term\">Mozart-Gesellschaft<\/span>","<span class=\"advgb-post-tax-term\">Oliver Kern<\/span>","<span class=\"advgb-post-tax-term\">Sonaten<\/span>"]}},"comment_count":"0","relative_dates":{"created":"Ver\u00f6ffentlicht 1\u00a0Jahr vor","modified":"Aktualisiert 1\u00a0Jahr vor"},"absolute_dates":{"created":"Ver\u00f6ffentlicht am 4. April 2025","modified":"Aktualisiert am 8. April 2025"},"absolute_dates_time":{"created":"Ver\u00f6ffentlicht am 4. April 2025 12:34","modified":"Aktualisiert am 8. April 2025 15:13"},"featured_img_caption":"","series_order":"","jetpack-related-posts":[{"id":51916,"url":"https:\/\/evk-hornbach.de\/?p=51916","url_meta":{"origin":52340,"position":0},"title":"Oliver Kern spielt alle Beethoven-Sonaten","author":"Christian G\u00fcnther","date":"5. Februar 2025","format":false,"excerpt":"","rel":"","context":"In &quot;Aktuell&quot;","block_context":{"text":"Aktuell","link":"https:\/\/evk-hornbach.de\/?cat=379"},"img":{"alt_text":"","src":"https:\/\/i0.wp.com\/evk-hornbach.de\/wp-content\/uploads\/2017\/12\/A1-Mozartgesellschaft-Hornbach640.jpg?resize=350%2C200&ssl=1","width":350,"height":200,"srcset":"https:\/\/i0.wp.com\/evk-hornbach.de\/wp-content\/uploads\/2017\/12\/A1-Mozartgesellschaft-Hornbach640.jpg?resize=350%2C200&ssl=1 1x, https:\/\/i0.wp.com\/evk-hornbach.de\/wp-content\/uploads\/2017\/12\/A1-Mozartgesellschaft-Hornbach640.jpg?resize=525%2C300&ssl=1 1.5x"},"classes":[]},{"id":52276,"url":"https:\/\/evk-hornbach.de\/?p=52276","url_meta":{"origin":52340,"position":1},"title":"Oliver Kern spielt alle Beethoven-Sonaten &#8211; Teil IV","author":"Christian G\u00fcnther","date":"26. M\u00e4rz 2025","format":false,"excerpt":"Eintrittspreis f\u00fcr das Konzert: 23 \u20ac f\u00fcr Mitglieder der Mozartgesellschaft: 16\u20ac Erm\u00e4\u00dfigt: 12 \u20ac","rel":"","context":"In &quot;Aktuell&quot;","block_context":{"text":"Aktuell","link":"https:\/\/evk-hornbach.de\/?cat=379"},"img":{"alt_text":"","src":"https:\/\/i0.wp.com\/evk-hornbach.de\/wp-content\/uploads\/2017\/12\/OKernBeethoven-Hornbach280325.jpg?resize=350%2C200&ssl=1","width":350,"height":200,"srcset":"https:\/\/i0.wp.com\/evk-hornbach.de\/wp-content\/uploads\/2017\/12\/OKernBeethoven-Hornbach280325.jpg?resize=350%2C200&ssl=1 1x, https:\/\/i0.wp.com\/evk-hornbach.de\/wp-content\/uploads\/2017\/12\/OKernBeethoven-Hornbach280325.jpg?resize=525%2C300&ssl=1 1.5x, https:\/\/i0.wp.com\/evk-hornbach.de\/wp-content\/uploads\/2017\/12\/OKernBeethoven-Hornbach280325.jpg?resize=700%2C400&ssl=1 2x, https:\/\/i0.wp.com\/evk-hornbach.de\/wp-content\/uploads\/2017\/12\/OKernBeethoven-Hornbach280325.jpg?resize=1050%2C600&ssl=1 3x, https:\/\/i0.wp.com\/evk-hornbach.de\/wp-content\/uploads\/2017\/12\/OKernBeethoven-Hornbach280325.jpg?resize=1400%2C800&ssl=1 4x"},"classes":[]},{"id":52337,"url":"https:\/\/evk-hornbach.de\/?p=52337","url_meta":{"origin":52340,"position":2},"title":"Oliver Kern spielt alle Beethoven-Sonaten &#8211; Teil VIII \/ Finale","author":"Christian G\u00fcnther","date":"4. April 2025","format":false,"excerpt":"Festhalle Pirmasens, Sonntag, 13.4., 18 Uhr Eintrittspreis f\u00fcr das Konzert: 23 \u20ac f\u00fcr Mitglieder der Mozartgesellschaft: 16\u20ac Erm\u00e4\u00dfigt: 12 \u20ac","rel":"","context":"In &quot;Aktuell&quot;","block_context":{"text":"Aktuell","link":"https:\/\/evk-hornbach.de\/?cat=379"},"img":{"alt_text":"","src":"https:\/\/i0.wp.com\/evk-hornbach.de\/wp-content\/uploads\/2017\/12\/OliverBeethovenPS120425.jpg?resize=350%2C200&ssl=1","width":350,"height":200,"srcset":"https:\/\/i0.wp.com\/evk-hornbach.de\/wp-content\/uploads\/2017\/12\/OliverBeethovenPS120425.jpg?resize=350%2C200&ssl=1 1x, https:\/\/i0.wp.com\/evk-hornbach.de\/wp-content\/uploads\/2017\/12\/OliverBeethovenPS120425.jpg?resize=525%2C300&ssl=1 1.5x, https:\/\/i0.wp.com\/evk-hornbach.de\/wp-content\/uploads\/2017\/12\/OliverBeethovenPS120425.jpg?resize=700%2C400&ssl=1 2x, https:\/\/i0.wp.com\/evk-hornbach.de\/wp-content\/uploads\/2017\/12\/OliverBeethovenPS120425.jpg?resize=1050%2C600&ssl=1 3x, https:\/\/i0.wp.com\/evk-hornbach.de\/wp-content\/uploads\/2017\/12\/OliverBeethovenPS120425.jpg?resize=1400%2C800&ssl=1 4x"},"classes":[]},{"id":46614,"url":"https:\/\/evk-hornbach.de\/?p=46614","url_meta":{"origin":52340,"position":3},"title":"34. Benefizkonzert am 31.3.2023","author":"Christian G\u00fcnther","date":"18. M\u00e4rz 2023","format":false,"excerpt":"in der Klosterkirche Hornbach, 19 Uhr Der Januskopf Beethoven mit Oliver Kern am Fl\u00fcgel \u00a0 [ujicountdown id=\"countdown\" expire=\"2023\/03\/31 19:00\" hide=\"true\" rectype=\"second\"]","rel":"","context":"In &quot;Konzert&quot;","block_context":{"text":"Konzert","link":"https:\/\/evk-hornbach.de\/?cat=252"},"img":{"alt_text":"Fl\u00fcgel, Klavier, Fluegel","src":"https:\/\/i0.wp.com\/evk-hornbach.de\/wp-content\/uploads\/2019\/03\/Konzertreihe-Seel-Kern-mit-Anmerkungen.png?resize=350%2C200&ssl=1","width":350,"height":200},"classes":[]},{"id":41794,"url":"https:\/\/evk-hornbach.de\/?p=41794","url_meta":{"origin":52340,"position":4},"title":"16. Benefizkonzert  in der Klosterkirche &#8211; Freitag, 18. Juni \u2013 19 Uhr\u00a0","author":"Christian G\u00fcnther","date":"15. Juni 2021","format":false,"excerpt":"[ujicountdown id=\"bigdate\" expire=\"2021\/06\/18 19:00\" hide=\"true\" url=\"\" subscr=\"undefined\" recurring=\"\" rectype=\"second\" repeats=\"\"] Klicken Sie auf das untere Bild, wenn Sie den Gottesdienst direkt auf YouTube ansehen wollen. Die Wiedergabe startet genau zum Konzertbeginn. Oliver Kern spielt Werke von Ludwig van Beethoven, Fr\u00e9d\u00e9ric Chopin, Franz Liszt, Sergej Rachmaninoff und Robert Schumann. Veranstalter: Protestantische\u2026","rel":"","context":"In &quot;Event&quot;","block_context":{"text":"Event","link":"https:\/\/evk-hornbach.de\/?cat=59"},"img":{"alt_text":"","src":"https:\/\/i0.wp.com\/evk-hornbach.de\/wp-content\/uploads\/2021\/06\/thumbnail_18062021mpb_ben-1024x576.png?resize=350%2C200&ssl=1","width":350,"height":200,"srcset":"https:\/\/i0.wp.com\/evk-hornbach.de\/wp-content\/uploads\/2021\/06\/thumbnail_18062021mpb_ben-1024x576.png?resize=350%2C200&ssl=1 1x, https:\/\/i0.wp.com\/evk-hornbach.de\/wp-content\/uploads\/2021\/06\/thumbnail_18062021mpb_ben-1024x576.png?resize=525%2C300&ssl=1 1.5x, https:\/\/i0.wp.com\/evk-hornbach.de\/wp-content\/uploads\/2021\/06\/thumbnail_18062021mpb_ben-1024x576.png?resize=700%2C400&ssl=1 2x"},"classes":[]},{"id":3599,"url":"https:\/\/evk-hornbach.de\/?p=3599","url_meta":{"origin":52340,"position":5},"title":"Benefizkonzerte f\u00fcr den neuen Fl\u00fcgel in der Klosterkirche zu Hornbach","author":"Patrick Gauter","date":"1. M\u00e4rz 2019","format":false,"excerpt":"Im Februar hat die Gemeinde Hornbach-Brenschelbach sich dazu entschlossen, einen Fl\u00fcgel der Firma Boston anzuschaffen, ein ausgezeichnetes Instrument mittlerer Preisklasse, das k\u00fcnftig f\u00fcr Gottesdienste und Konzerte gleicherma\u00dfen genutzt werden soll. Um Ihnen dieses Instrument vorzustellen (und das Geld f\u00fcr den Fl\u00fcgel wieder einzuspielen), haben wir ein Programm mit Benefizkonzerten zusammengestellt,\u2026","rel":"","context":"In \"Benefiz\"","block_context":{"text":"Benefiz","link":"https:\/\/evk-hornbach.de\/?tag=benefiz"},"img":{"alt_text":"Fl\u00fcgel, Klavier, Fluegel","src":"https:\/\/i0.wp.com\/evk-hornbach.de\/wp-content\/uploads\/2019\/03\/Konzertreihe-Seel-Kern-mit-Anmerkungen.png?resize=350%2C200&ssl=1","width":350,"height":200,"srcset":"https:\/\/i0.wp.com\/evk-hornbach.de\/wp-content\/uploads\/2019\/03\/Konzertreihe-Seel-Kern-mit-Anmerkungen.png?resize=350%2C200&ssl=1 1x, https:\/\/i0.wp.com\/evk-hornbach.de\/wp-content\/uploads\/2019\/03\/Konzertreihe-Seel-Kern-mit-Anmerkungen.png?resize=525%2C300&ssl=1 1.5x"},"classes":[]}],"jetpack_sharing_enabled":true,"publishpress_future_action":{"enabled":false,"date":"2026-05-05 02:16:46","action":"change-status","newStatus":"draft","terms":[],"taxonomy":"category","extraData":[]},"publishpress_future_workflow_manual_trigger":{"enabledWorkflows":[]},"_links":{"self":[{"href":"https:\/\/evk-hornbach.de\/index.php?rest_route=\/wp\/v2\/posts\/52340","targetHints":{"allow":["GET"]}}],"collection":[{"href":"https:\/\/evk-hornbach.de\/index.php?rest_route=\/wp\/v2\/posts"}],"about":[{"href":"https:\/\/evk-hornbach.de\/index.php?rest_route=\/wp\/v2\/types\/post"}],"author":[{"embeddable":true,"href":"https:\/\/evk-hornbach.de\/index.php?rest_route=\/wp\/v2\/users\/2"}],"replies":[{"embeddable":true,"href":"https:\/\/evk-hornbach.de\/index.php?rest_route=%2Fwp%2Fv2%2Fcomments&post=52340"}],"version-history":[{"count":2,"href":"https:\/\/evk-hornbach.de\/index.php?rest_route=\/wp\/v2\/posts\/52340\/revisions"}],"predecessor-version":[{"id":52353,"href":"https:\/\/evk-hornbach.de\/index.php?rest_route=\/wp\/v2\/posts\/52340\/revisions\/52353"}],"wp:featuredmedia":[{"embeddable":true,"href":"https:\/\/evk-hornbach.de\/index.php?rest_route=\/wp\/v2\/media\/52343"}],"wp:attachment":[{"href":"https:\/\/evk-hornbach.de\/index.php?rest_route=%2Fwp%2Fv2%2Fmedia&parent=52340"}],"wp:term":[{"taxonomy":"category","embeddable":true,"href":"https:\/\/evk-hornbach.de\/index.php?rest_route=%2Fwp%2Fv2%2Fcategories&post=52340"},{"taxonomy":"post_tag","embeddable":true,"href":"https:\/\/evk-hornbach.de\/index.php?rest_route=%2Fwp%2Fv2%2Ftags&post=52340"},{"taxonomy":"series","embeddable":true,"href":"https:\/\/evk-hornbach.de\/index.php?rest_route=%2Fwp%2Fv2%2Fseries&post=52340"}],"curies":[{"name":"wp","href":"https:\/\/api.w.org\/{rel}","templated":true}]}}