{"id":51939,"date":"2025-02-07T10:08:27","date_gmt":"2025-02-07T09:08:27","guid":{"rendered":"https:\/\/evk-hornbach.de\/?p=51939"},"modified":"2025-02-07T10:09:34","modified_gmt":"2025-02-07T09:09:34","slug":"sommerfreizeit-2025-der-evangelischen-jugend-hornbach-in-daenemark","status":"publish","type":"post","link":"https:\/\/evk-hornbach.de\/?p=51939","title":{"rendered":"Sommerfreizeit 2025 der evangelischen Jugend Hornbach in D\u00e4nemark"},"content":{"rendered":"<h2 style=\"text-align: center;\"><span style=\"font-size: 24pt; font-family: helvetica, arial, sans-serif; color: #ff0000;\">Vom 24.07. bis 05.08.2024<\/span><\/h2>\n<h2 style=\"text-align: center;\"><span style=\"font-size: 24pt; font-family: helvetica, arial, sans-serif; color: #ff0000;\">F\u00fcr Jugendliche von 13 bis 17 Jahren<\/span><\/h2>\n<h2 style=\"text-align: center;\"><span style=\"font-size: 24pt; font-family: helvetica, arial, sans-serif; color: #ff0000;\">nur 679,- \u20ac<\/span><a href=\"http:\/\/anmeldung.evj-hornbach.de\"><img loading=\"lazy\" decoding=\"async\" class=\"aligncenter wp-image-46571 size-medium\" src=\"https:\/\/evk-hornbach.de\/wp-content\/uploads\/2023\/03\/klickmichanmeldung-300x112.png\" alt=\"\" width=\"300\" height=\"112\" srcset=\"https:\/\/evk-hornbach.de\/wp-content\/uploads\/2023\/03\/klickmichanmeldung-300x112.png 300w, https:\/\/evk-hornbach.de\/wp-content\/uploads\/2023\/03\/klickmichanmeldung.png 640w\" sizes=\"auto, (max-width: 300px) 100vw, 300px\" \/><\/a><a href=\"https:\/\/www.donellgruppenreisen.de\/reiseziele\/bornholms-efterskole--21201654\/\"><img loading=\"lazy\" decoding=\"async\" class=\"aligncenter wp-image-46572 size-medium\" src=\"https:\/\/evk-hornbach.de\/wp-content\/uploads\/2023\/03\/klickmichinfoshaus-300x112.png\" alt=\"\" width=\"300\" height=\"112\" srcset=\"https:\/\/evk-hornbach.de\/wp-content\/uploads\/2023\/03\/klickmichinfoshaus-300x112.png 300w, https:\/\/evk-hornbach.de\/wp-content\/uploads\/2023\/03\/klickmichinfoshaus.png 640w\" sizes=\"auto, (max-width: 300px) 100vw, 300px\" \/><\/a><\/h2>\n<p><img loading=\"lazy\" decoding=\"async\" class=\"alignnone wp-image-51940 size-large\" src=\"https:\/\/evk-hornbach.de\/wp-content\/uploads\/2025\/02\/werbungv1-724x1024.png\" alt=\"\" width=\"724\" height=\"1024\" srcset=\"https:\/\/evk-hornbach.de\/wp-content\/uploads\/2025\/02\/werbungv1-724x1024.png 724w, https:\/\/evk-hornbach.de\/wp-content\/uploads\/2025\/02\/werbungv1-212x300.png 212w, https:\/\/evk-hornbach.de\/wp-content\/uploads\/2025\/02\/werbungv1-768x1086.png 768w, https:\/\/evk-hornbach.de\/wp-content\/uploads\/2025\/02\/werbungv1-543x768.png 543w, https:\/\/evk-hornbach.de\/wp-content\/uploads\/2025\/02\/werbungv1-1086x1536.png 1086w, https:\/\/evk-hornbach.de\/wp-content\/uploads\/2025\/02\/werbungv1-1448x2048.png 1448w, https:\/\/evk-hornbach.de\/wp-content\/uploads\/2025\/02\/werbungv1-1568x2218.png 1568w\" sizes=\"auto, (max-width: 724px) 100vw, 724px\" \/><\/p>\n","protected":false},"excerpt":{"rendered":"<p>Vom 24.07. bis 05.08.2024 F\u00fcr Jugendliche von 13 bis 17 Jahren nur 679,- \u20ac<\/p>\n","protected":false},"author":4,"featured_media":0,"comment_status":"open","ping_status":"open","sticky":true,"template":"","format":"standard","meta":{"_uag_custom_page_level_css":"","advgb_blocks_editor_width":"","advgb_blocks_columns_visual_guide":"","episode_type":"audio","audio_file":"","podmotor_file_id":"","podmotor_episode_id":"","cover_image":"","cover_image_id":"","duration":"","filesize":"","filesize_raw":"","date_recorded":"","explicit":"","block":"","cybocfi_hide_featured_image":"","_jetpack_memberships_contains_paid_content":false,"footnotes":""},"categories":[83,237],"tags":[],"series":[],"class_list":["post-51939","post","type-post","status-publish","format-standard","hentry","category-jugendarbeit","category-sommerfreizeit-jugendarbeit","entry"],"episode_featured_image":false,"episode_player_image":"https:\/\/evk-hornbach.de\/wp-content\/uploads\/2017\/12\/losungandacht2026logov3.png","download_link":"","player_link":"","audio_player":false,"episode_data":{"playerMode":"dark","subscribeUrls":{"amazon":{"key":"amazon","url":"https:\/\/music.amazon.com\/podcasts\/46f9b0a9-b2db-4d5c-b947-5f5e4228a8e4\/losungsandachten-2022","label":"Amazon","class":"amazon","icon":"amazon.png"},"apple_podcasts":{"key":"apple_podcasts","url":"https:\/\/podcasts.apple.com\/de\/podcast\/losungsandachten-2022\/id1629150905","label":"Apple Podcasts","class":"apple_podcasts","icon":"apple-podcasts.png"},"deezer":{"key":"deezer","url":"","label":"Deezer","class":"deezer","icon":"deezer.png"},"podcast_de":{"key":"podcast_de","url":"","label":"Podcast.de","class":"podcast_de","icon":"podcast-de.png"},"rss":{"key":"rss","url":"https:\/\/evk-hornbach.de\/?cat=294&feed=rss2","label":"RSS","class":"rss","icon":"rss.png"},"rssradio":{"key":"rssradio","url":"","label":"RSSRadio","class":"rssradio","icon":"rssradio.png"},"spotify":{"key":"spotify","url":"https:\/\/open.spotify.com\/show\/5kJEFM4ESjFH2n1nivrIfi","label":"Spotify","class":"spotify","icon":"spotify.png"},"tunein":{"key":"tunein","url":"","label":"TuneIn","class":"tunein","icon":"tunein.png"},"fyyd_de":{"key":"fyyd_de","url":"https:\/\/fyyd.de\/podcast\/losungsandachten-2022\/0","label":"fyyd.de","class":"fyyd_de","icon":"fyyd-de.png"}},"rssFeedUrl":"https:\/\/evk-hornbach.de\/?feed=podcast&podcast_series=losungsandachten","embedCode":"<blockquote class=\"wp-embedded-content\" data-secret=\"E2xV6AWkaG\"><a href=\"https:\/\/evk-hornbach.de\/?p=51939\">Sommerfreizeit 2025 der evangelischen Jugend Hornbach in D\u00e4nemark<\/a><\/blockquote><iframe sandbox=\"allow-scripts\" security=\"restricted\" src=\"https:\/\/evk-hornbach.de\/?p=51939&#038;embed=true#?secret=E2xV6AWkaG\" width=\"500\" height=\"350\" title=\"&#8222;Sommerfreizeit 2025 der evangelischen Jugend Hornbach in D\u00e4nemark&#8220; &#8211; Prot. Kirchengemeinde Hornbachtal mit der prot. Kirchengemeinde Rimschweiler\" data-secret=\"E2xV6AWkaG\" frameborder=\"0\" marginwidth=\"0\" marginheight=\"0\" scrolling=\"no\" class=\"wp-embedded-content\"><\/iframe><script>\n\/*! This file is auto-generated *\/\n!function(d,l){\"use strict\";l.querySelector&&d.addEventListener&&\"undefined\"!=typeof URL&&(d.wp=d.wp||{},d.wp.receiveEmbedMessage||(d.wp.receiveEmbedMessage=function(e){var t=e.data;if((t||t.secret||t.message||t.value)&&!\/[^a-zA-Z0-9]\/.test(t.secret)){for(var s,r,n,a=l.querySelectorAll('iframe[data-secret=\"'+t.secret+'\"]'),o=l.querySelectorAll('blockquote[data-secret=\"'+t.secret+'\"]'),c=new RegExp(\"^https?:$\",\"i\"),i=0;i<o.length;i++)o[i].style.display=\"none\";for(i=0;i<a.length;i++)s=a[i],e.source===s.contentWindow&&(s.removeAttribute(\"style\"),\"height\"===t.message?(1e3<(r=parseInt(t.value,10))?r=1e3:~~r<200&&(r=200),s.height=r):\"link\"===t.message&&(r=new URL(s.getAttribute(\"src\")),n=new URL(t.value),c.test(n.protocol))&&n.host===r.host&&l.activeElement===s&&(d.top.location.href=t.value))}},d.addEventListener(\"message\",d.wp.receiveEmbedMessage,!1),l.addEventListener(\"DOMContentLoaded\",function(){for(var e,t,s=l.querySelectorAll(\"iframe.wp-embedded-content\"),r=0;r<s.length;r++)(t=(e=s[r]).getAttribute(\"data-secret\"))||(t=Math.random().toString(36).substring(2,12),e.src+=\"#?secret=\"+t,e.setAttribute(\"data-secret\",t)),e.contentWindow.postMessage({message:\"ready\",secret:t},\"*\")},!1)))}(window,document);\n\/\/# sourceURL=https:\/\/evk-hornbach.de\/wp-includes\/js\/wp-embed.min.js\n<\/script>\n"},"author_meta":{"display_name":"Patrick Gauter","author_link":"https:\/\/evk-hornbach.de\/?author=4"},"featured_img":null,"jetpack_featured_media_url":"","uagb_featured_image_src":{"full":false,"thumbnail":false,"medium":false,"medium_large":false,"large":false,"ug_big":false,"1536x1536":false,"2048x2048":false,"post-thumbnail":false},"uagb_author_info":{"display_name":"Patrick Gauter","author_link":"https:\/\/evk-hornbach.de\/?author=4"},"uagb_comment_info":0,"uagb_excerpt":"Vom 24.07. bis 05.08.2024 F\u00fcr Jugendliche von 13 bis 17 Jahren nur 679,- \u20ac","coauthors":[],"tax_additional":{"categories":{"linked":["<a href=\"https:\/\/evk-hornbach.de\/?cat=83\" class=\"advgb-post-tax-term\">Jugendarbeit<\/a>","<a href=\"https:\/\/evk-hornbach.de\/?cat=237\" class=\"advgb-post-tax-term\">Sommerfreizeit<\/a>"],"unlinked":["<span class=\"advgb-post-tax-term\">Jugendarbeit<\/span>","<span class=\"advgb-post-tax-term\">Sommerfreizeit<\/span>"]}},"comment_count":"0","relative_dates":{"created":"Ver\u00f6ffentlicht 1\u00a0Jahr vor","modified":"Aktualisiert 1\u00a0Jahr vor"},"absolute_dates":{"created":"Ver\u00f6ffentlicht am 7. Februar 2025","modified":"Aktualisiert am 7. Februar 2025"},"absolute_dates_time":{"created":"Ver\u00f6ffentlicht am 7. Februar 2025 10:08","modified":"Aktualisiert am 7. Februar 2025 10:09"},"featured_img_caption":"","series_order":"","jetpack-related-posts":[{"id":49156,"url":"https:\/\/evk-hornbach.de\/?p=49156","url_meta":{"origin":51939,"position":0},"title":"Sommerfreizeit 2024 der evangelischen Jugend Hornbach in Norwegen","author":"Patrick Gauter","date":"27. Februar 2024","format":false,"excerpt":"Vom 29.07. bis 13.08.2024 F\u00fcr Jugendliche von 11 bis 17 Jahren nur 599,- \u20ac \u00a0","rel":"","context":"In &quot;Jugendarbeit&quot;","block_context":{"text":"Jugendarbeit","link":"https:\/\/evk-hornbach.de\/?cat=83"},"img":{"alt_text":"","src":"https:\/\/i0.wp.com\/evk-hornbach.de\/wp-content\/uploads\/2023\/03\/klickmichanmeldung-300x112.png?resize=350%2C200&ssl=1","width":350,"height":200},"classes":[]},{"id":43750,"url":"https:\/\/evk-hornbach.de\/?p=43750","url_meta":{"origin":51939,"position":1},"title":"Sommerfreizeit der Ev. Jugend Hornbach in Griechenland!","author":"Christian G\u00fcnther","date":"6. M\u00e4rz 2022","format":false,"excerpt":"Vom 19. August bis 3. September in Griechenland!","rel":"","context":"In &quot;Jugendarbeit&quot;","block_context":{"text":"Jugendarbeit","link":"https:\/\/evk-hornbach.de\/?cat=83"},"img":{"alt_text":"","src":"https:\/\/i0.wp.com\/evk-hornbach.de\/wp-content\/uploads\/2022\/03\/flyer_klickmich.png?resize=350%2C200&ssl=1","width":350,"height":200,"srcset":"https:\/\/i0.wp.com\/evk-hornbach.de\/wp-content\/uploads\/2022\/03\/flyer_klickmich.png?resize=350%2C200&ssl=1 1x, https:\/\/i0.wp.com\/evk-hornbach.de\/wp-content\/uploads\/2022\/03\/flyer_klickmich.png?resize=525%2C300&ssl=1 1.5x"},"classes":[]},{"id":51947,"url":"https:\/\/evk-hornbach.de\/?p=51947","url_meta":{"origin":51939,"position":2},"title":"Jugend-Sommerfreizeit Bornholm: Anmeldestart!","author":"Christian G\u00fcnther","date":"7. Februar 2025","format":false,"excerpt":"(Bildquelle: Joe Dyndale auf Flickr)\u00a0 Am 8. Februar um 10:36 Uhr beginnt die Anmeldephase f\u00fcr die diesj\u00e4hrige Sommerfreizeit, w\u00e4hrend derer es uns vom 24.7. bis zum 5.8. auf die d\u00e4nische Ostseeinsel Bornholm verschlagen wird. Ich empfehle eine z\u00fcgige Anmeldung, denn es ist zu erwarten, dass die Freizeit wegen der begrenzten\u2026","rel":"","context":"In &quot;Aktuell&quot;","block_context":{"text":"Aktuell","link":"https:\/\/evk-hornbach.de\/?cat=379"},"img":{"alt_text":"","src":"https:\/\/i0.wp.com\/evk-hornbach.de\/wp-content\/uploads\/2025\/02\/9428518266_4b75722a88_c.jpg?resize=350%2C200&ssl=1","width":350,"height":200,"srcset":"https:\/\/i0.wp.com\/evk-hornbach.de\/wp-content\/uploads\/2025\/02\/9428518266_4b75722a88_c.jpg?resize=350%2C200&ssl=1 1x, https:\/\/i0.wp.com\/evk-hornbach.de\/wp-content\/uploads\/2025\/02\/9428518266_4b75722a88_c.jpg?resize=525%2C300&ssl=1 1.5x, https:\/\/i0.wp.com\/evk-hornbach.de\/wp-content\/uploads\/2025\/02\/9428518266_4b75722a88_c.jpg?resize=700%2C400&ssl=1 2x"},"classes":[]},{"id":3584,"url":"https:\/\/evk-hornbach.de\/?p=3584","url_meta":{"origin":51939,"position":3},"title":"Sommerfreizeit 2019","author":"Patrick Gauter","date":"15. Februar 2019","format":false,"excerpt":"Dieses Jahr geht es ins Lacken House nach Irland. Prospekt Sommerfreizeit 2019Herunterladen","rel":"","context":"In &quot;Jugendarbeit&quot;","block_context":{"text":"Jugendarbeit","link":"https:\/\/evk-hornbach.de\/?cat=83"},"img":{"alt_text":"","src":"https:\/\/i0.wp.com\/evk-hornbach.de\/wp-content\/uploads\/2017\/12\/17f43bee0d5732f225e0660457c5d596-150x150.jpg?resize=350%2C200&ssl=1","width":350,"height":200,"srcset":"https:\/\/i0.wp.com\/evk-hornbach.de\/wp-content\/uploads\/2017\/12\/17f43bee0d5732f225e0660457c5d596-150x150.jpg?resize=350%2C200&ssl=1 1x, https:\/\/i0.wp.com\/evk-hornbach.de\/wp-content\/uploads\/2017\/12\/17f43bee0d5732f225e0660457c5d596-150x150.jpg?resize=525%2C300&ssl=1 1.5x, https:\/\/i0.wp.com\/evk-hornbach.de\/wp-content\/uploads\/2017\/12\/17f43bee0d5732f225e0660457c5d596-150x150.jpg?resize=700%2C400&ssl=1 2x"},"classes":[]},{"id":46609,"url":"https:\/\/evk-hornbach.de\/?p=46609","url_meta":{"origin":51939,"position":4},"title":"Sommerfreizeit der Ev. Jugend Hornbach in Norwegen!","author":"Christian G\u00fcnther","date":"18. M\u00e4rz 2023","format":false,"excerpt":"Freizeit ausgebucht! Warteliste ge\u00f6ffnet! Vom 06. August bis 20. August in Norwegen!","rel":"","context":"\u00c4hnlicher Beitrag","block_context":{"text":"\u00c4hnlicher Beitrag","link":""},"img":{"alt_text":"","src":"https:\/\/i0.wp.com\/evk-hornbach.de\/wp-content\/uploads\/2023\/03\/thumbnailJuFreiNorge23.png?resize=350%2C200&ssl=1","width":350,"height":200},"classes":[]},{"id":2539,"url":"https:\/\/evk-hornbach.de\/?p=2539","url_meta":{"origin":51939,"position":5},"title":"Ansprechpartner in den Sommerferien","author":"Christian G\u00fcnther","date":"15. Juni 2018","format":false,"excerpt":"In den Sommerferien unternimmt Pfr. Seel mit den Jugendlichen eine Sommerfreizeit nach D\u00e4nemark und geht danach in Urlaub. Die Kasualvertretung in dieser Zeit (f\u00fcr Notf\u00e4lle, Beerdigungen, Taufen, o.\u00e4.) \u00fcbernehmen: Vom 2. Juli bis 7. Juli: Diakonin i.R. Roswitha Kaufholz-Kerz Vom 8. Juli bis 5. August: Pfrn. Suse G\u00fcnther","rel":"","context":"In &quot;Neuigkeiten&quot;","block_context":{"text":"Neuigkeiten","link":"https:\/\/evk-hornbach.de\/?cat=34"},"img":{"alt_text":"","src":"https:\/\/i0.wp.com\/evk-hornbach.de\/wp-content\/uploads\/2017\/08\/beach-84533_640-e1503765762876.jpg?resize=350%2C200&ssl=1","width":350,"height":200},"classes":[]}],"jetpack_sharing_enabled":true,"publishpress_future_action":{"enabled":false,"date":"2026-05-04 22:21:12","action":"change-status","newStatus":"draft","terms":[],"taxonomy":"category","extraData":[]},"publishpress_future_workflow_manual_trigger":{"enabledWorkflows":[]},"_links":{"self":[{"href":"https:\/\/evk-hornbach.de\/index.php?rest_route=\/wp\/v2\/posts\/51939","targetHints":{"allow":["GET"]}}],"collection":[{"href":"https:\/\/evk-hornbach.de\/index.php?rest_route=\/wp\/v2\/posts"}],"about":[{"href":"https:\/\/evk-hornbach.de\/index.php?rest_route=\/wp\/v2\/types\/post"}],"author":[{"embeddable":true,"href":"https:\/\/evk-hornbach.de\/index.php?rest_route=\/wp\/v2\/users\/4"}],"replies":[{"embeddable":true,"href":"https:\/\/evk-hornbach.de\/index.php?rest_route=%2Fwp%2Fv2%2Fcomments&post=51939"}],"version-history":[{"count":2,"href":"https:\/\/evk-hornbach.de\/index.php?rest_route=\/wp\/v2\/posts\/51939\/revisions"}],"predecessor-version":[{"id":51942,"href":"https:\/\/evk-hornbach.de\/index.php?rest_route=\/wp\/v2\/posts\/51939\/revisions\/51942"}],"wp:attachment":[{"href":"https:\/\/evk-hornbach.de\/index.php?rest_route=%2Fwp%2Fv2%2Fmedia&parent=51939"}],"wp:term":[{"taxonomy":"category","embeddable":true,"href":"https:\/\/evk-hornbach.de\/index.php?rest_route=%2Fwp%2Fv2%2Fcategories&post=51939"},{"taxonomy":"post_tag","embeddable":true,"href":"https:\/\/evk-hornbach.de\/index.php?rest_route=%2Fwp%2Fv2%2Ftags&post=51939"},{"taxonomy":"series","embeddable":true,"href":"https:\/\/evk-hornbach.de\/index.php?rest_route=%2Fwp%2Fv2%2Fseries&post=51939"}],"curies":[{"name":"wp","href":"https:\/\/api.w.org\/{rel}","templated":true}]}}