{"id":49925,"date":"2024-06-23T15:31:03","date_gmt":"2024-06-23T13:31:03","guid":{"rendered":"https:\/\/evk-hornbach.de\/?p=49925"},"modified":"2024-06-23T15:31:03","modified_gmt":"2024-06-23T13:31:03","slug":"besser-als-fussball-klosternacht-im-klosterbezirk","status":"publish","type":"post","link":"https:\/\/evk-hornbach.de\/?p=49925","title":{"rendered":"BESSER ALS FUSSBALL: Klosternacht im Klosterbezirk!"},"content":{"rendered":"<p>&#8230; denn bei uns gibt&#8217;s nur Gewinner!<\/p>\n<h2>Hier der aktuelle Online-Guide f\u00fcr die Wandelkonzerte:<\/h2>\n<h3>Wer macht mit:<\/h3>\n<p><img loading=\"lazy\" decoding=\"async\" class=\"size-full wp-image-49921 alignnone\" src=\"https:\/\/evk-hornbach.de\/wp-content\/uploads\/2017\/12\/Klosternacht-im-Klosterbezirk-1.jpg\" alt=\"\" width=\"400\" height=\"571\" srcset=\"https:\/\/evk-hornbach.de\/wp-content\/uploads\/2017\/12\/Klosternacht-im-Klosterbezirk-1.jpg 400w, https:\/\/evk-hornbach.de\/wp-content\/uploads\/2017\/12\/Klosternacht-im-Klosterbezirk-1-210x300.jpg 210w\" sizes=\"auto, (max-width: 400px) 100vw, 400px\" \/><\/p>\n<h3>Wer ist wann dran:<\/h3>\n<p><a href=\"https:\/\/evk-hornbach.de\/wp-content\/uploads\/2017\/12\/Klosternacht-2024.png\"><img loading=\"lazy\" decoding=\"async\" class=\"alignnone wp-image-49923 size-large\" src=\"https:\/\/evk-hornbach.de\/wp-content\/uploads\/2017\/12\/Klosternacht-2024-e1719149445480-1024x782.png\" alt=\"\" width=\"840\" height=\"641\" srcset=\"https:\/\/evk-hornbach.de\/wp-content\/uploads\/2017\/12\/Klosternacht-2024-e1719149445480-1024x782.png 1024w, https:\/\/evk-hornbach.de\/wp-content\/uploads\/2017\/12\/Klosternacht-2024-e1719149445480-300x229.png 300w, https:\/\/evk-hornbach.de\/wp-content\/uploads\/2017\/12\/Klosternacht-2024-e1719149445480-768x587.png 768w, https:\/\/evk-hornbach.de\/wp-content\/uploads\/2017\/12\/Klosternacht-2024-e1719149445480.png 1533w\" sizes=\"auto, (max-width: 840px) 100vw, 840px\" \/><\/a><\/p>\n<h3>Wer ist wer:<\/h3>\n<iframe loading=\"lazy\" class=\"pdfjs-viewer\" width=\"100%\" height=\"900px\" src=\"https:\/\/evk-hornbach.de\/wp-content\/plugins\/pdf-viewer\/stable\/web\/viewer.html?file=https:\/\/evk-hornbach.de\/wp-content\/uploads\/2017\/12\/Kuensterbeschreibungen.pdf\"><\/iframe> \n","protected":false},"excerpt":{"rendered":"<p>&#8230; denn bei uns gibt&#8217;s nur Gewinner! Hier der aktuelle Online-Guide f\u00fcr die Wandelkonzerte: Wer macht mit: Wer ist wann dran: Wer ist wer:<\/p>\n","protected":false},"author":2,"featured_media":0,"comment_status":"open","ping_status":"open","sticky":false,"template":"","format":"standard","meta":{"_uag_custom_page_level_css":"","advgb_blocks_editor_width":"","advgb_blocks_columns_visual_guide":"","episode_type":"audio","audio_file":"","podmotor_file_id":"","podmotor_episode_id":"","cover_image":"","cover_image_id":"","duration":"","filesize":"","filesize_raw":"","date_recorded":"","explicit":"","block":"","cybocfi_hide_featured_image":"","_jetpack_memberships_contains_paid_content":false,"footnotes":""},"categories":[59,97,252,253],"tags":[],"series":[],"class_list":["post-49925","post","type-post","status-publish","format-standard","hentry","category-event","category-kirchenmusik","category-konzert","category-konzert-event","entry"],"episode_featured_image":false,"episode_player_image":"https:\/\/evk-hornbach.de\/wp-content\/uploads\/2017\/12\/losungandacht2026logov3.png","download_link":"","player_link":"","audio_player":false,"episode_data":{"playerMode":"dark","subscribeUrls":{"amazon":{"key":"amazon","url":"https:\/\/music.amazon.com\/podcasts\/46f9b0a9-b2db-4d5c-b947-5f5e4228a8e4\/losungsandachten-2022","label":"Amazon","class":"amazon","icon":"amazon.png"},"apple_podcasts":{"key":"apple_podcasts","url":"https:\/\/podcasts.apple.com\/de\/podcast\/losungsandachten-2022\/id1629150905","label":"Apple Podcasts","class":"apple_podcasts","icon":"apple-podcasts.png"},"deezer":{"key":"deezer","url":"","label":"Deezer","class":"deezer","icon":"deezer.png"},"podcast_de":{"key":"podcast_de","url":"","label":"Podcast.de","class":"podcast_de","icon":"podcast-de.png"},"rss":{"key":"rss","url":"https:\/\/evk-hornbach.de\/?cat=294&feed=rss2","label":"RSS","class":"rss","icon":"rss.png"},"rssradio":{"key":"rssradio","url":"","label":"RSSRadio","class":"rssradio","icon":"rssradio.png"},"spotify":{"key":"spotify","url":"https:\/\/open.spotify.com\/show\/5kJEFM4ESjFH2n1nivrIfi","label":"Spotify","class":"spotify","icon":"spotify.png"},"tunein":{"key":"tunein","url":"","label":"TuneIn","class":"tunein","icon":"tunein.png"},"fyyd_de":{"key":"fyyd_de","url":"https:\/\/fyyd.de\/podcast\/losungsandachten-2022\/0","label":"fyyd.de","class":"fyyd_de","icon":"fyyd-de.png"}},"rssFeedUrl":"https:\/\/evk-hornbach.de\/?feed=podcast&podcast_series=losungsandachten","embedCode":"<blockquote class=\"wp-embedded-content\" data-secret=\"L7nwUVlwRk\"><a href=\"https:\/\/evk-hornbach.de\/?p=49925\">BESSER ALS FUSSBALL: Klosternacht im Klosterbezirk!<\/a><\/blockquote><iframe sandbox=\"allow-scripts\" security=\"restricted\" src=\"https:\/\/evk-hornbach.de\/?p=49925&#038;embed=true#?secret=L7nwUVlwRk\" width=\"500\" height=\"350\" title=\"&#8222;BESSER ALS FUSSBALL: Klosternacht im Klosterbezirk!&#8220; &#8211; Prot. Kirchengemeinde Hornbachtal mit der prot. Kirchengemeinde Rimschweiler\" data-secret=\"L7nwUVlwRk\" frameborder=\"0\" marginwidth=\"0\" marginheight=\"0\" scrolling=\"no\" class=\"wp-embedded-content\"><\/iframe><script>\n\/*! This file is auto-generated *\/\n!function(d,l){\"use strict\";l.querySelector&&d.addEventListener&&\"undefined\"!=typeof URL&&(d.wp=d.wp||{},d.wp.receiveEmbedMessage||(d.wp.receiveEmbedMessage=function(e){var t=e.data;if((t||t.secret||t.message||t.value)&&!\/[^a-zA-Z0-9]\/.test(t.secret)){for(var s,r,n,a=l.querySelectorAll('iframe[data-secret=\"'+t.secret+'\"]'),o=l.querySelectorAll('blockquote[data-secret=\"'+t.secret+'\"]'),c=new RegExp(\"^https?:$\",\"i\"),i=0;i<o.length;i++)o[i].style.display=\"none\";for(i=0;i<a.length;i++)s=a[i],e.source===s.contentWindow&&(s.removeAttribute(\"style\"),\"height\"===t.message?(1e3<(r=parseInt(t.value,10))?r=1e3:~~r<200&&(r=200),s.height=r):\"link\"===t.message&&(r=new URL(s.getAttribute(\"src\")),n=new URL(t.value),c.test(n.protocol))&&n.host===r.host&&l.activeElement===s&&(d.top.location.href=t.value))}},d.addEventListener(\"message\",d.wp.receiveEmbedMessage,!1),l.addEventListener(\"DOMContentLoaded\",function(){for(var e,t,s=l.querySelectorAll(\"iframe.wp-embedded-content\"),r=0;r<s.length;r++)(t=(e=s[r]).getAttribute(\"data-secret\"))||(t=Math.random().toString(36).substring(2,12),e.src+=\"#?secret=\"+t,e.setAttribute(\"data-secret\",t)),e.contentWindow.postMessage({message:\"ready\",secret:t},\"*\")},!1)))}(window,document);\n\/\/# sourceURL=https:\/\/evk-hornbach.de\/wp-includes\/js\/wp-embed.min.js\n<\/script>\n"},"author_meta":{"display_name":"Christian G\u00fcnther","author_link":"https:\/\/evk-hornbach.de\/?author=2"},"featured_img":null,"jetpack_featured_media_url":"","uagb_featured_image_src":{"full":false,"thumbnail":false,"medium":false,"medium_large":false,"large":false,"ug_big":false,"1536x1536":false,"2048x2048":false,"post-thumbnail":false},"uagb_author_info":{"display_name":"Christian G\u00fcnther","author_link":"https:\/\/evk-hornbach.de\/?author=2"},"uagb_comment_info":0,"uagb_excerpt":"&#8230; denn bei uns gibt&#8217;s nur Gewinner! Hier der aktuelle Online-Guide f\u00fcr die Wandelkonzerte: Wer macht mit: Wer ist wann dran: Wer ist wer:","coauthors":[],"tax_additional":{"categories":{"linked":["<a href=\"https:\/\/evk-hornbach.de\/?cat=59\" class=\"advgb-post-tax-term\">Event<\/a>","<a href=\"https:\/\/evk-hornbach.de\/?cat=97\" class=\"advgb-post-tax-term\">Kirchenmusik<\/a>","<a href=\"https:\/\/evk-hornbach.de\/?cat=252\" class=\"advgb-post-tax-term\">Konzert<\/a>","<a href=\"https:\/\/evk-hornbach.de\/?cat=253\" class=\"advgb-post-tax-term\">Konzert2<\/a>"],"unlinked":["<span class=\"advgb-post-tax-term\">Event<\/span>","<span class=\"advgb-post-tax-term\">Kirchenmusik<\/span>","<span class=\"advgb-post-tax-term\">Konzert<\/span>","<span class=\"advgb-post-tax-term\">Konzert2<\/span>"]}},"comment_count":"0","relative_dates":{"created":"Ver\u00f6ffentlicht 2\u00a0Jahren vor","modified":"Aktualisiert 2\u00a0Jahren vor"},"absolute_dates":{"created":"Ver\u00f6ffentlicht am 23. Juni 2024","modified":"Aktualisiert am 23. Juni 2024"},"absolute_dates_time":{"created":"Ver\u00f6ffentlicht am 23. Juni 2024 15:31","modified":"Aktualisiert am 23. Juni 2024 15:31"},"featured_img_caption":"","series_order":"","jetpack-related-posts":[{"id":47654,"url":"https:\/\/evk-hornbach.de\/?p=47654","url_meta":{"origin":49925,"position":0},"title":"Die gro\u00dfe Jugendfreizeit in Norwegen hat begonnen!","author":"Christian G\u00fcnther","date":"6. August 2023","format":false,"excerpt":"Pfr. Seel ist mit vielen Jugendlichen und Helfern unterwegs. Und daheim in Hornbach? Wer macht da was?","rel":"","context":"\u00c4hnlicher Beitrag","block_context":{"text":"\u00c4hnlicher Beitrag","link":""},"img":{"alt_text":"","src":"","width":0,"height":0},"classes":[]},{"id":42317,"url":"https:\/\/evk-hornbach.de\/?p=42317","url_meta":{"origin":49925,"position":1},"title":"Das Hometown-Ferienprogramm der Kirchengemeinde Hornbach-Brenschelbach","author":"Christian G\u00fcnther","date":"2. August 2021","format":false,"excerpt":"vom 2.-8. August sieht so aus: PDF mit dem Ferienprogramm herunterladen: \u00a0 Aus Daten- und Jugendschutzgr\u00fcnden m\u00fcssen die Erziehungsberechtigten der Teilnehmenden folgende Erkl\u00e4rungen herunterladen, ausf\u00fcllen, unterschreiben und rechtzeitig zum Pfarramt schicken \/ bringen: Datenschutzerkl\u00e4rung (hier bitte herunterladen): \u00a0 Transportgenehmigung f\u00fcr die Teilnehmenden (hier bitte herunterladen):","rel":"","context":"In &quot;Event&quot;","block_context":{"text":"Event","link":"https:\/\/evk-hornbach.de\/?cat=59"},"img":{"alt_text":"","src":"https:\/\/i0.wp.com\/evk-hornbach.de\/wp-content\/uploads\/2017\/12\/download-pdf-3660827_640.png?resize=350%2C200&ssl=1","width":350,"height":200,"srcset":"https:\/\/i0.wp.com\/evk-hornbach.de\/wp-content\/uploads\/2017\/12\/download-pdf-3660827_640.png?resize=350%2C200&ssl=1 1x, https:\/\/i0.wp.com\/evk-hornbach.de\/wp-content\/uploads\/2017\/12\/download-pdf-3660827_640.png?resize=525%2C300&ssl=1 1.5x"},"classes":[]},{"id":311,"url":"https:\/\/evk-hornbach.de\/?p=311","url_meta":{"origin":49925,"position":2},"title":"Einladung zum Erntedank-Gottesdienst in Brenschelbach","author":"Christian G\u00fcnther","date":"26. August 2016","format":"aside","excerpt":"Am\u00a0Sonntag, 25.\u00a0September um\u00a010.00 Uhr findet\u00a0wieder ein Erntedank-Gottesdienst\u00a0mit\u00a0Abendmahl im\u00a0Dorfgemeinschaftshaus statt. Der Gesangsverein wird musikalisch den Gottesdienst mitgestalten. Nach dem Gottesdienst gibt es Mittagessen, Kaffee und Kuchen. Wer Erntegaben zum Schm\u00fccken hat, kann sie bei einem der\u00a0PresbyterInnen abgeben, auch wer bereit ist, einen Kuchen zu backen oder mithelfen will, wende sich an\u2026","rel":"","context":"In &quot;Vorank\u00fcndigung&quot;","block_context":{"text":"Vorank\u00fcndigung","link":"https:\/\/evk-hornbach.de\/?cat=42"},"img":{"alt_text":"","src":"https:\/\/i0.wp.com\/evk-hornbach.de\/wp-content\/uploads\/2016\/08\/herbstkorb800600.jpg?resize=350%2C200&ssl=1","width":350,"height":200,"srcset":"https:\/\/i0.wp.com\/evk-hornbach.de\/wp-content\/uploads\/2016\/08\/herbstkorb800600.jpg?resize=350%2C200&ssl=1 1x, https:\/\/i0.wp.com\/evk-hornbach.de\/wp-content\/uploads\/2016\/08\/herbstkorb800600.jpg?resize=525%2C300&ssl=1 1.5x, https:\/\/i0.wp.com\/evk-hornbach.de\/wp-content\/uploads\/2016\/08\/herbstkorb800600.jpg?resize=700%2C400&ssl=1 2x"},"classes":[]},{"id":40094,"url":"https:\/\/evk-hornbach.de\/?p=40094","url_meta":{"origin":49925,"position":3},"title":"Benefizkonzert am 25.10.2020 f\u00e4llt coronabedingt aus!","author":"Christian G\u00fcnther","date":"24. Oktober 2020","format":false,"excerpt":"Da der Landkreis S\u00fcdwestpfalz aufgrund der angestiegenen Corona-Infektionsrate nun ein Risikogebiet ist, gilt seit Samstag eine versch\u00e4rfte Veranstaltungsverordnung. Infolgedessen musste das Konzert am Sonntag abgesagt und ins kommende Jahr verschoben werden.","rel":"","context":"\u00c4hnlicher Beitrag","block_context":{"text":"\u00c4hnlicher Beitrag","link":""},"img":{"alt_text":"","src":"https:\/\/i0.wp.com\/evk-hornbach.de\/wp-content\/uploads\/2017\/12\/corona-4930206_1280-1024x346.jpg?resize=350%2C200&ssl=1","width":350,"height":200,"srcset":"https:\/\/i0.wp.com\/evk-hornbach.de\/wp-content\/uploads\/2017\/12\/corona-4930206_1280-1024x346.jpg?resize=350%2C200&ssl=1 1x, https:\/\/i0.wp.com\/evk-hornbach.de\/wp-content\/uploads\/2017\/12\/corona-4930206_1280-1024x346.jpg?resize=525%2C300&ssl=1 1.5x, https:\/\/i0.wp.com\/evk-hornbach.de\/wp-content\/uploads\/2017\/12\/corona-4930206_1280-1024x346.jpg?resize=700%2C400&ssl=1 2x"},"classes":[]},{"id":2900,"url":"https:\/\/evk-hornbach.de\/?p=2900","url_meta":{"origin":49925,"position":4},"title":"Gambia-Gemeindeabend: Vom Leben und dem Aufbau einer Schule im Inland","author":"Christian G\u00fcnther","date":"28. September 2018","format":"aside","excerpt":"... dh. fern der Hauptstadt. Wer den Eindruck nicht los wird, dass die deutschen St\u00e4mme der Rheinland-Pf\u00e4lzer und Saarl\u00e4nder vom fernen Berlin aus stiefm\u00fctterlich behandelt werden, der sollte vielleicht mal nach Gambia reisen und sehen, wie riesig dort das Gef\u00e4lle zwischen den \"regierenden St\u00e4mmen\" rund um die Hauptstadt und den\u2026","rel":"","context":"\u00c4hnlicher Beitrag","block_context":{"text":"\u00c4hnlicher Beitrag","link":""},"img":{"alt_text":"","src":"https:\/\/i0.wp.com\/evk-hornbach.de\/wp-content\/uploads\/2018\/09\/gambia-schule.jpg?resize=350%2C200&ssl=1","width":350,"height":200,"srcset":"https:\/\/i0.wp.com\/evk-hornbach.de\/wp-content\/uploads\/2018\/09\/gambia-schule.jpg?resize=350%2C200&ssl=1 1x, https:\/\/i0.wp.com\/evk-hornbach.de\/wp-content\/uploads\/2018\/09\/gambia-schule.jpg?resize=525%2C300&ssl=1 1.5x, https:\/\/i0.wp.com\/evk-hornbach.de\/wp-content\/uploads\/2018\/09\/gambia-schule.jpg?resize=700%2C400&ssl=1 2x, https:\/\/i0.wp.com\/evk-hornbach.de\/wp-content\/uploads\/2018\/09\/gambia-schule.jpg?resize=1050%2C600&ssl=1 3x, https:\/\/i0.wp.com\/evk-hornbach.de\/wp-content\/uploads\/2018\/09\/gambia-schule.jpg?resize=1400%2C800&ssl=1 4x"},"classes":[]},{"id":50530,"url":"https:\/\/evk-hornbach.de\/?p=50530","url_meta":{"origin":49925,"position":5},"title":"47. Benefizkonzert in der Klosterkirche am 27. September um 19 Uhr","author":"Christian G\u00fcnther","date":"24. September 2024","format":false,"excerpt":"Maestro Kern ist wieder da! [ujicountdown id=\"countdown\" expire=\"2024\/09\/27 19:00\" hide=\"true\" rectype=\"second\"] Das Benefizkonzert wird live im Internet \u00fcbertragen. Klicken Sie unten auf das Bild, wenn Sie das Benefizkonzert direkt auf YouTube ansehen wollen. Die Wiedergabe startet genau zum Konzertbeginn. \u00a0","rel":"","context":"In &quot;Benefizkonzert&quot;","block_context":{"text":"Benefizkonzert","link":"https:\/\/evk-hornbach.de\/?cat=347"},"img":{"alt_text":"","src":"https:\/\/i0.wp.com\/evk-hornbach.de\/wp-content\/uploads\/2024\/09\/thumbnail_47benefizk27092024-1024x576.jpg?resize=350%2C200&ssl=1","width":350,"height":200,"srcset":"https:\/\/i0.wp.com\/evk-hornbach.de\/wp-content\/uploads\/2024\/09\/thumbnail_47benefizk27092024-1024x576.jpg?resize=350%2C200&ssl=1 1x, https:\/\/i0.wp.com\/evk-hornbach.de\/wp-content\/uploads\/2024\/09\/thumbnail_47benefizk27092024-1024x576.jpg?resize=525%2C300&ssl=1 1.5x, https:\/\/i0.wp.com\/evk-hornbach.de\/wp-content\/uploads\/2024\/09\/thumbnail_47benefizk27092024-1024x576.jpg?resize=700%2C400&ssl=1 2x"},"classes":[]}],"jetpack_sharing_enabled":true,"publishpress_future_action":{"enabled":false,"date":"2026-05-08 19:00:08","action":"change-status","newStatus":"draft","terms":[],"taxonomy":"category","extraData":[]},"publishpress_future_workflow_manual_trigger":{"enabledWorkflows":[]},"_links":{"self":[{"href":"https:\/\/evk-hornbach.de\/index.php?rest_route=\/wp\/v2\/posts\/49925","targetHints":{"allow":["GET"]}}],"collection":[{"href":"https:\/\/evk-hornbach.de\/index.php?rest_route=\/wp\/v2\/posts"}],"about":[{"href":"https:\/\/evk-hornbach.de\/index.php?rest_route=\/wp\/v2\/types\/post"}],"author":[{"embeddable":true,"href":"https:\/\/evk-hornbach.de\/index.php?rest_route=\/wp\/v2\/users\/2"}],"replies":[{"embeddable":true,"href":"https:\/\/evk-hornbach.de\/index.php?rest_route=%2Fwp%2Fv2%2Fcomments&post=49925"}],"version-history":[{"count":4,"href":"https:\/\/evk-hornbach.de\/index.php?rest_route=\/wp\/v2\/posts\/49925\/revisions"}],"predecessor-version":[{"id":49929,"href":"https:\/\/evk-hornbach.de\/index.php?rest_route=\/wp\/v2\/posts\/49925\/revisions\/49929"}],"wp:attachment":[{"href":"https:\/\/evk-hornbach.de\/index.php?rest_route=%2Fwp%2Fv2%2Fmedia&parent=49925"}],"wp:term":[{"taxonomy":"category","embeddable":true,"href":"https:\/\/evk-hornbach.de\/index.php?rest_route=%2Fwp%2Fv2%2Fcategories&post=49925"},{"taxonomy":"post_tag","embeddable":true,"href":"https:\/\/evk-hornbach.de\/index.php?rest_route=%2Fwp%2Fv2%2Ftags&post=49925"},{"taxonomy":"series","embeddable":true,"href":"https:\/\/evk-hornbach.de\/index.php?rest_route=%2Fwp%2Fv2%2Fseries&post=49925"}],"curies":[{"name":"wp","href":"https:\/\/api.w.org\/{rel}","templated":true}]}}