{"id":47691,"date":"2023-08-13T10:00:05","date_gmt":"2023-08-13T08:00:05","guid":{"rendered":"https:\/\/evk-hornbach.de\/?p=47691"},"modified":"2023-08-13T22:20:57","modified_gmt":"2023-08-13T20:20:57","slug":"predigt-zum-israelsonntag-13-8-23","status":"publish","type":"post","link":"https:\/\/evk-hornbach.de\/?p=47691","title":{"rendered":"Predigt zum Israelsonntag, 13.8.23"},"content":{"rendered":"<p>Da das Hornbacher Technikteam in Norwegen auf der Jugendfreizeit ist, werden die Gottesdienste am 13. und 20. August nicht live \u00fcbertragen.<\/p>\n<p>Sie k\u00f6nnen jedoch hier die Sonntagspredigt von<\/p>\n<ul>\n<li>Dirk Reschke, Hornbach, vom 6. August <a href=\"https:\/\/evk-hornbach.de\/wp-content\/uploads\/2017\/12\/dirk-reschke-gd060823.pdf\"><strong>hier als PDF<\/strong><\/a> herunterladen.<\/li>\n<li>Christian G\u00fcnther, Mauschbach, vom 13.8. als Podcast anh\u00f6ren oder <a href=\"https:\/\/evk-hornbach.de\/wp-content\/uploads\/2017\/12\/Predigt-130823-Dtn45ff.pdf\"><strong>hier als PDF<\/strong><\/a> herunterladen:<\/li>\n<\/ul>\n<audio class=\"wp-audio-shortcode\" id=\"audio-47691-1\" preload=\"none\" style=\"width: 100%;\" controls=\"controls\"><source type=\"audio\/mpeg\" src=\"https:\/\/evk-hornbach.de\/wp-content\/uploads\/2017\/12\/predigt130823.mp3?_=1\" \/><a href=\"https:\/\/evk-hornbach.de\/wp-content\/uploads\/2017\/12\/predigt130823.mp3\">https:\/\/evk-hornbach.de\/wp-content\/uploads\/2017\/12\/predigt130823.mp3<\/a><\/audio>\n<p><iframe loading=\"lazy\" src=\"\/\/www.youtube.com\/embed\/qbVHmLDGJ0Q\" width=\"560\" height=\"314\" allowfullscreen=\"allowfullscreen\"><\/iframe><\/p>\n<p>Am kommenden Sonntag, 20.8. um 11 Uhr wird auch die Predigt, die <strong>Pfr.i.R. K. Hoffmann<\/strong> in Hornbach halten wird, hier als Podcast und PDF-Download ver\u00f6ffentlicht.<\/p>\n","protected":false},"excerpt":{"rendered":"<p>Da das Hornbacher Technikteam in Norwegen auf der Jugendfreizeit ist, werden die Gottesdienste am 13. und 20. August nicht live \u00fcbertragen. Sie k\u00f6nnen jedoch hier die Sonntagspredigt von Dirk Reschke, Hornbach, vom 6. August hier als PDF herunterladen. Christian G\u00fcnther, Mauschbach, vom 13.8. als Podcast anh\u00f6ren oder hier als PDF herunterladen: Am kommenden Sonntag, 20.8.&hellip; <a class=\"more-link\" href=\"https:\/\/evk-hornbach.de\/?p=47691\"><span class=\"screen-reader-text\">Predigt zum Israelsonntag, 13.8.23<\/span> weiterlesen<\/a><\/p>\n","protected":false},"author":2,"featured_media":0,"comment_status":"open","ping_status":"open","sticky":false,"template":"","format":"standard","meta":{"_uag_custom_page_level_css":"","advgb_blocks_editor_width":"","advgb_blocks_columns_visual_guide":"","episode_type":"audio","audio_file":"","podmotor_file_id":"","podmotor_episode_id":"","cover_image":"","cover_image_id":"","duration":"","filesize":"","filesize_raw":"","date_recorded":"","explicit":"","block":"","cybocfi_hide_featured_image":"","_jetpack_memberships_contains_paid_content":false,"footnotes":""},"categories":[103,269,302],"tags":[],"series":[],"class_list":["post-47691","post","type-post","status-publish","format-standard","hentry","category-gottesdienst","category-online","category-online-gottesdienst","entry"],"episode_featured_image":false,"episode_player_image":"https:\/\/evk-hornbach.de\/wp-content\/uploads\/2017\/12\/losungandacht2026logov3.png","download_link":"","player_link":"","audio_player":false,"episode_data":{"playerMode":"dark","subscribeUrls":{"amazon":{"key":"amazon","url":"https:\/\/music.amazon.com\/podcasts\/46f9b0a9-b2db-4d5c-b947-5f5e4228a8e4\/losungsandachten-2022","label":"Amazon","class":"amazon","icon":"amazon.png"},"apple_podcasts":{"key":"apple_podcasts","url":"https:\/\/podcasts.apple.com\/de\/podcast\/losungsandachten-2022\/id1629150905","label":"Apple Podcasts","class":"apple_podcasts","icon":"apple-podcasts.png"},"deezer":{"key":"deezer","url":"","label":"Deezer","class":"deezer","icon":"deezer.png"},"podcast_de":{"key":"podcast_de","url":"","label":"Podcast.de","class":"podcast_de","icon":"podcast-de.png"},"rss":{"key":"rss","url":"https:\/\/evk-hornbach.de\/?cat=294&feed=rss2","label":"RSS","class":"rss","icon":"rss.png"},"rssradio":{"key":"rssradio","url":"","label":"RSSRadio","class":"rssradio","icon":"rssradio.png"},"spotify":{"key":"spotify","url":"https:\/\/open.spotify.com\/show\/5kJEFM4ESjFH2n1nivrIfi","label":"Spotify","class":"spotify","icon":"spotify.png"},"tunein":{"key":"tunein","url":"","label":"TuneIn","class":"tunein","icon":"tunein.png"},"fyyd_de":{"key":"fyyd_de","url":"https:\/\/fyyd.de\/podcast\/losungsandachten-2022\/0","label":"fyyd.de","class":"fyyd_de","icon":"fyyd-de.png"}},"rssFeedUrl":"https:\/\/evk-hornbach.de\/?feed=podcast&podcast_series=losungsandachten","embedCode":"<blockquote class=\"wp-embedded-content\" data-secret=\"Aa36DfT3io\"><a href=\"https:\/\/evk-hornbach.de\/?p=47691\">Predigt zum Israelsonntag, 13.8.23<\/a><\/blockquote><iframe sandbox=\"allow-scripts\" security=\"restricted\" src=\"https:\/\/evk-hornbach.de\/?p=47691&#038;embed=true#?secret=Aa36DfT3io\" width=\"500\" height=\"350\" title=\"&#8222;Predigt zum Israelsonntag, 13.8.23&#8220; &#8211; Prot. Kirchengemeinde Hornbachtal mit der prot. Kirchengemeinde Rimschweiler\" data-secret=\"Aa36DfT3io\" frameborder=\"0\" marginwidth=\"0\" marginheight=\"0\" scrolling=\"no\" class=\"wp-embedded-content\"><\/iframe><script>\n\/*! This file is auto-generated *\/\n!function(d,l){\"use strict\";l.querySelector&&d.addEventListener&&\"undefined\"!=typeof URL&&(d.wp=d.wp||{},d.wp.receiveEmbedMessage||(d.wp.receiveEmbedMessage=function(e){var t=e.data;if((t||t.secret||t.message||t.value)&&!\/[^a-zA-Z0-9]\/.test(t.secret)){for(var s,r,n,a=l.querySelectorAll('iframe[data-secret=\"'+t.secret+'\"]'),o=l.querySelectorAll('blockquote[data-secret=\"'+t.secret+'\"]'),c=new RegExp(\"^https?:$\",\"i\"),i=0;i<o.length;i++)o[i].style.display=\"none\";for(i=0;i<a.length;i++)s=a[i],e.source===s.contentWindow&&(s.removeAttribute(\"style\"),\"height\"===t.message?(1e3<(r=parseInt(t.value,10))?r=1e3:~~r<200&&(r=200),s.height=r):\"link\"===t.message&&(r=new URL(s.getAttribute(\"src\")),n=new URL(t.value),c.test(n.protocol))&&n.host===r.host&&l.activeElement===s&&(d.top.location.href=t.value))}},d.addEventListener(\"message\",d.wp.receiveEmbedMessage,!1),l.addEventListener(\"DOMContentLoaded\",function(){for(var e,t,s=l.querySelectorAll(\"iframe.wp-embedded-content\"),r=0;r<s.length;r++)(t=(e=s[r]).getAttribute(\"data-secret\"))||(t=Math.random().toString(36).substring(2,12),e.src+=\"#?secret=\"+t,e.setAttribute(\"data-secret\",t)),e.contentWindow.postMessage({message:\"ready\",secret:t},\"*\")},!1)))}(window,document);\n\/\/# sourceURL=https:\/\/evk-hornbach.de\/wp-includes\/js\/wp-embed.min.js\n<\/script>\n"},"author_meta":{"display_name":"Christian G\u00fcnther","author_link":"https:\/\/evk-hornbach.de\/?author=2"},"featured_img":null,"jetpack_featured_media_url":"","uagb_featured_image_src":{"full":false,"thumbnail":false,"medium":false,"medium_large":false,"large":false,"ug_big":false,"1536x1536":false,"2048x2048":false,"post-thumbnail":false},"uagb_author_info":{"display_name":"Christian G\u00fcnther","author_link":"https:\/\/evk-hornbach.de\/?author=2"},"uagb_comment_info":0,"uagb_excerpt":"Da das Hornbacher Technikteam in Norwegen auf der Jugendfreizeit ist, werden die Gottesdienste am 13. und 20. August nicht live \u00fcbertragen. Sie k\u00f6nnen jedoch hier die Sonntagspredigt von Dirk Reschke, Hornbach, vom 6. August hier als PDF herunterladen. Christian G\u00fcnther, Mauschbach, vom 13.8. als Podcast anh\u00f6ren oder hier als PDF herunterladen: Am kommenden Sonntag, 20.8.&hellip;&hellip;","coauthors":[],"tax_additional":{"categories":{"linked":["<a href=\"https:\/\/evk-hornbach.de\/?cat=103\" class=\"advgb-post-tax-term\">Gottesdienst<\/a>","<a href=\"https:\/\/evk-hornbach.de\/?cat=269\" class=\"advgb-post-tax-term\">Online<\/a>","<a href=\"https:\/\/evk-hornbach.de\/?cat=302\" class=\"advgb-post-tax-term\">Online-Gottesdienst<\/a>"],"unlinked":["<span class=\"advgb-post-tax-term\">Gottesdienst<\/span>","<span class=\"advgb-post-tax-term\">Online<\/span>","<span class=\"advgb-post-tax-term\">Online-Gottesdienst<\/span>"]}},"comment_count":"0","relative_dates":{"created":"Ver\u00f6ffentlicht 3\u00a0Jahren vor","modified":"Aktualisiert 3\u00a0Jahren vor"},"absolute_dates":{"created":"Ver\u00f6ffentlicht am 13. August 2023","modified":"Aktualisiert am 13. August 2023"},"absolute_dates_time":{"created":"Ver\u00f6ffentlicht am 13. August 2023 10:00","modified":"Aktualisiert am 13. August 2023 22:20"},"featured_img_caption":"","series_order":"","jetpack-related-posts":[{"id":47741,"url":"https:\/\/evk-hornbach.de\/?p=47741","url_meta":{"origin":47691,"position":0},"title":"Predigt zum 11. Sonntag nach Trinitatis, 20.8.23","author":"Christian G\u00fcnther","date":"20. August 2023","format":false,"excerpt":"Da das Hornbacher Technikteam in Norwegen auf der Jugendfreizeit ist, werden die Gottesdienste am 13. und 20. August nicht live \u00fcbertragen. Sie k\u00f6nnen jedoch hier die Sonntagspredigt von Klaus Hoffmann als Podcast anh\u00f6ren oder hier als PDF herunterladen: Alle Predigten werden nach ihrer Ver\u00f6ffentlichung auf dieser Website in unserem Predigtarchiv\u2026","rel":"","context":"In &quot;Gottesdienst&quot;","block_context":{"text":"Gottesdienst","link":"https:\/\/evk-hornbach.de\/?cat=103"},"img":{"alt_text":"","src":"","width":0,"height":0},"classes":[]},{"id":45548,"url":"https:\/\/evk-hornbach.de\/?p=45548","url_meta":{"origin":47691,"position":1},"title":"Predigt zum Reformationstag, 31.10.2022","author":"Christian G\u00fcnther","date":"31. Oktober 2022","format":false,"excerpt":"Text und Sprecher: Pfr. Daniel Seel, Hornbach. Diese Predigt wird bzw wurde bei dem Reformationsgottesdienst am 31.10.2022 in Contwig gehalten.","rel":"","context":"In &quot;Losungsandacht&quot;","block_context":{"text":"Losungsandacht","link":"https:\/\/evk-hornbach.de\/?cat=294"},"img":{"alt_text":"","src":"https:\/\/i0.wp.com\/evk-hornbach.de\/wp-content\/uploads\/2017\/12\/transformationstag22.png?resize=350%2C200&ssl=1","width":350,"height":200,"srcset":"https:\/\/i0.wp.com\/evk-hornbach.de\/wp-content\/uploads\/2017\/12\/transformationstag22.png?resize=350%2C200&ssl=1 1x, https:\/\/i0.wp.com\/evk-hornbach.de\/wp-content\/uploads\/2017\/12\/transformationstag22.png?resize=525%2C300&ssl=1 1.5x, https:\/\/i0.wp.com\/evk-hornbach.de\/wp-content\/uploads\/2017\/12\/transformationstag22.png?resize=700%2C400&ssl=1 2x, https:\/\/i0.wp.com\/evk-hornbach.de\/wp-content\/uploads\/2017\/12\/transformationstag22.png?resize=1050%2C600&ssl=1 3x"},"classes":[]},{"id":39008,"url":"https:\/\/evk-hornbach.de\/?p=39008","url_meta":{"origin":47691,"position":2},"title":"Gottesdienst zum Sonntag Rogate, 17.5.2020","author":"Christian G\u00fcnther","date":"17. Mai 2020","format":false,"excerpt":"Leider war die Tonqualit\u00e4t des Gottesdienstes nicht ganz perfekt... Wir bitten um Entschuldigung und geloben Besserung! Die Predigt immerhin kann man\u00a0 hier herunterladen und mit- bzw. nachlesen.","rel":"","context":"In &quot;Gottesdienst&quot;","block_context":{"text":"Gottesdienst","link":"https:\/\/evk-hornbach.de\/?cat=103"},"img":{"alt_text":"","src":"","width":0,"height":0},"classes":[]},{"id":46980,"url":"https:\/\/evk-hornbach.de\/?p=46980","url_meta":{"origin":47691,"position":3},"title":"Gottesdienst an Kantate, 07. Mai 2023, 10:00 Uhr","author":"Patrick Gauter","date":"6. Mai 2023","format":false,"excerpt":"Der Gottesdienst wird live im Internet \u00fcbertragen. Klicken Sie unten auf das Bild, wenn Sie den Gottesdienst direkt auf YouTube ansehen wollen. Die Wiedergabe startet genau zum Gottesdienstbeginn. Die Predigt von Pfr. Seel als PDF-Datei: [ujicountdown id=\"countdown\" expire=\"2023\/05\/07 10:00\" hide=\"true\" rectype=\"second\"]","rel":"","context":"In &quot;Gottesdienst&quot;","block_context":{"text":"Gottesdienst","link":"https:\/\/evk-hornbach.de\/?cat=103"},"img":{"alt_text":"","src":"https:\/\/i0.wp.com\/evk-hornbach.de\/wp-content\/uploads\/2017\/12\/Sonntagspredigtklein.png?resize=350%2C200&ssl=1","width":350,"height":200},"classes":[]},{"id":47051,"url":"https:\/\/evk-hornbach.de\/?p=47051","url_meta":{"origin":47691,"position":4},"title":"Gottesdienst an Rogate, 14. Mai 2023, 10:00 Uhr","author":"Patrick Gauter","date":"13. Mai 2023","format":false,"excerpt":"Der Gottesdienst wird live im Internet \u00fcbertragen. Klicken Sie unten auf das Bild, wenn Sie den Gottesdienst direkt auf YouTube ansehen wollen. Die Wiedergabe startet genau zum Gottesdienstbeginn. Die Predigt von Pfr. Seel als PDF-Datei: [ujicountdown id=\"countdown\" expire=\"2023\/05\/14 10:00\" hide=\"true\" rectype=\"second\"]","rel":"","context":"In &quot;Gottesdienst&quot;","block_context":{"text":"Gottesdienst","link":"https:\/\/evk-hornbach.de\/?cat=103"},"img":{"alt_text":"","src":"https:\/\/i0.wp.com\/evk-hornbach.de\/wp-content\/uploads\/2017\/12\/Sonntagspredigtklein.png?resize=350%2C200&ssl=1","width":350,"height":200},"classes":[]},{"id":47096,"url":"https:\/\/evk-hornbach.de\/?p=47096","url_meta":{"origin":47691,"position":5},"title":"Gottesdienst an Exaudi, 21. Mai 2023, 10:00 Uhr","author":"Patrick Gauter","date":"21. Mai 2023","format":false,"excerpt":"Der Gottesdienst wird live im Internet \u00fcbertragen. Klicken Sie unten auf das Bild, wenn Sie den Gottesdienst direkt auf YouTube ansehen wollen. Die Wiedergabe startet genau zum Gottesdienstbeginn. Die Predigt von Pfr. Seel als PDF-Datei: [ujicountdown id=\"countdown\" expire=\"2023\/05\/21 10:00\" hide=\"true\" rectype=\"second\"]","rel":"","context":"In &quot;Gottesdienst&quot;","block_context":{"text":"Gottesdienst","link":"https:\/\/evk-hornbach.de\/?cat=103"},"img":{"alt_text":"","src":"https:\/\/i0.wp.com\/evk-hornbach.de\/wp-content\/uploads\/2017\/12\/Sonntagspredigtklein.png?resize=350%2C200&ssl=1","width":350,"height":200},"classes":[]}],"jetpack_sharing_enabled":true,"publishpress_future_action":{"enabled":false,"date":"2026-05-03 11:36:40","action":"change-status","newStatus":"draft","terms":[],"taxonomy":"category","extraData":[]},"publishpress_future_workflow_manual_trigger":{"enabledWorkflows":[]},"_links":{"self":[{"href":"https:\/\/evk-hornbach.de\/index.php?rest_route=\/wp\/v2\/posts\/47691","targetHints":{"allow":["GET"]}}],"collection":[{"href":"https:\/\/evk-hornbach.de\/index.php?rest_route=\/wp\/v2\/posts"}],"about":[{"href":"https:\/\/evk-hornbach.de\/index.php?rest_route=\/wp\/v2\/types\/post"}],"author":[{"embeddable":true,"href":"https:\/\/evk-hornbach.de\/index.php?rest_route=\/wp\/v2\/users\/2"}],"replies":[{"embeddable":true,"href":"https:\/\/evk-hornbach.de\/index.php?rest_route=%2Fwp%2Fv2%2Fcomments&post=47691"}],"version-history":[{"count":5,"href":"https:\/\/evk-hornbach.de\/index.php?rest_route=\/wp\/v2\/posts\/47691\/revisions"}],"predecessor-version":[{"id":47701,"href":"https:\/\/evk-hornbach.de\/index.php?rest_route=\/wp\/v2\/posts\/47691\/revisions\/47701"}],"wp:attachment":[{"href":"https:\/\/evk-hornbach.de\/index.php?rest_route=%2Fwp%2Fv2%2Fmedia&parent=47691"}],"wp:term":[{"taxonomy":"category","embeddable":true,"href":"https:\/\/evk-hornbach.de\/index.php?rest_route=%2Fwp%2Fv2%2Fcategories&post=47691"},{"taxonomy":"post_tag","embeddable":true,"href":"https:\/\/evk-hornbach.de\/index.php?rest_route=%2Fwp%2Fv2%2Ftags&post=47691"},{"taxonomy":"series","embeddable":true,"href":"https:\/\/evk-hornbach.de\/index.php?rest_route=%2Fwp%2Fv2%2Fseries&post=47691"}],"curies":[{"name":"wp","href":"https:\/\/api.w.org\/{rel}","templated":true}]}}