{"id":47301,"date":"2023-06-18T10:58:26","date_gmt":"2023-06-18T08:58:26","guid":{"rendered":"https:\/\/evk-hornbach.de\/?p=47301"},"modified":"2023-06-26T01:59:48","modified_gmt":"2023-06-25T23:59:48","slug":"der-besondere-event","status":"publish","type":"post","link":"https:\/\/evk-hornbach.de\/?p=47301","title":{"rendered":"Der besondere Event:"},"content":{"rendered":"<p><img loading=\"lazy\" decoding=\"async\" class=\"size-full wp-image-47299 alignnone\" src=\"https:\/\/evk-hornbach.de\/wp-content\/uploads\/2017\/12\/Klosternacht-im-Klosterbezirk-banner.jpg\" alt=\"\" width=\"475\" height=\"298\" srcset=\"https:\/\/evk-hornbach.de\/wp-content\/uploads\/2017\/12\/Klosternacht-im-Klosterbezirk-banner.jpg 475w, https:\/\/evk-hornbach.de\/wp-content\/uploads\/2017\/12\/Klosternacht-im-Klosterbezirk-banner-300x188.jpg 300w, https:\/\/evk-hornbach.de\/wp-content\/uploads\/2017\/12\/Klosternacht-im-Klosterbezirk-banner-200x125.jpg 200w, https:\/\/evk-hornbach.de\/wp-content\/uploads\/2017\/12\/Klosternacht-im-Klosterbezirk-banner-440x275.jpg 440w\" sizes=\"auto, (max-width: 475px) 100vw, 475px\" \/><\/p>\n\n<div class=\"sp-wrap sp-wrap-blue\">\n<div class=\"sp-head\" title=\"Erweitern\">\nMehr Informationen - hier klicken!\n<\/div>\n<div class=\"sp-body folded\">\n<p><img loading=\"lazy\" decoding=\"async\" class=\"size-full wp-image-47304 alignnone\" src=\"https:\/\/evk-hornbach.de\/wp-content\/uploads\/2023\/06\/Klosternacht-im-Klosterbezirk-unten.jpg\" alt=\"\" width=\"475\" height=\"380\" srcset=\"https:\/\/evk-hornbach.de\/wp-content\/uploads\/2023\/06\/Klosternacht-im-Klosterbezirk-unten.jpg 475w, https:\/\/evk-hornbach.de\/wp-content\/uploads\/2023\/06\/Klosternacht-im-Klosterbezirk-unten-300x240.jpg 300w\" sizes=\"auto, (max-width: 475px) 100vw, 475px\" \/><\/p>\n<div class=\"spdiv\">[Einklappen]<\/div>\n<\/div>\n<\/div>\n\n","protected":false},"excerpt":{"rendered":"","protected":false},"author":2,"featured_media":0,"comment_status":"open","ping_status":"open","sticky":false,"template":"","format":"standard","meta":{"_uag_custom_page_level_css":"","advgb_blocks_editor_width":"","advgb_blocks_columns_visual_guide":"","episode_type":"audio","audio_file":"","podmotor_file_id":"","podmotor_episode_id":"","cover_image":"","cover_image_id":"","duration":"","filesize":"","filesize_raw":"","date_recorded":"","explicit":"","block":"","cybocfi_hide_featured_image":"","_jetpack_memberships_contains_paid_content":false,"footnotes":""},"categories":[59,252,253],"tags":[],"series":[],"class_list":["post-47301","post","type-post","status-publish","format-standard","hentry","category-event","category-konzert","category-konzert-event","entry"],"episode_featured_image":false,"episode_player_image":"https:\/\/evk-hornbach.de\/wp-content\/uploads\/2017\/12\/losungandacht2026logov3.png","download_link":"","player_link":"","audio_player":false,"episode_data":{"playerMode":"dark","subscribeUrls":{"amazon":{"key":"amazon","url":"https:\/\/music.amazon.com\/podcasts\/46f9b0a9-b2db-4d5c-b947-5f5e4228a8e4\/losungsandachten-2022","label":"Amazon","class":"amazon","icon":"amazon.png"},"apple_podcasts":{"key":"apple_podcasts","url":"https:\/\/podcasts.apple.com\/de\/podcast\/losungsandachten-2022\/id1629150905","label":"Apple Podcasts","class":"apple_podcasts","icon":"apple-podcasts.png"},"deezer":{"key":"deezer","url":"","label":"Deezer","class":"deezer","icon":"deezer.png"},"podcast_de":{"key":"podcast_de","url":"","label":"Podcast.de","class":"podcast_de","icon":"podcast-de.png"},"rss":{"key":"rss","url":"https:\/\/evk-hornbach.de\/?cat=294&feed=rss2","label":"RSS","class":"rss","icon":"rss.png"},"rssradio":{"key":"rssradio","url":"","label":"RSSRadio","class":"rssradio","icon":"rssradio.png"},"spotify":{"key":"spotify","url":"https:\/\/open.spotify.com\/show\/5kJEFM4ESjFH2n1nivrIfi","label":"Spotify","class":"spotify","icon":"spotify.png"},"tunein":{"key":"tunein","url":"","label":"TuneIn","class":"tunein","icon":"tunein.png"},"fyyd_de":{"key":"fyyd_de","url":"https:\/\/fyyd.de\/podcast\/losungsandachten-2022\/0","label":"fyyd.de","class":"fyyd_de","icon":"fyyd-de.png"}},"rssFeedUrl":"https:\/\/evk-hornbach.de\/?feed=podcast&podcast_series=losungsandachten","embedCode":"<blockquote class=\"wp-embedded-content\" data-secret=\"5aPqoDMGVN\"><a href=\"https:\/\/evk-hornbach.de\/?p=47301\">Der besondere Event:<\/a><\/blockquote><iframe sandbox=\"allow-scripts\" security=\"restricted\" src=\"https:\/\/evk-hornbach.de\/?p=47301&#038;embed=true#?secret=5aPqoDMGVN\" width=\"500\" height=\"350\" title=\"&#8222;Der besondere Event:&#8220; &#8211; Prot. Kirchengemeinde Hornbachtal mit der prot. Kirchengemeinde Rimschweiler\" data-secret=\"5aPqoDMGVN\" frameborder=\"0\" marginwidth=\"0\" marginheight=\"0\" scrolling=\"no\" class=\"wp-embedded-content\"><\/iframe><script>\n\/*! This file is auto-generated *\/\n!function(d,l){\"use strict\";l.querySelector&&d.addEventListener&&\"undefined\"!=typeof URL&&(d.wp=d.wp||{},d.wp.receiveEmbedMessage||(d.wp.receiveEmbedMessage=function(e){var t=e.data;if((t||t.secret||t.message||t.value)&&!\/[^a-zA-Z0-9]\/.test(t.secret)){for(var s,r,n,a=l.querySelectorAll('iframe[data-secret=\"'+t.secret+'\"]'),o=l.querySelectorAll('blockquote[data-secret=\"'+t.secret+'\"]'),c=new RegExp(\"^https?:$\",\"i\"),i=0;i<o.length;i++)o[i].style.display=\"none\";for(i=0;i<a.length;i++)s=a[i],e.source===s.contentWindow&&(s.removeAttribute(\"style\"),\"height\"===t.message?(1e3<(r=parseInt(t.value,10))?r=1e3:~~r<200&&(r=200),s.height=r):\"link\"===t.message&&(r=new URL(s.getAttribute(\"src\")),n=new URL(t.value),c.test(n.protocol))&&n.host===r.host&&l.activeElement===s&&(d.top.location.href=t.value))}},d.addEventListener(\"message\",d.wp.receiveEmbedMessage,!1),l.addEventListener(\"DOMContentLoaded\",function(){for(var e,t,s=l.querySelectorAll(\"iframe.wp-embedded-content\"),r=0;r<s.length;r++)(t=(e=s[r]).getAttribute(\"data-secret\"))||(t=Math.random().toString(36).substring(2,12),e.src+=\"#?secret=\"+t,e.setAttribute(\"data-secret\",t)),e.contentWindow.postMessage({message:\"ready\",secret:t},\"*\")},!1)))}(window,document);\n\/\/# sourceURL=https:\/\/evk-hornbach.de\/wp-includes\/js\/wp-embed.min.js\n<\/script>\n"},"author_meta":{"display_name":"Christian G\u00fcnther","author_link":"https:\/\/evk-hornbach.de\/?author=2"},"featured_img":null,"jetpack_featured_media_url":"","uagb_featured_image_src":{"full":false,"thumbnail":false,"medium":false,"medium_large":false,"large":false,"ug_big":false,"1536x1536":false,"2048x2048":false,"post-thumbnail":false},"uagb_author_info":{"display_name":"Christian G\u00fcnther","author_link":"https:\/\/evk-hornbach.de\/?author=2"},"uagb_comment_info":0,"uagb_excerpt":null,"coauthors":[],"tax_additional":{"categories":{"linked":["<a href=\"https:\/\/evk-hornbach.de\/?cat=59\" class=\"advgb-post-tax-term\">Event<\/a>","<a href=\"https:\/\/evk-hornbach.de\/?cat=252\" class=\"advgb-post-tax-term\">Konzert<\/a>","<a href=\"https:\/\/evk-hornbach.de\/?cat=253\" class=\"advgb-post-tax-term\">Konzert2<\/a>"],"unlinked":["<span class=\"advgb-post-tax-term\">Event<\/span>","<span class=\"advgb-post-tax-term\">Konzert<\/span>","<span class=\"advgb-post-tax-term\">Konzert2<\/span>"]}},"comment_count":"0","relative_dates":{"created":"Ver\u00f6ffentlicht 3\u00a0Jahren vor","modified":"Aktualisiert 3\u00a0Jahren vor"},"absolute_dates":{"created":"Ver\u00f6ffentlicht am 18. Juni 2023","modified":"Aktualisiert am 26. Juni 2023"},"absolute_dates_time":{"created":"Ver\u00f6ffentlicht am 18. Juni 2023 10:58","modified":"Aktualisiert am 26. Juni 2023 1:59"},"featured_img_caption":"","series_order":"","jetpack-related-posts":[{"id":48215,"url":"https:\/\/evk-hornbach.de\/?p=48215","url_meta":{"origin":47301,"position":0},"title":"38. Benefizkonzert mit Daniel Seel","author":"Christian G\u00fcnther","date":"2. Dezember 2023","format":false,"excerpt":"am Samstag, dem 16.12.2023 in der Klosterkirche Hornbach mit Daniel Seel","rel":"","context":"In &quot;Benefizkonzert&quot;","block_context":{"text":"Benefizkonzert","link":"https:\/\/evk-hornbach.de\/?cat=347"},"img":{"alt_text":"","src":"https:\/\/i0.wp.com\/evk-hornbach.de\/wp-content\/uploads\/2017\/12\/konzertbild161223.png?resize=350%2C200&ssl=1","width":350,"height":200,"srcset":"https:\/\/i0.wp.com\/evk-hornbach.de\/wp-content\/uploads\/2017\/12\/konzertbild161223.png?resize=350%2C200&ssl=1 1x, https:\/\/i0.wp.com\/evk-hornbach.de\/wp-content\/uploads\/2017\/12\/konzertbild161223.png?resize=525%2C300&ssl=1 1.5x"},"classes":[]},{"id":48773,"url":"https:\/\/evk-hornbach.de\/?p=48773","url_meta":{"origin":47301,"position":1},"title":"38. Benefizkonzert mit Daniel Seel &#8211; REPRISE","author":"Christian G\u00fcnther","date":"5. Januar 2024","format":false,"excerpt":"Am Samstag, 6.1.2024, 18 Uhr in der Klosterkirche Hornbach Das Benefizkonzert wird live im Internet \u00fcbertragen. Klicken Sie unten auf das Bild, wenn Sie das Benefizkonzert direkt auf YouTube ansehen wollen. Die Wiedergabe startet genau zum Konzertbeginn. [ujicountdown id=\"countdown\" expire=\"2023\/01\/06 18:00\" hide=\"true\" rectype=\"second\"] \u00a0","rel":"","context":"In &quot;Benefizkonzert&quot;","block_context":{"text":"Benefizkonzert","link":"https:\/\/evk-hornbach.de\/?cat=347"},"img":{"alt_text":"Fl\u00fcgel, Klavier, Fluegel","src":"https:\/\/i0.wp.com\/evk-hornbach.de\/wp-content\/uploads\/2019\/03\/Konzertreihe-Seel-Kern-mit-Anmerkungen.png?resize=350%2C200&ssl=1","width":350,"height":200},"classes":[]},{"id":47987,"url":"https:\/\/evk-hornbach.de\/?p=47987","url_meta":{"origin":47301,"position":2},"title":"Konzerttip f\u00fcr 5.11.2023","author":"Christian G\u00fcnther","date":"15. Oktober 2023","format":false,"excerpt":"Kammer meets Pop 17 Uhr, Fabianstift","rel":"","context":"In &quot;Event&quot;","block_context":{"text":"Event","link":"https:\/\/evk-hornbach.de\/?cat=59"},"img":{"alt_text":"","src":"https:\/\/i0.wp.com\/evk-hornbach.de\/wp-content\/uploads\/2017\/12\/IMG-20230927-WA0000.jpg?resize=350%2C200&ssl=1","width":350,"height":200,"srcset":"https:\/\/i0.wp.com\/evk-hornbach.de\/wp-content\/uploads\/2017\/12\/IMG-20230927-WA0000.jpg?resize=350%2C200&ssl=1 1x, https:\/\/i0.wp.com\/evk-hornbach.de\/wp-content\/uploads\/2017\/12\/IMG-20230927-WA0000.jpg?resize=525%2C300&ssl=1 1.5x, https:\/\/i0.wp.com\/evk-hornbach.de\/wp-content\/uploads\/2017\/12\/IMG-20230927-WA0000.jpg?resize=700%2C400&ssl=1 2x"},"classes":[]},{"id":46614,"url":"https:\/\/evk-hornbach.de\/?p=46614","url_meta":{"origin":47301,"position":3},"title":"34. Benefizkonzert am 31.3.2023","author":"Christian G\u00fcnther","date":"18. M\u00e4rz 2023","format":false,"excerpt":"in der Klosterkirche Hornbach, 19 Uhr Der Januskopf Beethoven mit Oliver Kern am Fl\u00fcgel \u00a0 [ujicountdown id=\"countdown\" expire=\"2023\/03\/31 19:00\" hide=\"true\" rectype=\"second\"]","rel":"","context":"In &quot;Konzert&quot;","block_context":{"text":"Konzert","link":"https:\/\/evk-hornbach.de\/?cat=252"},"img":{"alt_text":"Fl\u00fcgel, Klavier, Fluegel","src":"https:\/\/i0.wp.com\/evk-hornbach.de\/wp-content\/uploads\/2019\/03\/Konzertreihe-Seel-Kern-mit-Anmerkungen.png?resize=350%2C200&ssl=1","width":350,"height":200},"classes":[]},{"id":47134,"url":"https:\/\/evk-hornbach.de\/?p=47134","url_meta":{"origin":47301,"position":4},"title":"Der besondere Gottesdienst an Pfingstsonntag im Jugendheim","author":"Christian G\u00fcnther","date":"23. Mai 2023","format":false,"excerpt":"Der Gottesdienst wird live im Internet \u00fcbertragen. Klicken Sie unten auf das Bild, wenn Sie den Gottesdienst direkt auf YouTube ansehen wollen. Die Wiedergabe startet genau zum Gottesdienstbeginn. [ujicountdown id=\"countdown\" expire=\"2023\/05\/28 10:00\" hide=\"true\" rectype=\"second\"] \u00a0","rel":"","context":"In &quot;Event&quot;","block_context":{"text":"Event","link":"https:\/\/evk-hornbach.de\/?cat=59"},"img":{"alt_text":"","src":"https:\/\/i0.wp.com\/evk-hornbach.de\/wp-content\/uploads\/2017\/12\/agapegd-pfingsten23.jpg?resize=350%2C200&ssl=1","width":350,"height":200,"srcset":"https:\/\/i0.wp.com\/evk-hornbach.de\/wp-content\/uploads\/2017\/12\/agapegd-pfingsten23.jpg?resize=350%2C200&ssl=1 1x, https:\/\/i0.wp.com\/evk-hornbach.de\/wp-content\/uploads\/2017\/12\/agapegd-pfingsten23.jpg?resize=525%2C300&ssl=1 1.5x, https:\/\/i0.wp.com\/evk-hornbach.de\/wp-content\/uploads\/2017\/12\/agapegd-pfingsten23.jpg?resize=700%2C400&ssl=1 2x"},"classes":[]},{"id":47434,"url":"https:\/\/evk-hornbach.de\/?p=47434","url_meta":{"origin":47301,"position":5},"title":"Gottesdienst in Mauschbach: 9.7., 11 Uhr","author":"Christian G\u00fcnther","date":"6. Juli 2023","format":false,"excerpt":"In der Klosterkirche Hornbach gibt es keinen Gottesdienst am 9.7.2023!","rel":"","context":"In &quot;Event&quot;","block_context":{"text":"Event","link":"https:\/\/evk-hornbach.de\/?cat=59"},"img":{"alt_text":"","src":"https:\/\/i0.wp.com\/evk-hornbach.de\/wp-content\/uploads\/2017\/12\/mauschbacher-sommerfest-gd-23.png?resize=350%2C200&ssl=1","width":350,"height":200,"srcset":"https:\/\/i0.wp.com\/evk-hornbach.de\/wp-content\/uploads\/2017\/12\/mauschbacher-sommerfest-gd-23.png?resize=350%2C200&ssl=1 1x, https:\/\/i0.wp.com\/evk-hornbach.de\/wp-content\/uploads\/2017\/12\/mauschbacher-sommerfest-gd-23.png?resize=525%2C300&ssl=1 1.5x, https:\/\/i0.wp.com\/evk-hornbach.de\/wp-content\/uploads\/2017\/12\/mauschbacher-sommerfest-gd-23.png?resize=700%2C400&ssl=1 2x, https:\/\/i0.wp.com\/evk-hornbach.de\/wp-content\/uploads\/2017\/12\/mauschbacher-sommerfest-gd-23.png?resize=1050%2C600&ssl=1 3x, https:\/\/i0.wp.com\/evk-hornbach.de\/wp-content\/uploads\/2017\/12\/mauschbacher-sommerfest-gd-23.png?resize=1400%2C800&ssl=1 4x"},"classes":[]}],"jetpack_sharing_enabled":true,"publishpress_future_action":{"enabled":false,"date":"2026-05-08 21:26:22","action":"change-status","newStatus":"draft","terms":[],"taxonomy":"category","extraData":[]},"publishpress_future_workflow_manual_trigger":{"enabledWorkflows":[]},"_links":{"self":[{"href":"https:\/\/evk-hornbach.de\/index.php?rest_route=\/wp\/v2\/posts\/47301","targetHints":{"allow":["GET"]}}],"collection":[{"href":"https:\/\/evk-hornbach.de\/index.php?rest_route=\/wp\/v2\/posts"}],"about":[{"href":"https:\/\/evk-hornbach.de\/index.php?rest_route=\/wp\/v2\/types\/post"}],"author":[{"embeddable":true,"href":"https:\/\/evk-hornbach.de\/index.php?rest_route=\/wp\/v2\/users\/2"}],"replies":[{"embeddable":true,"href":"https:\/\/evk-hornbach.de\/index.php?rest_route=%2Fwp%2Fv2%2Fcomments&post=47301"}],"version-history":[{"count":4,"href":"https:\/\/evk-hornbach.de\/index.php?rest_route=\/wp\/v2\/posts\/47301\/revisions"}],"predecessor-version":[{"id":47306,"href":"https:\/\/evk-hornbach.de\/index.php?rest_route=\/wp\/v2\/posts\/47301\/revisions\/47306"}],"wp:attachment":[{"href":"https:\/\/evk-hornbach.de\/index.php?rest_route=%2Fwp%2Fv2%2Fmedia&parent=47301"}],"wp:term":[{"taxonomy":"category","embeddable":true,"href":"https:\/\/evk-hornbach.de\/index.php?rest_route=%2Fwp%2Fv2%2Fcategories&post=47301"},{"taxonomy":"post_tag","embeddable":true,"href":"https:\/\/evk-hornbach.de\/index.php?rest_route=%2Fwp%2Fv2%2Ftags&post=47301"},{"taxonomy":"series","embeddable":true,"href":"https:\/\/evk-hornbach.de\/index.php?rest_route=%2Fwp%2Fv2%2Fseries&post=47301"}],"curies":[{"name":"wp","href":"https:\/\/api.w.org\/{rel}","templated":true}]}}