{"id":46614,"date":"2023-03-18T10:07:52","date_gmt":"2023-03-18T08:07:52","guid":{"rendered":"https:\/\/evk-hornbach.de\/?p=46614"},"modified":"2023-04-04T08:00:59","modified_gmt":"2023-04-04T06:00:59","slug":"34-benefizkonzert-am-31-3-2023","status":"publish","type":"post","link":"https:\/\/evk-hornbach.de\/?p=46614","title":{"rendered":"34. Benefizkonzert am 31.3.2023"},"content":{"rendered":"<p><img loading=\"lazy\" decoding=\"async\" class=\"alignright wp-image-3600\" src=\"https:\/\/evk-hornbach.de\/wp-content\/uploads\/2019\/03\/Konzertreihe-Seel-Kern-mit-Anmerkungen.png\" alt=\"Fl\u00fcgel, Klavier, Fluegel\" width=\"169\" height=\"151\" srcset=\"https:\/\/evk-hornbach.de\/wp-content\/uploads\/2019\/03\/Konzertreihe-Seel-Kern-mit-Anmerkungen.png 691w, https:\/\/evk-hornbach.de\/wp-content\/uploads\/2019\/03\/Konzertreihe-Seel-Kern-mit-Anmerkungen-300x268.png 300w\" sizes=\"auto, (max-width: 169px) 100vw, 169px\" \/>in der Klosterkirche Hornbach, 19 Uhr<\/p>\n<p><strong><em>Der Januskopf Beethoven<\/em><\/strong><\/p>\n<p>mit Oliver Kern am Fl\u00fcgel<\/p>\n<p>&nbsp;<\/p>\n[ujicountdown id=&#8220;countdown&#8220; expire=&#8220;2023\/03\/31 19:00&#8243; hide=&#8220;true&#8220; rectype=&#8220;second&#8220;]\n<p><a href=\"https:\/\/youtube.com\/live\/tV0rWChLhls?feature=share\"><img loading=\"lazy\" decoding=\"async\" class=\"alignnone wp-image-46732 size-large\" src=\"https:\/\/evk-hornbach.de\/wp-content\/uploads\/2023\/03\/thumbnail_ben31032023mpb-1024x576.png\" alt=\"\" width=\"840\" height=\"473\" srcset=\"https:\/\/evk-hornbach.de\/wp-content\/uploads\/2023\/03\/thumbnail_ben31032023mpb-1024x576.png 1024w, https:\/\/evk-hornbach.de\/wp-content\/uploads\/2023\/03\/thumbnail_ben31032023mpb-300x169.png 300w, https:\/\/evk-hornbach.de\/wp-content\/uploads\/2023\/03\/thumbnail_ben31032023mpb-768x432.png 768w, https:\/\/evk-hornbach.de\/wp-content\/uploads\/2023\/03\/thumbnail_ben31032023mpb-1536x864.png 1536w, https:\/\/evk-hornbach.de\/wp-content\/uploads\/2023\/03\/thumbnail_ben31032023mpb.png 1600w\" sizes=\"auto, (max-width: 840px) 100vw, 840px\" \/><\/a><\/p>\n\n<div class=\"sp-wrap sp-wrap-default\">\n<div class=\"sp-head\" title=\"Erweitern\">\nKlicken Sie hier f\u00fcr mehr Informationen!\n<\/div>\n<div class=\"sp-body folded\">\n<p><iframe loading=\"lazy\" class=\"pdfjs-viewer\" width=\"100%\" height=\"900px\" src=\"https:\/\/evk-hornbach.de\/wp-content\/plugins\/pdf-viewer\/stable\/web\/viewer.html?file=https:\/\/evk-hornbach.de\/wp-content\/uploads\/2023\/03\/Werbung-Internet-Kern-2023.pdf\"><\/iframe> <\/p>\n<div class=\"spdiv\">[Einklappen]<\/div>\n<\/div>\n<\/div>\n\n","protected":false},"excerpt":{"rendered":"<p>in der Klosterkirche Hornbach, 19 Uhr Der Januskopf Beethoven mit Oliver Kern am Fl\u00fcgel &nbsp; [ujicountdown id=&#8220;countdown&#8220; expire=&#8220;2023\/03\/31 19:00&#8243; hide=&#8220;true&#8220; rectype=&#8220;second&#8220;]<\/p>\n","protected":false},"author":2,"featured_media":0,"comment_status":"open","ping_status":"open","sticky":false,"template":"","format":"standard","meta":{"_uag_custom_page_level_css":"","advgb_blocks_editor_width":"","advgb_blocks_columns_visual_guide":"","episode_type":"audio","audio_file":"","podmotor_file_id":"","podmotor_episode_id":"","cover_image":"","cover_image_id":"","duration":"","filesize":"","filesize_raw":"","date_recorded":"","explicit":"","block":"","cybocfi_hide_featured_image":"","_jetpack_memberships_contains_paid_content":false,"footnotes":""},"categories":[252,1],"tags":[],"series":[],"class_list":["post-46614","post","type-post","status-publish","format-standard","hentry","category-konzert","category-uncategorized","entry"],"episode_featured_image":false,"episode_player_image":"https:\/\/evk-hornbach.de\/wp-content\/uploads\/2017\/12\/losungandacht2026logov3.png","download_link":"","player_link":"","audio_player":false,"episode_data":{"playerMode":"dark","subscribeUrls":{"amazon":{"key":"amazon","url":"https:\/\/music.amazon.com\/podcasts\/46f9b0a9-b2db-4d5c-b947-5f5e4228a8e4\/losungsandachten-2022","label":"Amazon","class":"amazon","icon":"amazon.png"},"apple_podcasts":{"key":"apple_podcasts","url":"https:\/\/podcasts.apple.com\/de\/podcast\/losungsandachten-2022\/id1629150905","label":"Apple Podcasts","class":"apple_podcasts","icon":"apple-podcasts.png"},"deezer":{"key":"deezer","url":"","label":"Deezer","class":"deezer","icon":"deezer.png"},"podcast_de":{"key":"podcast_de","url":"","label":"Podcast.de","class":"podcast_de","icon":"podcast-de.png"},"rss":{"key":"rss","url":"https:\/\/evk-hornbach.de\/?cat=294&feed=rss2","label":"RSS","class":"rss","icon":"rss.png"},"rssradio":{"key":"rssradio","url":"","label":"RSSRadio","class":"rssradio","icon":"rssradio.png"},"spotify":{"key":"spotify","url":"https:\/\/open.spotify.com\/show\/5kJEFM4ESjFH2n1nivrIfi","label":"Spotify","class":"spotify","icon":"spotify.png"},"tunein":{"key":"tunein","url":"","label":"TuneIn","class":"tunein","icon":"tunein.png"},"fyyd_de":{"key":"fyyd_de","url":"https:\/\/fyyd.de\/podcast\/losungsandachten-2022\/0","label":"fyyd.de","class":"fyyd_de","icon":"fyyd-de.png"}},"rssFeedUrl":"https:\/\/evk-hornbach.de\/?feed=podcast&podcast_series=losungsandachten","embedCode":"<blockquote class=\"wp-embedded-content\" data-secret=\"cwyRwBVGjy\"><a href=\"https:\/\/evk-hornbach.de\/?p=46614\">34. Benefizkonzert am 31.3.2023<\/a><\/blockquote><iframe sandbox=\"allow-scripts\" security=\"restricted\" src=\"https:\/\/evk-hornbach.de\/?p=46614&#038;embed=true#?secret=cwyRwBVGjy\" width=\"500\" height=\"350\" title=\"&#8222;34. Benefizkonzert am 31.3.2023&#8220; &#8211; Prot. Kirchengemeinde Hornbachtal mit der prot. Kirchengemeinde Rimschweiler\" data-secret=\"cwyRwBVGjy\" frameborder=\"0\" marginwidth=\"0\" marginheight=\"0\" scrolling=\"no\" class=\"wp-embedded-content\"><\/iframe><script>\n\/*! This file is auto-generated *\/\n!function(d,l){\"use strict\";l.querySelector&&d.addEventListener&&\"undefined\"!=typeof URL&&(d.wp=d.wp||{},d.wp.receiveEmbedMessage||(d.wp.receiveEmbedMessage=function(e){var t=e.data;if((t||t.secret||t.message||t.value)&&!\/[^a-zA-Z0-9]\/.test(t.secret)){for(var s,r,n,a=l.querySelectorAll('iframe[data-secret=\"'+t.secret+'\"]'),o=l.querySelectorAll('blockquote[data-secret=\"'+t.secret+'\"]'),c=new RegExp(\"^https?:$\",\"i\"),i=0;i<o.length;i++)o[i].style.display=\"none\";for(i=0;i<a.length;i++)s=a[i],e.source===s.contentWindow&&(s.removeAttribute(\"style\"),\"height\"===t.message?(1e3<(r=parseInt(t.value,10))?r=1e3:~~r<200&&(r=200),s.height=r):\"link\"===t.message&&(r=new URL(s.getAttribute(\"src\")),n=new URL(t.value),c.test(n.protocol))&&n.host===r.host&&l.activeElement===s&&(d.top.location.href=t.value))}},d.addEventListener(\"message\",d.wp.receiveEmbedMessage,!1),l.addEventListener(\"DOMContentLoaded\",function(){for(var e,t,s=l.querySelectorAll(\"iframe.wp-embedded-content\"),r=0;r<s.length;r++)(t=(e=s[r]).getAttribute(\"data-secret\"))||(t=Math.random().toString(36).substring(2,12),e.src+=\"#?secret=\"+t,e.setAttribute(\"data-secret\",t)),e.contentWindow.postMessage({message:\"ready\",secret:t},\"*\")},!1)))}(window,document);\n\/\/# sourceURL=https:\/\/evk-hornbach.de\/wp-includes\/js\/wp-embed.min.js\n<\/script>\n"},"author_meta":{"display_name":"Christian G\u00fcnther","author_link":"https:\/\/evk-hornbach.de\/?author=2"},"featured_img":null,"jetpack_featured_media_url":"","uagb_featured_image_src":{"full":false,"thumbnail":false,"medium":false,"medium_large":false,"large":false,"ug_big":false,"1536x1536":false,"2048x2048":false,"post-thumbnail":false},"uagb_author_info":{"display_name":"Christian G\u00fcnther","author_link":"https:\/\/evk-hornbach.de\/?author=2"},"uagb_comment_info":0,"uagb_excerpt":"in der Klosterkirche Hornbach, 19 Uhr Der Januskopf Beethoven mit Oliver Kern am Fl\u00fcgel &nbsp; [ujicountdown id=&#8220;countdown&#8220; expire=&#8220;2023\/03\/31 19:00&#8243; hide=&#8220;true&#8220; rectype=&#8220;second&#8220;]","coauthors":[],"tax_additional":{"categories":{"linked":["<a href=\"https:\/\/evk-hornbach.de\/?cat=252\" class=\"advgb-post-tax-term\">Konzert<\/a>","<a href=\"https:\/\/evk-hornbach.de\/?cat=1\" class=\"advgb-post-tax-term\">Uncategorized<\/a>"],"unlinked":["<span class=\"advgb-post-tax-term\">Konzert<\/span>","<span class=\"advgb-post-tax-term\">Uncategorized<\/span>"]}},"comment_count":"0","relative_dates":{"created":"Ver\u00f6ffentlicht 3\u00a0Jahren vor","modified":"Aktualisiert 3\u00a0Jahren vor"},"absolute_dates":{"created":"Ver\u00f6ffentlicht am 18. M\u00e4rz 2023","modified":"Aktualisiert am 4. April 2023"},"absolute_dates_time":{"created":"Ver\u00f6ffentlicht am 18. M\u00e4rz 2023 10:07","modified":"Aktualisiert am 4. April 2023 8:00"},"featured_img_caption":"","series_order":"","jetpack-related-posts":[{"id":50530,"url":"https:\/\/evk-hornbach.de\/?p=50530","url_meta":{"origin":46614,"position":0},"title":"47. Benefizkonzert in der Klosterkirche am 27. September um 19 Uhr","author":"Christian G\u00fcnther","date":"24. September 2024","format":false,"excerpt":"Maestro Kern ist wieder da! [ujicountdown id=\"countdown\" expire=\"2024\/09\/27 19:00\" hide=\"true\" rectype=\"second\"] Das Benefizkonzert wird live im Internet \u00fcbertragen. Klicken Sie unten auf das Bild, wenn Sie das Benefizkonzert direkt auf YouTube ansehen wollen. Die Wiedergabe startet genau zum Konzertbeginn. \u00a0","rel":"","context":"In &quot;Benefizkonzert&quot;","block_context":{"text":"Benefizkonzert","link":"https:\/\/evk-hornbach.de\/?cat=347"},"img":{"alt_text":"","src":"https:\/\/i0.wp.com\/evk-hornbach.de\/wp-content\/uploads\/2024\/09\/thumbnail_47benefizk27092024-1024x576.jpg?resize=350%2C200&ssl=1","width":350,"height":200,"srcset":"https:\/\/i0.wp.com\/evk-hornbach.de\/wp-content\/uploads\/2024\/09\/thumbnail_47benefizk27092024-1024x576.jpg?resize=350%2C200&ssl=1 1x, https:\/\/i0.wp.com\/evk-hornbach.de\/wp-content\/uploads\/2024\/09\/thumbnail_47benefizk27092024-1024x576.jpg?resize=525%2C300&ssl=1 1.5x, https:\/\/i0.wp.com\/evk-hornbach.de\/wp-content\/uploads\/2024\/09\/thumbnail_47benefizk27092024-1024x576.jpg?resize=700%2C400&ssl=1 2x"},"classes":[]},{"id":42317,"url":"https:\/\/evk-hornbach.de\/?p=42317","url_meta":{"origin":46614,"position":1},"title":"Das Hometown-Ferienprogramm der Kirchengemeinde Hornbach-Brenschelbach","author":"Christian G\u00fcnther","date":"2. August 2021","format":false,"excerpt":"vom 2.-8. August sieht so aus: PDF mit dem Ferienprogramm herunterladen: \u00a0 Aus Daten- und Jugendschutzgr\u00fcnden m\u00fcssen die Erziehungsberechtigten der Teilnehmenden folgende Erkl\u00e4rungen herunterladen, ausf\u00fcllen, unterschreiben und rechtzeitig zum Pfarramt schicken \/ bringen: Datenschutzerkl\u00e4rung (hier bitte herunterladen): \u00a0 Transportgenehmigung f\u00fcr die Teilnehmenden (hier bitte herunterladen):","rel":"","context":"In &quot;Event&quot;","block_context":{"text":"Event","link":"https:\/\/evk-hornbach.de\/?cat=59"},"img":{"alt_text":"","src":"https:\/\/i0.wp.com\/evk-hornbach.de\/wp-content\/uploads\/2017\/12\/download-pdf-3660827_640.png?resize=350%2C200&ssl=1","width":350,"height":200,"srcset":"https:\/\/i0.wp.com\/evk-hornbach.de\/wp-content\/uploads\/2017\/12\/download-pdf-3660827_640.png?resize=350%2C200&ssl=1 1x, https:\/\/i0.wp.com\/evk-hornbach.de\/wp-content\/uploads\/2017\/12\/download-pdf-3660827_640.png?resize=525%2C300&ssl=1 1.5x"},"classes":[]},{"id":50516,"url":"https:\/\/evk-hornbach.de\/?p=50516","url_meta":{"origin":46614,"position":2},"title":"Predigt Uwe Beck &#8211; Ber\u00fchren","author":"Christian G\u00fcnther","date":"17. September 2024","format":false,"excerpt":"Im Rahmen der Kanzeltausch-Reihe im September hielt Pfr. Uwe Beck aus Contwig eine Predigt \u00fcber das Ber\u00fchren (Tastsinn).","rel":"","context":"In &quot;Traktat&quot;","block_context":{"text":"Traktat","link":"https:\/\/evk-hornbach.de\/?cat=86"},"img":{"alt_text":"","src":"","width":0,"height":0},"classes":[]},{"id":48215,"url":"https:\/\/evk-hornbach.de\/?p=48215","url_meta":{"origin":46614,"position":3},"title":"38. Benefizkonzert mit Daniel Seel","author":"Christian G\u00fcnther","date":"2. Dezember 2023","format":false,"excerpt":"am Samstag, dem 16.12.2023 in der Klosterkirche Hornbach mit Daniel Seel","rel":"","context":"In &quot;Benefizkonzert&quot;","block_context":{"text":"Benefizkonzert","link":"https:\/\/evk-hornbach.de\/?cat=347"},"img":{"alt_text":"","src":"https:\/\/i0.wp.com\/evk-hornbach.de\/wp-content\/uploads\/2017\/12\/konzertbild161223.png?resize=350%2C200&ssl=1","width":350,"height":200,"srcset":"https:\/\/i0.wp.com\/evk-hornbach.de\/wp-content\/uploads\/2017\/12\/konzertbild161223.png?resize=350%2C200&ssl=1 1x, https:\/\/i0.wp.com\/evk-hornbach.de\/wp-content\/uploads\/2017\/12\/konzertbild161223.png?resize=525%2C300&ssl=1 1.5x"},"classes":[]},{"id":48773,"url":"https:\/\/evk-hornbach.de\/?p=48773","url_meta":{"origin":46614,"position":4},"title":"38. Benefizkonzert mit Daniel Seel &#8211; REPRISE","author":"Christian G\u00fcnther","date":"5. Januar 2024","format":false,"excerpt":"Am Samstag, 6.1.2024, 18 Uhr in der Klosterkirche Hornbach Das Benefizkonzert wird live im Internet \u00fcbertragen. Klicken Sie unten auf das Bild, wenn Sie das Benefizkonzert direkt auf YouTube ansehen wollen. Die Wiedergabe startet genau zum Konzertbeginn. [ujicountdown id=\"countdown\" expire=\"2023\/01\/06 18:00\" hide=\"true\" rectype=\"second\"] \u00a0","rel":"","context":"In &quot;Benefizkonzert&quot;","block_context":{"text":"Benefizkonzert","link":"https:\/\/evk-hornbach.de\/?cat=347"},"img":{"alt_text":"Fl\u00fcgel, Klavier, Fluegel","src":"https:\/\/i0.wp.com\/evk-hornbach.de\/wp-content\/uploads\/2019\/03\/Konzertreihe-Seel-Kern-mit-Anmerkungen.png?resize=350%2C200&ssl=1","width":350,"height":200},"classes":[]},{"id":49078,"url":"https:\/\/evk-hornbach.de\/?p=49078","url_meta":{"origin":46614,"position":5},"title":"39. Benefizkonzert am 8. M\u00e4rz, 19 Uhr","author":"Christian G\u00fcnther","date":"23. Februar 2024","format":false,"excerpt":"\u00a0 Das Streichtrio Adali aus Berlin spielt Werke von Beethoven, Dohn\u00e1nyi, F. Schubert und Weinberg","rel":"","context":"In &quot;Benefizkonzert&quot;","block_context":{"text":"Benefizkonzert","link":"https:\/\/evk-hornbach.de\/?cat=347"},"img":{"alt_text":"","src":"https:\/\/i0.wp.com\/evk-hornbach.de\/wp-content\/uploads\/2024\/02\/39bene-komponisten.png?resize=350%2C200&ssl=1","width":350,"height":200,"srcset":"https:\/\/i0.wp.com\/evk-hornbach.de\/wp-content\/uploads\/2024\/02\/39bene-komponisten.png?resize=350%2C200&ssl=1 1x, https:\/\/i0.wp.com\/evk-hornbach.de\/wp-content\/uploads\/2024\/02\/39bene-komponisten.png?resize=525%2C300&ssl=1 1.5x"},"classes":[]}],"jetpack_sharing_enabled":true,"publishpress_future_action":{"enabled":false,"date":"2026-05-08 22:32:41","action":"change-status","newStatus":"draft","terms":[],"taxonomy":"category","extraData":[]},"publishpress_future_workflow_manual_trigger":{"enabledWorkflows":[]},"_links":{"self":[{"href":"https:\/\/evk-hornbach.de\/index.php?rest_route=\/wp\/v2\/posts\/46614","targetHints":{"allow":["GET"]}}],"collection":[{"href":"https:\/\/evk-hornbach.de\/index.php?rest_route=\/wp\/v2\/posts"}],"about":[{"href":"https:\/\/evk-hornbach.de\/index.php?rest_route=\/wp\/v2\/types\/post"}],"author":[{"embeddable":true,"href":"https:\/\/evk-hornbach.de\/index.php?rest_route=\/wp\/v2\/users\/2"}],"replies":[{"embeddable":true,"href":"https:\/\/evk-hornbach.de\/index.php?rest_route=%2Fwp%2Fv2%2Fcomments&post=46614"}],"version-history":[{"count":11,"href":"https:\/\/evk-hornbach.de\/index.php?rest_route=\/wp\/v2\/posts\/46614\/revisions"}],"predecessor-version":[{"id":46733,"href":"https:\/\/evk-hornbach.de\/index.php?rest_route=\/wp\/v2\/posts\/46614\/revisions\/46733"}],"wp:attachment":[{"href":"https:\/\/evk-hornbach.de\/index.php?rest_route=%2Fwp%2Fv2%2Fmedia&parent=46614"}],"wp:term":[{"taxonomy":"category","embeddable":true,"href":"https:\/\/evk-hornbach.de\/index.php?rest_route=%2Fwp%2Fv2%2Fcategories&post=46614"},{"taxonomy":"post_tag","embeddable":true,"href":"https:\/\/evk-hornbach.de\/index.php?rest_route=%2Fwp%2Fv2%2Ftags&post=46614"},{"taxonomy":"series","embeddable":true,"href":"https:\/\/evk-hornbach.de\/index.php?rest_route=%2Fwp%2Fv2%2Fseries&post=46614"}],"curies":[{"name":"wp","href":"https:\/\/api.w.org\/{rel}","templated":true}]}}