{"id":43484,"date":"2022-01-29T10:50:33","date_gmt":"2022-01-29T09:50:33","guid":{"rendered":"https:\/\/evk-hornbach.de\/?p=43484"},"modified":"2022-02-07T06:53:10","modified_gmt":"2022-02-07T05:53:10","slug":"23-benefizkonzert-in-am-samstag-5-februar-19-h","status":"publish","type":"post","link":"https:\/\/evk-hornbach.de\/?p=43484","title":{"rendered":"23. Benefizkonzert in der Klosterkirche am Samstag, 5. Februar, 19 Uhr"},"content":{"rendered":"<h2><strong>\u201eNun schein, du Glanz der Herrlichkeit\u201c<\/strong><\/h2>\n<p><strong>mit Bezirkskantor Helge Schulz<br \/>\n<\/strong><strong>und Ensemble<br \/>\n<\/strong><\/p>\n<p><strong>Werke u.a. von<\/strong><\/p>\n<p><strong>Leonhard Lechner, Heinrich Sch\u00fctz,<br \/>\n<\/strong><strong>Charles Villiers Stanford und Bob Chilcott<\/strong><\/p>\n<p>Der Eintritt zu den Konzertreihen ist kostenlos. <strong>Wegen der Corona-Bedingungen wird<\/strong> <a href=\"mailto:pfarramt@evk-hornbach.de?subject=Anmeldung%20f%C3%BCr%20das%2023.%20Benefizkonzert%20in%20der%20Klosterkirche%20in%20Hornbach&amp;body=Sehr%20geehrter%20Herr%20Pfr.%20Seel%2C%0D%0A%0D%0Ahiermit%20melde%20ich%20...%20Personen%20f%C3%BCr%20das%20Benefizkonzert%20am%205.%20Februar%20um%2019%20Uhr%20in%20der%20Klosterkirche%20Hornbach%20an.%0D%0ABitte%20setzen%20Sie%20mich%2Funs%20auf%20die%20Zuh%C3%B6rer-Liste%20und%20benachrichtigen%20Sie%20mich%20umgehend%2C%20falls%20sich%20schon%20zu%20viele%20Personen%20angemeldet%20haben.%0D%0A%0D%0AMit%20freunlichem%20Gru%C3%9F%0D%0A%0D%0A\"><strong>um Anmeldung <i id=\"fac_69f3aec0ea348\" class=\"fa fa-envelope\"><\/i>\n<\/strong><\/a> <strong>gebeten<\/strong><strong>.<\/strong><\/p>\n<p><strong>Es gilt die 2G+-Regel. <\/strong>Bitte bringen Sie Ihren Impf- bzw. Genesungsnachweis,\u00a0einen Testnachweis (entf\u00e4llt bei Booster-Impfung) und Ihren Personalausweis,\u00a0sowie einen Zettel mit Name, Anschrift und Telefonnummer oder ihren Luca-App- bzw. Corona-Warn-App-Zugang mit!<\/p>\n<p><strong>Prot. Kirchengemeinde IBAN: DE66 5425 0010 0075 0302 96, BIC: MALADE51SWP.<br \/>\n<\/strong><strong>Verwendungszweck: Kirchenorgel Hornbach<br \/>\n<\/strong><\/p>\n<p>&nbsp;<\/p>\n<p><em><strong>N\u00e4chste Veranstaltungen:<\/strong><\/em><\/p>\n<p><em><strong>M\u00e4rz<\/strong>: Karina Lewicka (Viola) und Jakob Daniel Seel (Violoncello) (Berlin)<\/em><\/p>\n<p><em><strong>April<\/strong>: Prof. Oliver Kern (Klavier) (Frankfurt a.M.)<\/em><\/p>\n<p><em><strong>Anfang Mai<\/strong>: Vanessa Novak (Gitarre und Gesang) (Darmstadt)<\/em><\/p>\n<p><em><strong>Ende Mai:<\/strong> Enik\u00f6 Ginzery (Cimbalom) und Orsolya Nagy (Klavier) <\/em><em>(Bratislava\/Berlin\/Saarbr\u00fccken)<\/em><\/p>\n<p><em><strong>Juni<\/strong>: Orchester Ensemble Optimus, Ltg: Benjamin Jup\u00e9 (Saarbr\u00fccken)<\/em><\/p>\n<p><em><strong>Juli<\/strong>: Mariola Jup\u00e9 (Sopran) und Uwe Brandt (Klavier) (Saarbr\u00fccken)<\/em><\/p>\n<p><em><strong>September<\/strong>: Nare Karoyan (Klavier) (Jerewan und K\u00f6ln)<\/em><\/p>\n<p><em><strong>Oktober<\/strong>: Posaunenchor der Stadtmission Zweibr\u00fccken (Konzert zum 125. Jubil\u00e4um)<\/em><\/p>\n","protected":false},"excerpt":{"rendered":"<p>\u201eNun schein, du Glanz der Herrlichkeit\u201c mit Bezirkskantor Helge Schulz und Ensemble Werke u.a. von Leonhard Lechner, Heinrich Sch\u00fctz, Charles Villiers Stanford und Bob Chilcott Der Eintritt zu den Konzertreihen ist kostenlos. Wegen der Corona-Bedingungen wird um Anmeldung gebeten. Es gilt die 2G+-Regel. Bitte bringen Sie Ihren Impf- bzw. Genesungsnachweis,\u00a0einen Testnachweis (entf\u00e4llt bei Booster-Impfung) und&hellip; <a class=\"more-link\" href=\"https:\/\/evk-hornbach.de\/?p=43484\"><span class=\"screen-reader-text\">23. Benefizkonzert in der Klosterkirche am Samstag, 5. Februar, 19 Uhr<\/span> weiterlesen<\/a><\/p>\n","protected":false},"author":2,"featured_media":3600,"comment_status":"open","ping_status":"open","sticky":false,"template":"","format":"standard","meta":{"_uag_custom_page_level_css":"","advgb_blocks_editor_width":"","advgb_blocks_columns_visual_guide":"","episode_type":"audio","audio_file":"","podmotor_file_id":"","podmotor_episode_id":"","cover_image":"","cover_image_id":"","duration":"","filesize":"","filesize_raw":"","date_recorded":"","explicit":"","block":"","cybocfi_hide_featured_image":"","_jetpack_memberships_contains_paid_content":false,"footnotes":""},"categories":[59,97,252,253],"tags":[],"series":[],"class_list":["post-43484","post","type-post","status-publish","format-standard","has-post-thumbnail","hentry","category-event","category-kirchenmusik","category-konzert","category-konzert-event","entry"],"episode_featured_image":"https:\/\/evk-hornbach.de\/wp-content\/uploads\/2019\/03\/Konzertreihe-Seel-Kern-mit-Anmerkungen.png","episode_player_image":"https:\/\/evk-hornbach.de\/wp-content\/uploads\/2017\/12\/losungandacht2026logov3.png","download_link":"","player_link":"","audio_player":false,"episode_data":{"playerMode":"dark","subscribeUrls":{"amazon":{"key":"amazon","url":"https:\/\/music.amazon.com\/podcasts\/46f9b0a9-b2db-4d5c-b947-5f5e4228a8e4\/losungsandachten-2022","label":"Amazon","class":"amazon","icon":"amazon.png"},"apple_podcasts":{"key":"apple_podcasts","url":"https:\/\/podcasts.apple.com\/de\/podcast\/losungsandachten-2022\/id1629150905","label":"Apple Podcasts","class":"apple_podcasts","icon":"apple-podcasts.png"},"deezer":{"key":"deezer","url":"","label":"Deezer","class":"deezer","icon":"deezer.png"},"podcast_de":{"key":"podcast_de","url":"","label":"Podcast.de","class":"podcast_de","icon":"podcast-de.png"},"rss":{"key":"rss","url":"https:\/\/evk-hornbach.de\/?cat=294&feed=rss2","label":"RSS","class":"rss","icon":"rss.png"},"rssradio":{"key":"rssradio","url":"","label":"RSSRadio","class":"rssradio","icon":"rssradio.png"},"spotify":{"key":"spotify","url":"https:\/\/open.spotify.com\/show\/5kJEFM4ESjFH2n1nivrIfi","label":"Spotify","class":"spotify","icon":"spotify.png"},"tunein":{"key":"tunein","url":"","label":"TuneIn","class":"tunein","icon":"tunein.png"},"fyyd_de":{"key":"fyyd_de","url":"https:\/\/fyyd.de\/podcast\/losungsandachten-2022\/0","label":"fyyd.de","class":"fyyd_de","icon":"fyyd-de.png"}},"rssFeedUrl":"https:\/\/evk-hornbach.de\/?feed=podcast&podcast_series=losungsandachten","embedCode":"<blockquote class=\"wp-embedded-content\" data-secret=\"GxoDqrQKm4\"><a href=\"https:\/\/evk-hornbach.de\/?p=43484\">23. Benefizkonzert in der Klosterkirche am Samstag, 5. Februar, 19 Uhr<\/a><\/blockquote><iframe sandbox=\"allow-scripts\" security=\"restricted\" src=\"https:\/\/evk-hornbach.de\/?p=43484&#038;embed=true#?secret=GxoDqrQKm4\" width=\"500\" height=\"350\" title=\"&#8222;23. Benefizkonzert in der Klosterkirche am Samstag, 5. Februar, 19 Uhr&#8220; &#8211; Prot. Kirchengemeinde Hornbachtal mit der prot. Kirchengemeinde Rimschweiler\" data-secret=\"GxoDqrQKm4\" frameborder=\"0\" marginwidth=\"0\" marginheight=\"0\" scrolling=\"no\" class=\"wp-embedded-content\"><\/iframe><script>\n\/*! This file is auto-generated *\/\n!function(d,l){\"use strict\";l.querySelector&&d.addEventListener&&\"undefined\"!=typeof URL&&(d.wp=d.wp||{},d.wp.receiveEmbedMessage||(d.wp.receiveEmbedMessage=function(e){var t=e.data;if((t||t.secret||t.message||t.value)&&!\/[^a-zA-Z0-9]\/.test(t.secret)){for(var s,r,n,a=l.querySelectorAll('iframe[data-secret=\"'+t.secret+'\"]'),o=l.querySelectorAll('blockquote[data-secret=\"'+t.secret+'\"]'),c=new RegExp(\"^https?:$\",\"i\"),i=0;i<o.length;i++)o[i].style.display=\"none\";for(i=0;i<a.length;i++)s=a[i],e.source===s.contentWindow&&(s.removeAttribute(\"style\"),\"height\"===t.message?(1e3<(r=parseInt(t.value,10))?r=1e3:~~r<200&&(r=200),s.height=r):\"link\"===t.message&&(r=new URL(s.getAttribute(\"src\")),n=new URL(t.value),c.test(n.protocol))&&n.host===r.host&&l.activeElement===s&&(d.top.location.href=t.value))}},d.addEventListener(\"message\",d.wp.receiveEmbedMessage,!1),l.addEventListener(\"DOMContentLoaded\",function(){for(var e,t,s=l.querySelectorAll(\"iframe.wp-embedded-content\"),r=0;r<s.length;r++)(t=(e=s[r]).getAttribute(\"data-secret\"))||(t=Math.random().toString(36).substring(2,12),e.src+=\"#?secret=\"+t,e.setAttribute(\"data-secret\",t)),e.contentWindow.postMessage({message:\"ready\",secret:t},\"*\")},!1)))}(window,document);\n\/\/# sourceURL=https:\/\/evk-hornbach.de\/wp-includes\/js\/wp-embed.min.js\n<\/script>\n"},"author_meta":{"display_name":"Christian G\u00fcnther","author_link":"https:\/\/evk-hornbach.de\/?author=2"},"featured_img":"https:\/\/evk-hornbach.de\/wp-content\/uploads\/2019\/03\/Konzertreihe-Seel-Kern-mit-Anmerkungen-300x268.png","jetpack_featured_media_url":"https:\/\/evk-hornbach.de\/wp-content\/uploads\/2019\/03\/Konzertreihe-Seel-Kern-mit-Anmerkungen.png","uagb_featured_image_src":{"full":["https:\/\/evk-hornbach.de\/wp-content\/uploads\/2019\/03\/Konzertreihe-Seel-Kern-mit-Anmerkungen.png",691,618,false],"thumbnail":["https:\/\/evk-hornbach.de\/wp-content\/uploads\/2019\/03\/Konzertreihe-Seel-Kern-mit-Anmerkungen-150x150.png",150,150,true],"medium":["https:\/\/evk-hornbach.de\/wp-content\/uploads\/2019\/03\/Konzertreihe-Seel-Kern-mit-Anmerkungen-300x268.png",300,268,true],"medium_large":["https:\/\/evk-hornbach.de\/wp-content\/uploads\/2019\/03\/Konzertreihe-Seel-Kern-mit-Anmerkungen.png",691,618,false],"large":["https:\/\/evk-hornbach.de\/wp-content\/uploads\/2019\/03\/Konzertreihe-Seel-Kern-mit-Anmerkungen.png",691,618,false],"ug_big":["https:\/\/evk-hornbach.de\/wp-content\/uploads\/2019\/03\/Konzertreihe-Seel-Kern-mit-Anmerkungen.png",691,618,false],"1536x1536":["https:\/\/evk-hornbach.de\/wp-content\/uploads\/2019\/03\/Konzertreihe-Seel-Kern-mit-Anmerkungen.png",691,618,false],"2048x2048":["https:\/\/evk-hornbach.de\/wp-content\/uploads\/2019\/03\/Konzertreihe-Seel-Kern-mit-Anmerkungen.png",691,618,false],"post-thumbnail":["https:\/\/evk-hornbach.de\/wp-content\/uploads\/2019\/03\/Konzertreihe-Seel-Kern-mit-Anmerkungen.png",691,618,false]},"uagb_author_info":{"display_name":"Christian G\u00fcnther","author_link":"https:\/\/evk-hornbach.de\/?author=2"},"uagb_comment_info":0,"uagb_excerpt":"\u201eNun schein, du Glanz der Herrlichkeit\u201c mit Bezirkskantor Helge Schulz und Ensemble Werke u.a. von Leonhard Lechner, Heinrich Sch\u00fctz, Charles Villiers Stanford und Bob Chilcott Der Eintritt zu den Konzertreihen ist kostenlos. Wegen der Corona-Bedingungen wird um Anmeldung gebeten. Es gilt die 2G+-Regel. Bitte bringen Sie Ihren Impf- bzw. Genesungsnachweis,\u00a0einen Testnachweis (entf\u00e4llt bei Booster-Impfung) und&hellip;&hellip;","coauthors":[],"tax_additional":{"categories":{"linked":["<a href=\"https:\/\/evk-hornbach.de\/?cat=59\" class=\"advgb-post-tax-term\">Event<\/a>","<a href=\"https:\/\/evk-hornbach.de\/?cat=97\" class=\"advgb-post-tax-term\">Kirchenmusik<\/a>","<a href=\"https:\/\/evk-hornbach.de\/?cat=252\" class=\"advgb-post-tax-term\">Konzert<\/a>","<a href=\"https:\/\/evk-hornbach.de\/?cat=253\" class=\"advgb-post-tax-term\">Konzert2<\/a>"],"unlinked":["<span class=\"advgb-post-tax-term\">Event<\/span>","<span class=\"advgb-post-tax-term\">Kirchenmusik<\/span>","<span class=\"advgb-post-tax-term\">Konzert<\/span>","<span class=\"advgb-post-tax-term\">Konzert2<\/span>"]}},"comment_count":"0","relative_dates":{"created":"Ver\u00f6ffentlicht 4\u00a0Jahren vor","modified":"Aktualisiert 4\u00a0Jahren vor"},"absolute_dates":{"created":"Ver\u00f6ffentlicht am 29. Januar 2022","modified":"Aktualisiert am 7. Februar 2022"},"absolute_dates_time":{"created":"Ver\u00f6ffentlicht am 29. Januar 2022 10:50","modified":"Aktualisiert am 7. Februar 2022 6:53"},"featured_img_caption":"","series_order":"","jetpack-related-posts":[{"id":1432,"url":"https:\/\/evk-hornbach.de\/?p=1432","url_meta":{"origin":43484,"position":0},"title":"Vorank\u00fcndigung: Benefizkonzert des Kammerchores Opus 9","author":"Christian G\u00fcnther","date":"27. Juni 2017","format":"aside","excerpt":"... am Sonntag, dem 16. Juli um 17 Uhr in der Klosterkirche Hornbach In der Klosterkirche Hornbach findet am Sonntag, dem 16. Juli, 17 Uhr, ein Benefizkonzert zugunsten der Orgel statt. Das Programm bietet Chor- und Orgelmusik des 19. und 20. Jahrhunderts, u.a. von Felix Mendelssohn Bartholdy, Antonin Dvor\u00e1k und\u2026","rel":"","context":"In &quot;Event&quot;","block_context":{"text":"Event","link":"https:\/\/evk-hornbach.de\/?cat=59"},"img":{"alt_text":"","src":"https:\/\/i0.wp.com\/evk-hornbach.de\/wp-content\/uploads\/2017\/06\/opus9-1024x451.jpg?resize=350%2C200&ssl=1","width":350,"height":200,"srcset":"https:\/\/i0.wp.com\/evk-hornbach.de\/wp-content\/uploads\/2017\/06\/opus9-1024x451.jpg?resize=350%2C200&ssl=1 1x, https:\/\/i0.wp.com\/evk-hornbach.de\/wp-content\/uploads\/2017\/06\/opus9-1024x451.jpg?resize=525%2C300&ssl=1 1.5x, https:\/\/i0.wp.com\/evk-hornbach.de\/wp-content\/uploads\/2017\/06\/opus9-1024x451.jpg?resize=700%2C400&ssl=1 2x"},"classes":[]},{"id":39118,"url":"https:\/\/evk-hornbach.de\/?p=39118","url_meta":{"origin":43484,"position":1},"title":"Ist Pfingsten (wirklich) der Geburtstag der Kirche?","author":"Christian G\u00fcnther","date":"29. Mai 2020","format":false,"excerpt":"Dieser Artikel ist ein (wild heruntergeschriebener) Kommentar zu diesem Artikel aus dem Eulenmagazin: \"Pfingsten ist nicht der Geburtstag der Kirche\" Pfingsten ist der Geburtstag der Kirche. Basta. Die Apostelgeschichte erz\u00e4hlt von Pfingsten im gleichen Sinne, in dem die Sch\u00f6pfungsgeschichte von der Erschaffung der Welt, in dem das Buch Exodus von\u2026","rel":"","context":"In &quot;Traktat&quot;","block_context":{"text":"Traktat","link":"https:\/\/evk-hornbach.de\/?cat=86"},"img":{"alt_text":"","src":"https:\/\/i0.wp.com\/evk-hornbach.de\/wp-content\/uploads\/2020\/05\/kirchengeburtstag.jpg?resize=350%2C200&ssl=1","width":350,"height":200,"srcset":"https:\/\/i0.wp.com\/evk-hornbach.de\/wp-content\/uploads\/2020\/05\/kirchengeburtstag.jpg?resize=350%2C200&ssl=1 1x, https:\/\/i0.wp.com\/evk-hornbach.de\/wp-content\/uploads\/2020\/05\/kirchengeburtstag.jpg?resize=525%2C300&ssl=1 1.5x, https:\/\/i0.wp.com\/evk-hornbach.de\/wp-content\/uploads\/2020\/05\/kirchengeburtstag.jpg?resize=700%2C400&ssl=1 2x, https:\/\/i0.wp.com\/evk-hornbach.de\/wp-content\/uploads\/2020\/05\/kirchengeburtstag.jpg?resize=1050%2C600&ssl=1 3x"},"classes":[]},{"id":51361,"url":"https:\/\/evk-hornbach.de\/?p=51361","url_meta":{"origin":43484,"position":2},"title":"O Heiland, rei\u00df die Himmel auf, Teil IV","author":"Christian G\u00fcnther","date":"22. Dezember 2024","format":false,"excerpt":"https:\/\/youtu.be\/EV7UBCPkz0I?si=1vB7rrEB6gzVaZvf O Heiland rei\u00df die Himmel auf jazzig: Das Saxophonquartett Blattwerk Willkommen in der Moderne! Oder schon der Postmoderne? Denn der Advent ist ja nicht nur die Zeit des Weihnachtsgeschenkebestellens, der Weihnachtsm\u00e4rkte und der grippalen Infekte, und auch nicht nur die der Ankunft des Jesuskindes. Advent ist auch die Zeit\u2026","rel":"","context":"In &quot;Traktat&quot;","block_context":{"text":"Traktat","link":"https:\/\/evk-hornbach.de\/?cat=86"},"img":{"alt_text":"","src":"https:\/\/i0.wp.com\/evk-hornbach.de\/wp-content\/uploads\/2024\/11\/2024-11-23-12.30.03-pixabay.com-fe5e448741fa.png?resize=350%2C200&ssl=1","width":350,"height":200,"srcset":"https:\/\/i0.wp.com\/evk-hornbach.de\/wp-content\/uploads\/2024\/11\/2024-11-23-12.30.03-pixabay.com-fe5e448741fa.png?resize=350%2C200&ssl=1 1x, https:\/\/i0.wp.com\/evk-hornbach.de\/wp-content\/uploads\/2024\/11\/2024-11-23-12.30.03-pixabay.com-fe5e448741fa.png?resize=525%2C300&ssl=1 1.5x, https:\/\/i0.wp.com\/evk-hornbach.de\/wp-content\/uploads\/2024\/11\/2024-11-23-12.30.03-pixabay.com-fe5e448741fa.png?resize=700%2C400&ssl=1 2x"},"classes":[]},{"id":45157,"url":"https:\/\/evk-hornbach.de\/?p=45157","url_meta":{"origin":43484,"position":3},"title":"30. Benefizkonzert in der Klosterkirche, 09.09.2022, 19 Uhr","author":"Christian G\u00fcnther","date":"7. September 2022","format":false,"excerpt":"[ujicountdown id=\"countdown\" expire=\"2022\/09\/09 19:00\" hide=\"true\" rectype=\"second\"] Nikolaus Lenau: Wort und Klangzauber\u00a0\u00a0\u00a0 Judith Hoffmann, Sopran -\u00a0Nare Karoyan, Klavier Lenau-Vertonungen von Alban Berg, Fanny Hensel,\u00a0Franz Liszt, Felix Mendelssohn, Max Reger, Robert Schumann,\u00a0Richard Strauss und Hugo Wolf Veranstalterin: Protestantische Kirchengemeinde Hornbach-Brenschelbach in Kooperation mit dem Hotel Kloster Hornbach Eintritt kostenlos. Spenden erw\u00fcnscht! Prot.\u2026","rel":"","context":"\u00c4hnlicher Beitrag","block_context":{"text":"\u00c4hnlicher Beitrag","link":""},"img":{"alt_text":"","src":"https:\/\/i0.wp.com\/evk-hornbach.de\/wp-content\/uploads\/2022\/09\/hoffmann-karoyan.png?resize=350%2C200&ssl=1","width":350,"height":200,"srcset":"https:\/\/i0.wp.com\/evk-hornbach.de\/wp-content\/uploads\/2022\/09\/hoffmann-karoyan.png?resize=350%2C200&ssl=1 1x, https:\/\/i0.wp.com\/evk-hornbach.de\/wp-content\/uploads\/2022\/09\/hoffmann-karoyan.png?resize=525%2C300&ssl=1 1.5x"},"classes":[]},{"id":19884,"url":"https:\/\/evk-hornbach.de\/?p=19884","url_meta":{"origin":43484,"position":4},"title":"Jakobswege: Ein Abend in der Hornbacher M\u00e4nnerrunde","author":"Christian G\u00fcnther","date":"4. April 2019","format":"aside","excerpt":"Am 21. M\u00e4rz war Heinz Burkhardt, Sprecher der Regionalgruppe Pirminiusland-S\u00fcdwestpfalz der St. Jakobus-Gesellschaft Rheinland-Pfalz\/Saarland als Referent zu Gast in der Hornbacher M\u00e4nnerrunde und gab den Anwesenden einen facettenreichen Einblick in das zur Zeit lebendige Jakobspilgerwesen auch gerade bei uns. Wir erfuhren, dass die Jakobspilgerei etwa zu der Zeit begann, als\u2026","rel":"","context":"\u00c4hnlicher Beitrag","block_context":{"text":"\u00c4hnlicher Beitrag","link":""},"img":{"alt_text":"","src":"https:\/\/i0.wp.com\/evk-hornbach.de\/wp-content\/uploads\/2019\/04\/image.jpg?resize=350%2C200&ssl=1","width":350,"height":200,"srcset":"https:\/\/i0.wp.com\/evk-hornbach.de\/wp-content\/uploads\/2019\/04\/image.jpg?resize=350%2C200&ssl=1 1x, https:\/\/i0.wp.com\/evk-hornbach.de\/wp-content\/uploads\/2019\/04\/image.jpg?resize=525%2C300&ssl=1 1.5x, https:\/\/i0.wp.com\/evk-hornbach.de\/wp-content\/uploads\/2019\/04\/image.jpg?resize=700%2C400&ssl=1 2x"},"classes":[]},{"id":42963,"url":"https:\/\/evk-hornbach.de\/?p=42963","url_meta":{"origin":43484,"position":5},"title":"20. Benefizkonzert  in der Klosterkirche Hornbach","author":"Christian G\u00fcnther","date":"16. November 2021","format":false,"excerpt":"Klicken Sie auf das untere Bild, wenn Sie das Benefizkonzert direkt auf YouTube ansehen wollen. Die Wiedergabe startet genau zum Konzertbeginn. [ujicountdown id=\"bigdate\" expire=\"2021\/11\/20 19:00\" hide=\"true\" url=\"\" subscr=\"undefined\" recurring=\"\" rectype=\"second\" repeats=\"\"] Samstag, 20. November 2021, 19 Uhr Franz Schubert: Winterreise Ein Liederabend mit Frank W\u00f6rner und Orsolya Nagy Der Eintritt\u2026","rel":"","context":"In &quot;Konzert&quot;","block_context":{"text":"Konzert","link":"https:\/\/evk-hornbach.de\/?cat=252"},"img":{"alt_text":"Fl\u00fcgel, Klavier, Fluegel","src":"https:\/\/i0.wp.com\/evk-hornbach.de\/wp-content\/uploads\/2019\/03\/Konzertreihe-Seel-Kern-mit-Anmerkungen.png?resize=350%2C200&ssl=1","width":350,"height":200,"srcset":"https:\/\/i0.wp.com\/evk-hornbach.de\/wp-content\/uploads\/2019\/03\/Konzertreihe-Seel-Kern-mit-Anmerkungen.png?resize=350%2C200&ssl=1 1x, https:\/\/i0.wp.com\/evk-hornbach.de\/wp-content\/uploads\/2019\/03\/Konzertreihe-Seel-Kern-mit-Anmerkungen.png?resize=525%2C300&ssl=1 1.5x"},"classes":[]}],"jetpack_sharing_enabled":true,"publishpress_future_action":{"enabled":false,"date":"2026-05-07 21:34:25","action":"change-status","newStatus":"draft","terms":[],"taxonomy":"category","extraData":[]},"publishpress_future_workflow_manual_trigger":{"enabledWorkflows":[]},"_links":{"self":[{"href":"https:\/\/evk-hornbach.de\/index.php?rest_route=\/wp\/v2\/posts\/43484","targetHints":{"allow":["GET"]}}],"collection":[{"href":"https:\/\/evk-hornbach.de\/index.php?rest_route=\/wp\/v2\/posts"}],"about":[{"href":"https:\/\/evk-hornbach.de\/index.php?rest_route=\/wp\/v2\/types\/post"}],"author":[{"embeddable":true,"href":"https:\/\/evk-hornbach.de\/index.php?rest_route=\/wp\/v2\/users\/2"}],"replies":[{"embeddable":true,"href":"https:\/\/evk-hornbach.de\/index.php?rest_route=%2Fwp%2Fv2%2Fcomments&post=43484"}],"version-history":[{"count":8,"href":"https:\/\/evk-hornbach.de\/index.php?rest_route=\/wp\/v2\/posts\/43484\/revisions"}],"predecessor-version":[{"id":43531,"href":"https:\/\/evk-hornbach.de\/index.php?rest_route=\/wp\/v2\/posts\/43484\/revisions\/43531"}],"wp:featuredmedia":[{"embeddable":true,"href":"https:\/\/evk-hornbach.de\/index.php?rest_route=\/wp\/v2\/media\/3600"}],"wp:attachment":[{"href":"https:\/\/evk-hornbach.de\/index.php?rest_route=%2Fwp%2Fv2%2Fmedia&parent=43484"}],"wp:term":[{"taxonomy":"category","embeddable":true,"href":"https:\/\/evk-hornbach.de\/index.php?rest_route=%2Fwp%2Fv2%2Fcategories&post=43484"},{"taxonomy":"post_tag","embeddable":true,"href":"https:\/\/evk-hornbach.de\/index.php?rest_route=%2Fwp%2Fv2%2Ftags&post=43484"},{"taxonomy":"series","embeddable":true,"href":"https:\/\/evk-hornbach.de\/index.php?rest_route=%2Fwp%2Fv2%2Fseries&post=43484"}],"curies":[{"name":"wp","href":"https:\/\/api.w.org\/{rel}","templated":true}]}}