{"id":42151,"date":"2021-07-21T16:36:32","date_gmt":"2021-07-21T14:36:32","guid":{"rendered":"https:\/\/evk-hornbach.de\/?p=42151"},"modified":"2021-07-21T16:45:06","modified_gmt":"2021-07-21T14:45:06","slug":"von-der-wundersamen-vermehrung","status":"publish","type":"post","link":"https:\/\/evk-hornbach.de\/?p=42151","title":{"rendered":"Von der wundersamen Vermehrung"},"content":{"rendered":"<p><span style=\"color: #ff00ff;\"><em>Suse G\u00fcnthers Bericht von einem Notfallseelsorge-Einsatz im Katastrophengebiet in der Nordeifel<\/em><\/span><\/p>\n<p align=\"justify\">Es gibt wohl niemanden, der in diesen Tagen nicht fassungslos die Bilder aus unserer unmittelbaren N\u00e4he im Fernsehen verfolgt h\u00e4tte: Die \u00dcberschwemmungskatastrophe im Ahrtal macht uns alle sprachlos.<\/p>\n<p align=\"justify\">Als die Anfrage von Pfarrer Hauth, Eisenberg, der die Notfallseelsorge unserer Landeskirche koordiniert, kam, sich f\u00fcr einen Tag dort zum Einsatz zu melden, war ich daher fast schon erleichtert, wenigstens einen winzigen Beitrag leisten zu k\u00f6nnen. Zumal alles gut organisiert von hier aus war. Kleine \u00f6kumenische Teams wurden t\u00e4glich von der Pfalz aus zusammengestellt. Ich musste mich um nichts k\u00fcmmern, sondern lediglich um 6.00h mich am Outlet Center einfinden, um dort zusammen mit zwei anderen Kollegen aus dem Pirmasenser Raum, Pastoralreferentin Egle Rudyte-Kimmle und Pfarrer Uwe Beck, Richtung N\u00fcrburgring aufzubrechen. Dort befindet sich die Einsatzzentrale, von der aus alle Dienste organisiert werden.<\/p>\n<p align=\"justify\">Wer Kirchentage kennt, der hat eine ungef\u00e4hre Vorstellung von der Logistik, die dort aus k\u00fcrzester Zeit aus dem Boden gestampft wurde. Ein Feldbettenlager unter freiem Himmel, die Hotels am N\u00fcrburgring belegt mit Menschen, die durch die Flut obdachlos geworden waren. Schlange stehen f\u00fcr Kaffee und Picknick Pakete, sich einfinden bei der jeweiligen Einheit, um sich registrieren und sp\u00e4ter dann einteilen zu lassen\u2026. Nur in eine verstopfte U Bahn mussten wir uns nicht begeben; Wir wurden von einem jungen Rotkreuz Helfer aus dem Westerwald im Kleinbus des dortigen Roten Kreuzes Richtung Altenahr transportiert. Schon auf dem Weg zum N\u00fcrburgring waren uns viele Hilfsz\u00fcge begegnet: Rotes Kreuz und THW, DLRG und Polizei, selbst Wasserwacht und Bergwacht fehlten nicht: Alle verf\u00fcgbaren Kr\u00e4fte schienen sich auf diese Eifelgegend zu konzentrieren, von denen vorher kaum jemand den Namen wusste.<\/p>\n<p align=\"justify\"><img loading=\"lazy\" decoding=\"async\" class=\"alignright size-full wp-image-42166\" src=\"https:\/\/evk-hornbach.de\/wp-content\/uploads\/2017\/12\/geraeumte-strasse.jpg\" alt=\"\" width=\"1536\" height=\"1152\" srcset=\"https:\/\/evk-hornbach.de\/wp-content\/uploads\/2017\/12\/geraeumte-strasse.jpg 1536w, https:\/\/evk-hornbach.de\/wp-content\/uploads\/2017\/12\/geraeumte-strasse-300x225.jpg 300w, https:\/\/evk-hornbach.de\/wp-content\/uploads\/2017\/12\/geraeumte-strasse-1024x768.jpg 1024w, https:\/\/evk-hornbach.de\/wp-content\/uploads\/2017\/12\/geraeumte-strasse-768x576.jpg 768w, https:\/\/evk-hornbach.de\/wp-content\/uploads\/2017\/12\/geraeumte-strasse-840x630.jpg 840w, https:\/\/evk-hornbach.de\/wp-content\/uploads\/2017\/12\/geraeumte-strasse-440x330.jpg 440w\" sizes=\"auto, (max-width: 1536px) 100vw, 1536px\" \/><\/p>\n<p align=\"justify\">Auf der Fahrt nach Altenahr hatten wir genau die Bilder vor Augen, die wir aus dem Fernsehen kannten: Zerst\u00f6rung in einem Ausma\u00df, wie sie uns im beh\u00fcteten Deutschland bisher unvorstellbar gewesen waren. Die Gegend, die vor allem durch den (durch Corona schon schwer gebeutelten Tourismus) gelebt hatte, war dem Erdboden gleich gemacht. Von Campingpl\u00e4tzen war nichts mehr \u00fcbrig als W\u00e4lle von Plastikteilen, aus denen man nur bei genauem Hinsehen St\u00fccke von Wohnwagen ausmachen konnte. Von Eisenbahnlinien waren hochgebogene Metallschienen \u00fcbrig geblieben. Von Hotels und Wohnh\u00e4usern Ruinen.<\/p>\n<p align=\"justify\"><img loading=\"lazy\" decoding=\"async\" class=\"alignright size-full wp-image-42161\" src=\"https:\/\/evk-hornbach.de\/wp-content\/uploads\/2021\/07\/signal-2021-07-21-100616.jpg\" alt=\"\" width=\"1536\" height=\"1152\" srcset=\"https:\/\/evk-hornbach.de\/wp-content\/uploads\/2021\/07\/signal-2021-07-21-100616.jpg 1536w, https:\/\/evk-hornbach.de\/wp-content\/uploads\/2021\/07\/signal-2021-07-21-100616-300x225.jpg 300w, https:\/\/evk-hornbach.de\/wp-content\/uploads\/2021\/07\/signal-2021-07-21-100616-1024x768.jpg 1024w, https:\/\/evk-hornbach.de\/wp-content\/uploads\/2021\/07\/signal-2021-07-21-100616-768x576.jpg 768w, https:\/\/evk-hornbach.de\/wp-content\/uploads\/2021\/07\/signal-2021-07-21-100616-840x630.jpg 840w, https:\/\/evk-hornbach.de\/wp-content\/uploads\/2021\/07\/signal-2021-07-21-100616-440x330.jpg 440w\" sizes=\"auto, (max-width: 1536px) 100vw, 1536px\" \/><\/p>\n<p align=\"justify\">Bis drei Kilometer vor Altenahr konnten wir mit dem Auto einigerma\u00dfen vorankommen, dann ging es nur noch zu Fu\u00df weiter. So konnten wir unserem Auftrag \u201eErkundungsgang\u201c von Anfang an gerecht werden. \u201eErkundungsgang\u201c bedeutet: Macht Euch auf den Weg und seht, wo Ihr gebraucht werdet.<\/p>\n<p align=\"justify\"><img loading=\"lazy\" decoding=\"async\" class=\"alignright size-full wp-image-42160\" src=\"https:\/\/evk-hornbach.de\/wp-content\/uploads\/2021\/07\/signal-2021-07-21-100201-1.jpg\" alt=\"\" width=\"1536\" height=\"1152\" srcset=\"https:\/\/evk-hornbach.de\/wp-content\/uploads\/2021\/07\/signal-2021-07-21-100201-1.jpg 1536w, https:\/\/evk-hornbach.de\/wp-content\/uploads\/2021\/07\/signal-2021-07-21-100201-1-300x225.jpg 300w, https:\/\/evk-hornbach.de\/wp-content\/uploads\/2021\/07\/signal-2021-07-21-100201-1-1024x768.jpg 1024w, https:\/\/evk-hornbach.de\/wp-content\/uploads\/2021\/07\/signal-2021-07-21-100201-1-768x576.jpg 768w, https:\/\/evk-hornbach.de\/wp-content\/uploads\/2021\/07\/signal-2021-07-21-100201-1-840x630.jpg 840w, https:\/\/evk-hornbach.de\/wp-content\/uploads\/2021\/07\/signal-2021-07-21-100201-1-440x330.jpg 440w\" sizes=\"auto, (max-width: 1536px) 100vw, 1536px\" \/><\/p>\n<p align=\"justify\">Mein erster Eindruck: \u00dcberall wird gearbeitet, geholfen, niemand der nicht eine Schippe in der Hand hat, Essen und Trinken organisiert. Neben all den Hilfsdiensten von Kempten bis Aurich auch viele Freiwillige. Landwirte, die mit ihren Traktoren H\u00e4nger voller Schutt transportieren, kleine Abschleppdienste, die Autowracks aus dem M\u00fcll ziehen. Wer einen Lastwagen mit Greifarm oder Bagger hat, scheint hier versammelt zu sein um anzupacken, die Autokennzeichen auch hier Deutschland weit.<\/p>\n<p align=\"justify\"><img loading=\"lazy\" decoding=\"async\" class=\"alignright size-full wp-image-42154\" src=\"https:\/\/evk-hornbach.de\/wp-content\/uploads\/2021\/07\/image-3.jpeg\" alt=\"\" width=\"1920\" height=\"973\" srcset=\"https:\/\/evk-hornbach.de\/wp-content\/uploads\/2021\/07\/image-3.jpeg 1920w, https:\/\/evk-hornbach.de\/wp-content\/uploads\/2021\/07\/image-3-300x152.jpeg 300w, https:\/\/evk-hornbach.de\/wp-content\/uploads\/2021\/07\/image-3-1024x519.jpeg 1024w, https:\/\/evk-hornbach.de\/wp-content\/uploads\/2021\/07\/image-3-768x389.jpeg 768w, https:\/\/evk-hornbach.de\/wp-content\/uploads\/2021\/07\/image-3-1536x778.jpeg 1536w\" sizes=\"auto, (max-width: 1920px) 100vw, 1920px\" \/><\/p>\n<p align=\"justify\">In der Ortsmitte an der Kirche angekommen, beschlossen Egle und ich, dieses imposante Geb\u00e4ude, das etwas h\u00f6her lag und daher v\u00f6llig unzerst\u00f6rt war, anzusehen. Bevor wir allerdings die Kirchent\u00fcr \u00f6ffnen konnten wurden wir von einem Notfallseelsorger fast schon \u00fcberfallen. Wie sich sp\u00e4ter herausstellte, war dieser Mann der Leiter des \u00f6rtlichen Teams, seit Mittwoch ohne Pause im Einsatz und v\u00f6llig am Ende der Kr\u00e4fte. Mit den Worten \u201ewo kommt Ihr her, wo kommt Ihr her, wo kommt Ihr her\u201c wandte er sich an uns und erkl\u00e4rte, wie sehr er Kr\u00e4fte angefordert habe und bisher niemanden bekommen. Wie wir sp\u00e4ter feststellten, war das so nicht richtig. Verst\u00e4ndlich, dass jemand, der seit Tagen nicht geschlafen hatte, den \u00dcberblick verloren hatte und einfach durch den Anblick der lila Jacken getr\u00f6stet, die Notfallseelsorge in diesem Moment vielleicht selbst am n\u00f6tigsten hatte.<\/p>\n<p align=\"justify\">\u00dcberhaupt haben wir sp\u00e4ter festgestellt, dass alle, die da aus unmittelbaren Gegend im Einsatz waren, seit Mittwoch so gut wie nicht mehr zur Ruhe gekommen waren. Wir Helfer*innen von au\u00dferhalb k\u00f6nnen nach einer gewissen Zeit wieder abfahren. Die Leute dort bleiben. Sie laufen einfach immer weiter. Wie auf Autopilot. Ob B\u00fcrgermeister oder Pfarrer, ob freiwillige Feuerwehr oder Helferinnen bei der Essensausgabe: Abschalten ist einfach nicht mehr m\u00f6glich.<\/p>\n<p align=\"justify\">Als wir dann den Schritt in die Kirche hinein machten, bot sich uns ein bewegendes Bild: Die Kirche war voll. Mit Hilfsg\u00fctern. Eine Helferin war damit besch\u00e4ftigt, Spenden zu sortieren. Jede Kirchenbank hatte ihre Beschriftung: Damen, Herren, Kinder. Hygieneartikel. Schuhe standen sorgf\u00e4ltig aufgereiht auf den Altarstufen. Der Kollege hatte \u00fcbrigens am Sonntag seine Messe in genau dieser Kirche gehalten. So wie sie war. Die Leute konnten sich dazwischen stellen oder von au\u00dfen zuh\u00f6ren.<\/p>\n\r\n\t\t\t\t\t\n\r\n\t\t\t\t\t<!-- START UNITE GALLERY 1.7.62 -->\r\n\t\t\t\t\t\r\n\t\t\t\t\n\n\t\t\t<div id='unitegallery_8_1' class='unite-gallery' style='margin:0px auto;'>\n\t\t\t\t\n\n\t\t\t\t\t\t<img alt=\"Jesus blickt auf eine volle Kleiderkammer\"\n\t\t\t\t\t\t     src=\"\" data-image=\"https:\/\/evk-hornbach.de\/wp-content\/uploads\/2021\/07\/signal-2021-07-21-095820-e1626876352699.jpg\"\n\t\t\t\t\t\t     data-thumb=\"https:\/\/evk-hornbach.de\/wp-content\/uploads\/2021\/07\/signal-2021-07-21-095820-225x300.jpg\"\n\t\t\t\t\t\t     title=\"Jesus blickt auf eine volle Kleiderkammer.\"\n\t\t\t\t\t\t     style=\"display:none\">\n\n\t\t\t\t\t\t<img alt=\"Alles, was man zum Leben dringend braucht, wurde von irgendwoher organisiert\"\n\t\t\t\t\t\t     src=\"\" data-image=\"https:\/\/evk-hornbach.de\/wp-content\/uploads\/2021\/07\/signal-2021-07-21-095809.jpg\"\n\t\t\t\t\t\t     data-thumb=\"https:\/\/evk-hornbach.de\/wp-content\/uploads\/2021\/07\/signal-2021-07-21-095809-300x225.jpg\"\n\t\t\t\t\t\t     title=\"Alles, was man zum Leben dringend braucht, wurde von irgendwoher organisiert.\"\n\t\t\t\t\t\t     style=\"display:none\">\n\n\t\t\t\t\t\t<img alt=\"Bei der Schufterei im Dreck wird viel Schuhwerk ben\u00f6tigt. Am Altar findet sich etwas f\u00fcr jede Gr\u00f6\u00dfe.\"\n\t\t\t\t\t\t     src=\"\" data-image=\"https:\/\/evk-hornbach.de\/wp-content\/uploads\/2021\/07\/signal-2021-07-21-095825-e1626876400562.jpg\"\n\t\t\t\t\t\t     data-thumb=\"https:\/\/evk-hornbach.de\/wp-content\/uploads\/2021\/07\/signal-2021-07-21-095825-225x300.jpg\"\n\t\t\t\t\t\t     title=\"Bei der Schufterei im Dreck wird viel Schuhwerk ben\u00f6tigt. Am Altar findet sich etwas f\u00fcr jede Gr\u00f6\u00dfe.\"\n\t\t\t\t\t\t     style=\"display:none\">\n\t\t\t<\/div>\n\n\t\t\t<script type='text\/javascript'>\n\t\t\t\twindow.onload = function(e) {\n\t\t\t\t\tif(typeof ugCheckForErrors == \"undefined\"){\n\t\t\t\t\t\tdocument.getElementById(\"unitegallery_8_1\").innerHTML = \"<span style='color:red'>Unite Gallery Error - gallery js and css files not included in the footer. Please make sure that wp_footer() function is added to your theme.<\/span>\";}\n\t\t\t\t\telse{ ugCheckForErrors(\"unitegallery_8_1\", \"jquery\");}\n\t\t\t\t};\n\t\t\t<\/script>\n\n\t\t\t<!-- END UNITEGALLERY -->\n<p><img loading=\"lazy\" decoding=\"async\" class=\"alignright size-full wp-image-1268\" src=\"https:\/\/evk-hornbach.de\/wp-content\/uploads\/2016\/07\/divider-weiss.png\" alt=\"\" width=\"800\" height=\"2\" srcset=\"https:\/\/evk-hornbach.de\/wp-content\/uploads\/2016\/07\/divider-weiss.png 800w, https:\/\/evk-hornbach.de\/wp-content\/uploads\/2016\/07\/divider-weiss-150x2.png 150w, https:\/\/evk-hornbach.de\/wp-content\/uploads\/2016\/07\/divider-weiss-300x1.png 300w, https:\/\/evk-hornbach.de\/wp-content\/uploads\/2016\/07\/divider-weiss-768x2.png 768w\" sizes=\"auto, (max-width: 800px) 100vw, 800px\" \/><\/p>\n<p align=\"justify\">Wir hatten dann noch Gelegenheit, uns mit diesem r\u00fchrigen Pfarrer zu unterhalten. In der Nacht der Katastrophe hatte er die Kirche ge\u00f6ffnet, die nun alle den Menschen Schutz bot, die Zuflucht suchten, ob Einheimischen oder Hotelg\u00e4sten. Und seitdem nicht mehr geschlossen. Vor dem angrenzenden Gemeindehaus gab es Kaffee und Getr\u00e4nke, Hilfsdienste wurden organisiert: Wer braucht ein Dach \u00fcber dem Kopf, wer bietet ein Bett an? Wer kann Haustiere aufnehmen? Auch der Kindergarten war nicht mehr nur denen offen, die hier einen bezahlten Platz hatten. Wer Betreuung brauchte, bekam sie hier.<\/p>\n<p align=\"justify\">\u00dcberhaupt hatte ich den Eindruck, dass es in Altenahr alles gab. Im \u00dcberfluss, wie aus dem Nichts.<\/p>\n<p align=\"justify\">Wassercontainer wurden per Hubschrauber eingeflogen. Warmes Essen, Wasserflaschen, Coladosen, alles war auf einmal da. Wo vorher eine leere Mauer gewesen war, standen auf einmal eine Batterie Eimer und Schubkarren, Zettel mit Wlan-Verbindungen und der Aufforderung, sich dort einzuloggen. Eine Gruppe junger Leute kam aus den Weinbergen herunter, bewaffnet mit Schippen und Besen. Sonnenh\u00fcte und \u2013creme? Hier sind sie. Seife und Handtuch? In der Kirche abzuholen. Als ich eine Wasserflasche einer Frau, die darum gebeten hatte, in die Hand dr\u00fcckte, antwortete sie mir mit den Worten: Lekker cool (gut kalt): Die Frau war aus den Niederlanden zum Helfen da.<\/p>\n<p align=\"justify\"><img loading=\"lazy\" decoding=\"async\" class=\"alignright size-full wp-image-42158\" src=\"https:\/\/evk-hornbach.de\/wp-content\/uploads\/2021\/07\/signal-2021-07-21-095830.jpg\" alt=\"\" width=\"2048\" height=\"1536\" srcset=\"https:\/\/evk-hornbach.de\/wp-content\/uploads\/2021\/07\/signal-2021-07-21-095830.jpg 2048w, https:\/\/evk-hornbach.de\/wp-content\/uploads\/2021\/07\/signal-2021-07-21-095830-300x225.jpg 300w, https:\/\/evk-hornbach.de\/wp-content\/uploads\/2021\/07\/signal-2021-07-21-095830-1024x768.jpg 1024w, https:\/\/evk-hornbach.de\/wp-content\/uploads\/2021\/07\/signal-2021-07-21-095830-768x576.jpg 768w, https:\/\/evk-hornbach.de\/wp-content\/uploads\/2021\/07\/signal-2021-07-21-095830-1536x1152.jpg 1536w, https:\/\/evk-hornbach.de\/wp-content\/uploads\/2021\/07\/signal-2021-07-21-095830-840x630.jpg 840w, https:\/\/evk-hornbach.de\/wp-content\/uploads\/2021\/07\/signal-2021-07-21-095830-440x330.jpg 440w\" sizes=\"auto, (max-width: 2048px) 100vw, 2048px\" \/><\/p>\n<p align=\"justify\">Wir hatten unsere \u201eZelte\u201c inzwischen unterhalb der Kirche (Egle und ich) und hinter der Kirche (Uwe)\u00a0aufgeschlagen. Unterhalb der Kirche war das logistische Zentrum. Hier trafen sich alle Dienste, hier wurden Essen und Getr\u00e4nke ausgegeben. Hier wurden Eins\u00e4tze verteilt.<\/p>\n<p align=\"justify\">Wir hatten eigentlich erwartet, angefragt zu werden etwa zum Betreuen von Menschen, die ihre Angeh\u00f6rigen verloren hatten oder noch vermissten. Aber das scheinen die Einwohner dort in erster Linie unter sich ausgemacht zu haben: sich selbst gegenseitig beizustehen in der Not, die alle verbindet, ist sicherlich in dieser Situation das Naheliegende und Hilfreiche. Wir blieben also auf dem Platz, sichtbar und erreichbar. Und wurden immer wieder angesprochen. Helfer*innen berichteten uns von ihrem tagelangen Einsatz. Von ihren Erlebnissen. Viele bedeuteten uns auch einfach, dass es gut sei, dass wir da w\u00e4ren. Es scheint entlastend gewirkt zu haben, dass man nicht vergessen ist. Dem v\u00f6llig \u00fcberforderten Einsatzleiter der Notfallseelsorge vor Ort bedeuteten wir, dass er sich ruhig ein wenig zur\u00fcckziehen k\u00f6nne, jetzt wo wir da w\u00e4ren, wollte er das auch gerne annehmen. Aber schon kurze Zeit sp\u00e4ter sahen wir ihn wieder \u00fcber den Platz hasten. Zur\u00fcckziehen konnte sich in diesen Tagen keiner. Aber es wurde doch immer wieder als hilfreich angemeldet, dass die M\u00f6glichkeit bestand. Die Leiterin der Feuerwehr legte uns ihre Leute ans Herz, die ebenfalls seit Tagen ohne Unterbrechung gearbeitet hatten. Von denen ist dann keiner gekommen. Aber der Leiterin half es, dass sie das Angebot machen konnte. Und dass sie selbst mit uns sprechen konnte. Der katholische Kollege, vor dem ich nur meinen (Sonnen-)Hut ziehen konnte, berichtete von seinen Erlebnissen. Eine Helferin der Notfallseelsorge vor Ort wollte eine von uns mitnehmen zur \u00dcberbringung einer Todesnachricht. Kam dann aber und hatte das schon selbst erledigt. Geholfen hat es ihr aber, dass jemand da war, der das h\u00e4tte \u00fcbernehmen k\u00f6nnen. Dass sie nicht die Einzige war. Dass sie nicht vergessen war. Dass sie dann berichten konnte von ihren Erlebnissen. Und dass es sich als leichter herausstellte, als sie es sich vorgestellt hatte.<\/p>\n<p><img loading=\"lazy\" decoding=\"async\" class=\" wp-image-42152 alignleft\" src=\"https:\/\/evk-hornbach.de\/wp-content\/uploads\/2021\/07\/image-1.jpeg\" alt=\"\" width=\"343\" height=\"677\" srcset=\"https:\/\/evk-hornbach.de\/wp-content\/uploads\/2021\/07\/image-1.jpeg 973w, https:\/\/evk-hornbach.de\/wp-content\/uploads\/2021\/07\/image-1-152x300.jpeg 152w, https:\/\/evk-hornbach.de\/wp-content\/uploads\/2021\/07\/image-1-519x1024.jpeg 519w, https:\/\/evk-hornbach.de\/wp-content\/uploads\/2021\/07\/image-1-768x1515.jpeg 768w, https:\/\/evk-hornbach.de\/wp-content\/uploads\/2021\/07\/image-1-389x768.jpeg 389w, https:\/\/evk-hornbach.de\/wp-content\/uploads\/2021\/07\/image-1-778x1536.jpeg 778w\" sizes=\"auto, (max-width: 343px) 100vw, 343px\" \/><\/p>\n<p align=\"justify\">Und so habe ich die Erfahrungen, die ich aus dem Krankenhaus kenne, auch in Altenahr gemacht. Manchmal ist Seelsorge sehr praktisch ausgerichtet. Frische Str\u00fcmpfe und Arbeitshandschuhe f\u00fcr v\u00f6llig verdreckte Helfer*innen? Ein Sitzplatz mit k\u00fchlem Getr\u00e4nk im Schatten? Ein offenes Ohr? Ein Lachen? Gelacht wurde tats\u00e4chlich viel. Gejammert gar nicht. Das Erleben von Solidarit\u00e4t, von Hilfe hat wohl allen dort vor Ort am meisten geholfen. Am meisten ber\u00fchrt: Wir sind gesehen. Von den Menschen. Und tats\u00e4chlich auch von Gott.<\/p>\n<p align=\"justify\">Das ist das, was ich von dort mitnehme und womit ich nicht gerechnet h\u00e4tte: Der immer noch vorhandene tiefe Glaube der Menschen, die nach und in diesen Erlebnissen nicht mit Gott abgeschlossen haben, sondern ihn immer noch und gerade jetzt als Ressource begreifen.<\/p>\n<p align=\"justify\">Einer der vielen Eindr\u00fccke dieses Tages soll daher hier zum Abschluss noch genannt werden:<\/p>\n<p align=\"justify\">Eine Helferin, die in der Mittagspause ein warmes Essen vom Imbisswagen bekommen hatte, wurde von ihrem Mitstreiter in den Arm genommen mit den Worten: \u201ehast Du was zu essen bekommen?\u201c<\/p>\n<p align=\"justify\">Ihre Antwort: \u201eJa, Gott sei Dank\u201c . Und der Blick ging zum Himmel.<\/p>\n<figure id=\"attachment_42153\" aria-describedby=\"caption-attachment-42153\" style=\"width: 252px\" class=\"wp-caption alignright\"><img loading=\"lazy\" decoding=\"async\" class=\"wp-image-42153\" src=\"https:\/\/evk-hornbach.de\/wp-content\/uploads\/2021\/07\/image-2-e1626875785984.jpeg\" alt=\"\" width=\"252\" height=\"497\" \/><figcaption id=\"caption-attachment-42153\" class=\"wp-caption-text\"><span style=\"color: #808080;\">Die Muttergottes wurde (wie so oft) nicht weggesp\u00fclt.<\/span><\/figcaption><\/figure>\n<p align=\"justify\">Seine Hilfe werden wir neben der menschlichen brauchen. Die Zeit dr\u00e4ngt. Gerade jetzt. Denn in der Hitze trocknet der Schlamm. Verbreiten sich Krankheiten, die in dem kontaminierten Dreck lauern.<\/p>\n<p align=\"justify\">Bis alles wieder einigerma\u00dfen bewohnbar ist, wird es Jahre dauern. Und dann wird es niemals wieder sein wie es war. Die Wenigsten werden ihr Hotel, das sich nur mit M\u00fche \u00fcber die Corona Zeit gerettet hat, wieder aufbauen k\u00f6nnen. Niemand wird seinen Wohnwagen wieder einem Campingplatz so nah am Wasser anvertrauen wollen.<\/p>\n<p align=\"justify\">Weiter wird diese Kirche wie ein Bollwerk in all dem Untergang und Neuanfang stehen. Mit offenen T\u00fcren. Mit Kaffee und St\u00fchlen. Mit Schuhen und Str\u00fcmpfen. Mit Zeit f\u00fcr ein Gespr\u00e4ch und \u00dcbernachtungsangeboten. Mit Gottesdiensten und Menschendiensten. Und 5000 werden satt. Wer bei diesen 5000 dabei war, wird nicht nur den Hunger in Erinnerung behalten. Sondern auch die Nahrung, die wir alle bekommen haben.<\/p>\n<p align=\"justify\">\n","protected":false},"excerpt":{"rendered":"<p>Suse G\u00fcnthers Bericht von einem Notfallseelsorge-Einsatz im Katastrophengebiet in der Nordeifel Es gibt wohl niemanden, der in diesen Tagen nicht fassungslos die Bilder aus unserer unmittelbaren N\u00e4he im Fernsehen verfolgt h\u00e4tte: Die \u00dcberschwemmungskatastrophe im Ahrtal macht uns alle sprachlos. Als die Anfrage von Pfarrer Hauth, Eisenberg, der die Notfallseelsorge unserer Landeskirche koordiniert, kam, sich f\u00fcr&hellip; <a class=\"more-link\" href=\"https:\/\/evk-hornbach.de\/?p=42151\"><span class=\"screen-reader-text\">Von der wundersamen Vermehrung<\/span> weiterlesen<\/a><\/p>\n","protected":false},"author":2,"featured_media":42162,"comment_status":"open","ping_status":"open","sticky":false,"template":"","format":"standard","meta":{"_uag_custom_page_level_css":"","advgb_blocks_editor_width":"","advgb_blocks_columns_visual_guide":"","episode_type":"audio","audio_file":"","podmotor_file_id":"","podmotor_episode_id":"","cover_image":"","cover_image_id":"","duration":"","filesize":"","filesize_raw":"","date_recorded":"","explicit":"","block":"","cybocfi_hide_featured_image":"","_jetpack_memberships_contains_paid_content":false,"footnotes":""},"categories":[74,86],"tags":[],"series":[],"class_list":["post-42151","post","type-post","status-publish","format-standard","has-post-thumbnail","hentry","category-rueckblick","category-traktat","entry"],"episode_featured_image":"https:\/\/evk-hornbach.de\/wp-content\/uploads\/2021\/07\/stiefel1.jpg","episode_player_image":"https:\/\/evk-hornbach.de\/wp-content\/uploads\/2017\/12\/losungandacht2026logov3.png","download_link":"","player_link":"","audio_player":false,"episode_data":{"playerMode":"dark","subscribeUrls":{"amazon":{"key":"amazon","url":"https:\/\/music.amazon.com\/podcasts\/46f9b0a9-b2db-4d5c-b947-5f5e4228a8e4\/losungsandachten-2022","label":"Amazon","class":"amazon","icon":"amazon.png"},"apple_podcasts":{"key":"apple_podcasts","url":"https:\/\/podcasts.apple.com\/de\/podcast\/losungsandachten-2022\/id1629150905","label":"Apple Podcasts","class":"apple_podcasts","icon":"apple-podcasts.png"},"deezer":{"key":"deezer","url":"","label":"Deezer","class":"deezer","icon":"deezer.png"},"podcast_de":{"key":"podcast_de","url":"","label":"Podcast.de","class":"podcast_de","icon":"podcast-de.png"},"rss":{"key":"rss","url":"https:\/\/evk-hornbach.de\/?cat=294&feed=rss2","label":"RSS","class":"rss","icon":"rss.png"},"rssradio":{"key":"rssradio","url":"","label":"RSSRadio","class":"rssradio","icon":"rssradio.png"},"spotify":{"key":"spotify","url":"https:\/\/open.spotify.com\/show\/5kJEFM4ESjFH2n1nivrIfi","label":"Spotify","class":"spotify","icon":"spotify.png"},"tunein":{"key":"tunein","url":"","label":"TuneIn","class":"tunein","icon":"tunein.png"},"fyyd_de":{"key":"fyyd_de","url":"https:\/\/fyyd.de\/podcast\/losungsandachten-2022\/0","label":"fyyd.de","class":"fyyd_de","icon":"fyyd-de.png"}},"rssFeedUrl":"https:\/\/evk-hornbach.de\/?feed=podcast&podcast_series=losungsandachten","embedCode":"<blockquote class=\"wp-embedded-content\" data-secret=\"aUGfRle2nO\"><a href=\"https:\/\/evk-hornbach.de\/?p=42151\">Von der wundersamen Vermehrung<\/a><\/blockquote><iframe sandbox=\"allow-scripts\" security=\"restricted\" src=\"https:\/\/evk-hornbach.de\/?p=42151&#038;embed=true#?secret=aUGfRle2nO\" width=\"500\" height=\"350\" title=\"&#8222;Von der wundersamen Vermehrung&#8220; &#8211; Prot. Kirchengemeinde Hornbachtal mit der prot. Kirchengemeinde Rimschweiler\" data-secret=\"aUGfRle2nO\" frameborder=\"0\" marginwidth=\"0\" marginheight=\"0\" scrolling=\"no\" class=\"wp-embedded-content\"><\/iframe><script>\n\/*! This file is auto-generated *\/\n!function(d,l){\"use strict\";l.querySelector&&d.addEventListener&&\"undefined\"!=typeof URL&&(d.wp=d.wp||{},d.wp.receiveEmbedMessage||(d.wp.receiveEmbedMessage=function(e){var t=e.data;if((t||t.secret||t.message||t.value)&&!\/[^a-zA-Z0-9]\/.test(t.secret)){for(var s,r,n,a=l.querySelectorAll('iframe[data-secret=\"'+t.secret+'\"]'),o=l.querySelectorAll('blockquote[data-secret=\"'+t.secret+'\"]'),c=new RegExp(\"^https?:$\",\"i\"),i=0;i<o.length;i++)o[i].style.display=\"none\";for(i=0;i<a.length;i++)s=a[i],e.source===s.contentWindow&&(s.removeAttribute(\"style\"),\"height\"===t.message?(1e3<(r=parseInt(t.value,10))?r=1e3:~~r<200&&(r=200),s.height=r):\"link\"===t.message&&(r=new URL(s.getAttribute(\"src\")),n=new URL(t.value),c.test(n.protocol))&&n.host===r.host&&l.activeElement===s&&(d.top.location.href=t.value))}},d.addEventListener(\"message\",d.wp.receiveEmbedMessage,!1),l.addEventListener(\"DOMContentLoaded\",function(){for(var e,t,s=l.querySelectorAll(\"iframe.wp-embedded-content\"),r=0;r<s.length;r++)(t=(e=s[r]).getAttribute(\"data-secret\"))||(t=Math.random().toString(36).substring(2,12),e.src+=\"#?secret=\"+t,e.setAttribute(\"data-secret\",t)),e.contentWindow.postMessage({message:\"ready\",secret:t},\"*\")},!1)))}(window,document);\n\/\/# sourceURL=https:\/\/evk-hornbach.de\/wp-includes\/js\/wp-embed.min.js\n<\/script>\n"},"author_meta":{"display_name":"Christian G\u00fcnther","author_link":"https:\/\/evk-hornbach.de\/?author=2"},"featured_img":"https:\/\/evk-hornbach.de\/wp-content\/uploads\/2021\/07\/stiefel1-300x148.jpg","jetpack_featured_media_url":"https:\/\/evk-hornbach.de\/wp-content\/uploads\/2021\/07\/stiefel1.jpg","uagb_featured_image_src":{"full":["https:\/\/evk-hornbach.de\/wp-content\/uploads\/2021\/07\/stiefel1.jpg",1536,758,false],"thumbnail":["https:\/\/evk-hornbach.de\/wp-content\/uploads\/2021\/07\/stiefel1-150x150.jpg",150,150,true],"medium":["https:\/\/evk-hornbach.de\/wp-content\/uploads\/2021\/07\/stiefel1-300x148.jpg",300,148,true],"medium_large":["https:\/\/evk-hornbach.de\/wp-content\/uploads\/2021\/07\/stiefel1-768x379.jpg",750,370,true],"large":["https:\/\/evk-hornbach.de\/wp-content\/uploads\/2021\/07\/stiefel1-1024x505.jpg",750,370,true],"ug_big":["https:\/\/evk-hornbach.de\/wp-content\/uploads\/2021\/07\/stiefel1-768x379.jpg",768,379,true],"1536x1536":["https:\/\/evk-hornbach.de\/wp-content\/uploads\/2021\/07\/stiefel1.jpg",1536,758,false],"2048x2048":["https:\/\/evk-hornbach.de\/wp-content\/uploads\/2021\/07\/stiefel1.jpg",1536,758,false],"post-thumbnail":["https:\/\/evk-hornbach.de\/wp-content\/uploads\/2021\/07\/stiefel1-840x525.jpg",840,525,true]},"uagb_author_info":{"display_name":"Christian G\u00fcnther","author_link":"https:\/\/evk-hornbach.de\/?author=2"},"uagb_comment_info":0,"uagb_excerpt":"Suse G\u00fcnthers Bericht von einem Notfallseelsorge-Einsatz im Katastrophengebiet in der Nordeifel Es gibt wohl niemanden, der in diesen Tagen nicht fassungslos die Bilder aus unserer unmittelbaren N\u00e4he im Fernsehen verfolgt h\u00e4tte: Die \u00dcberschwemmungskatastrophe im Ahrtal macht uns alle sprachlos. Als die Anfrage von Pfarrer Hauth, Eisenberg, der die Notfallseelsorge unserer Landeskirche koordiniert, kam, sich f\u00fcr&hellip;&hellip;","coauthors":[],"tax_additional":{"categories":{"linked":["<a href=\"https:\/\/evk-hornbach.de\/?cat=74\" class=\"advgb-post-tax-term\">R\u00fcckblick<\/a>","<a href=\"https:\/\/evk-hornbach.de\/?cat=86\" class=\"advgb-post-tax-term\">Traktat<\/a>"],"unlinked":["<span class=\"advgb-post-tax-term\">R\u00fcckblick<\/span>","<span class=\"advgb-post-tax-term\">Traktat<\/span>"]}},"comment_count":"0","relative_dates":{"created":"Ver\u00f6ffentlicht 5\u00a0Jahren vor","modified":"Aktualisiert 5\u00a0Jahren vor"},"absolute_dates":{"created":"Ver\u00f6ffentlicht am 21. Juli 2021","modified":"Aktualisiert am 21. Juli 2021"},"absolute_dates_time":{"created":"Ver\u00f6ffentlicht am 21. Juli 2021 16:36","modified":"Aktualisiert am 21. Juli 2021 16:45"},"featured_img_caption":"","series_order":"","jetpack-related-posts":[{"id":1345,"url":"https:\/\/evk-hornbach.de\/?p=1345","url_meta":{"origin":42151,"position":0},"title":"Der Hermann-L\u00fcbbe-Sonderpreis 2017 &#8230; geht an unsere Homepageredaktion","author":"Christian G\u00fcnther","date":"10. Juni 2017","format":"aside","excerpt":"Und wieder einmal haben Leute aus unserer Kirchengemeinde einen Preis abger\u00e4umt. Diesmal trifft es uns (absolut unvorbereitet, aber es tut gut zu wissen, dass es diesen Preis gibt, der immerhin mit 500 Euro dotiert ist \ud83d\ude0e\ud83d\udcb0), also die Homepageredaktion, d.h. mich, Birgit Schery, Elisabeth Platz, die mich terminlich auf Trab\u2026","rel":"","context":"In &quot;Event&quot;","block_context":{"text":"Event","link":"https:\/\/evk-hornbach.de\/?cat=59"},"img":{"alt_text":"","src":"https:\/\/i0.wp.com\/evk-hornbach.de\/wp-content\/uploads\/2017\/06\/cup-1010909_640-300x300.jpg?resize=350%2C200&ssl=1","width":350,"height":200},"classes":[]},{"id":2041,"url":"https:\/\/evk-hornbach.de\/?p=2041","url_meta":{"origin":42151,"position":1},"title":"Passionszeit","author":"Christian G\u00fcnther","date":"2. Februar 2018","format":false,"excerpt":"Der Glauben ist nie umsonst. Aber manchmal ist er frei, leicht, ein Segen, und er macht einfach nur gl\u00fccklich. Es gibt auch andere Zeiten. Dann kostet der Glauben etwas: Geduld. Geld. Schmerzen. Viel, viel Vertrauen, denn es ist nicht mehr unmittelbar erkennbar, dass \"er sich lohnt\". Das sind Leidenszeiten, und\u2026","rel":"","context":"In &quot;Gottesdienst&quot;","block_context":{"text":"Gottesdienst","link":"https:\/\/evk-hornbach.de\/?cat=103"},"img":{"alt_text":"","src":"https:\/\/i0.wp.com\/evk-hornbach.de\/wp-content\/uploads\/2018\/01\/passionszeit.jpg?resize=350%2C200&ssl=1","width":350,"height":200,"srcset":"https:\/\/i0.wp.com\/evk-hornbach.de\/wp-content\/uploads\/2018\/01\/passionszeit.jpg?resize=350%2C200&ssl=1 1x, https:\/\/i0.wp.com\/evk-hornbach.de\/wp-content\/uploads\/2018\/01\/passionszeit.jpg?resize=525%2C300&ssl=1 1.5x, https:\/\/i0.wp.com\/evk-hornbach.de\/wp-content\/uploads\/2018\/01\/passionszeit.jpg?resize=700%2C400&ssl=1 2x, https:\/\/i0.wp.com\/evk-hornbach.de\/wp-content\/uploads\/2018\/01\/passionszeit.jpg?resize=1050%2C600&ssl=1 3x"},"classes":[]},{"id":40931,"url":"https:\/\/evk-hornbach.de\/?p=40931","url_meta":{"origin":42151,"position":2},"title":"Ein Sermon f\u00fcr Eltern und solche, die es werden wollen","author":"Christian G\u00fcnther","date":"3. M\u00e4rz 2021","format":false,"excerpt":"Eure Kinder sind nicht eure Kinder. Sie sind die S\u00f6hne und die T\u00f6chter der Sehnsucht des Lebens nach sich selber. Sie kommen durch euch, aber nicht von euch, Und obwohl sie mit euch sind, geh\u00f6ren sie euch doch nicht. Ihr d\u00fcrft ihnen eure Liebe geben, aber nicht eure Gedanken, Denn\u2026","rel":"","context":"In &quot;Traktat&quot;","block_context":{"text":"Traktat","link":"https:\/\/evk-hornbach.de\/?cat=86"},"img":{"alt_text":"","src":"https:\/\/i0.wp.com\/evk-hornbach.de\/wp-content\/uploads\/2021\/03\/elternkinder_1280.png?resize=350%2C200&ssl=1","width":350,"height":200,"srcset":"https:\/\/i0.wp.com\/evk-hornbach.de\/wp-content\/uploads\/2021\/03\/elternkinder_1280.png?resize=350%2C200&ssl=1 1x, https:\/\/i0.wp.com\/evk-hornbach.de\/wp-content\/uploads\/2021\/03\/elternkinder_1280.png?resize=525%2C300&ssl=1 1.5x, https:\/\/i0.wp.com\/evk-hornbach.de\/wp-content\/uploads\/2021\/03\/elternkinder_1280.png?resize=700%2C400&ssl=1 2x, https:\/\/i0.wp.com\/evk-hornbach.de\/wp-content\/uploads\/2021\/03\/elternkinder_1280.png?resize=1050%2C600&ssl=1 3x"},"classes":[]},{"id":43101,"url":"https:\/\/evk-hornbach.de\/?p=43101","url_meta":{"origin":42151,"position":3},"title":"Corona-Tabellenlesen leicht(er) gemacht","author":"Christian G\u00fcnther","date":"4. Dezember 2021","format":false,"excerpt":"In diesen Tagen hat eine \u00fcber Twitter verbreitete Tabelle die Querdenker-Szene aufgemischt. Offenbar handelte es sich dabei nicht um eine Fake-News, denn als Quelle ist die Weltgesundheitsorganisation WHO angegeben: In dieser Tabelle wird die Zahl der gemeldeten Nebenwirkungen von Impfungen oder Medikamenten gegen diverse Infektionen angezeigt. Und da kommt man\u2026","rel":"","context":"In &quot;Traktat&quot;","block_context":{"text":"Traktat","link":"https:\/\/evk-hornbach.de\/?cat=86"},"img":{"alt_text":"","src":"https:\/\/i0.wp.com\/evk-hornbach.de\/wp-content\/uploads\/2021\/12\/2021-12-04-12.10.03-evk-hornbach.de-4c0d4dc41d27.png?resize=350%2C200&ssl=1","width":350,"height":200},"classes":[]},{"id":37992,"url":"https:\/\/evk-hornbach.de\/?p=37992","url_meta":{"origin":42151,"position":4},"title":"Auf der gr\u00fcnen Insel alles im gr\u00fcnen Bereich!","author":"Patrick Gauter","date":"14. Juli 2019","format":"aside","excerpt":"Das erste Drittel der Freizeit in Irland hat die Evangelische Jugend Hornbach nun schon hinter sich \u2013 und alles ist voll im gr\u00fcnen Bereich. Die kleinen, unvorhersehbaren H\u00fcrden, die sich nach einer anstrengenden, 30-st\u00fcndigen, aber \u00fcberaus eindrucksvollen Reise bei der Ankunft auftaten (Volont\u00e4re im Haus, eine unzug\u00e4ngliche K\u00fcche, Heimweh\u2026), waren\u2026","rel":"","context":"In &quot;Jugendarbeit&quot;","block_context":{"text":"Jugendarbeit","link":"https:\/\/evk-hornbach.de\/?cat=83"},"img":{"alt_text":"","src":"https:\/\/i0.wp.com\/evk-hornbach.de\/wp-content\/uploads\/2017\/12\/IMG_0489-150x150.jpg?resize=350%2C200&ssl=1","width":350,"height":200,"srcset":"https:\/\/i0.wp.com\/evk-hornbach.de\/wp-content\/uploads\/2017\/12\/IMG_0489-150x150.jpg?resize=350%2C200&ssl=1 1x, https:\/\/i0.wp.com\/evk-hornbach.de\/wp-content\/uploads\/2017\/12\/IMG_0489-150x150.jpg?resize=525%2C300&ssl=1 1.5x, https:\/\/i0.wp.com\/evk-hornbach.de\/wp-content\/uploads\/2017\/12\/IMG_0489-150x150.jpg?resize=700%2C400&ssl=1 2x, https:\/\/i0.wp.com\/evk-hornbach.de\/wp-content\/uploads\/2017\/12\/IMG_0489-150x150.jpg?resize=1050%2C600&ssl=1 3x, https:\/\/i0.wp.com\/evk-hornbach.de\/wp-content\/uploads\/2017\/12\/IMG_0489-150x150.jpg?resize=1400%2C800&ssl=1 4x"},"classes":[]},{"id":1631,"url":"https:\/\/evk-hornbach.de\/?p=1631","url_meta":{"origin":42151,"position":5},"title":"500 Jahre Reformation &#8211; feiern Sie mit!","author":"Christian G\u00fcnther","date":"12. Oktober 2017","format":false,"excerpt":"Klicken Sie auf das Bild, um mehr \u00fcber die betreffende Person zu erfahren! Das passiert nur dieses Jahr: Weil sich am Dienstag, dem 31. Oktober, zum 500. Mal der Reformationstag j\u00e4hrt, ist dieser Tag in ganz Deutschland ein gesetzlicher Feiertag! Gelegenheit also f\u00fcr ein gaaaaaaanz langes Wochenende vom 27.10 bis\u2026","rel":"","context":"\u00c4hnlicher Beitrag","block_context":{"text":"\u00c4hnlicher Beitrag","link":""},"img":{"alt_text":"","src":"https:\/\/i0.wp.com\/evk-hornbach.de\/wp-content\/uploads\/2017\/09\/landgraf-drucker.jpg?resize=350%2C200&ssl=1","width":350,"height":200,"srcset":"https:\/\/i0.wp.com\/evk-hornbach.de\/wp-content\/uploads\/2017\/09\/landgraf-drucker.jpg?resize=350%2C200&ssl=1 1x, https:\/\/i0.wp.com\/evk-hornbach.de\/wp-content\/uploads\/2017\/09\/landgraf-drucker.jpg?resize=525%2C300&ssl=1 1.5x, https:\/\/i0.wp.com\/evk-hornbach.de\/wp-content\/uploads\/2017\/09\/landgraf-drucker.jpg?resize=700%2C400&ssl=1 2x"},"classes":[]}],"jetpack_sharing_enabled":true,"publishpress_future_action":{"enabled":false,"date":"2026-05-10 18:42:52","action":"change-status","newStatus":"draft","terms":[],"taxonomy":"category","extraData":[]},"publishpress_future_workflow_manual_trigger":{"enabledWorkflows":[]},"_links":{"self":[{"href":"https:\/\/evk-hornbach.de\/index.php?rest_route=\/wp\/v2\/posts\/42151","targetHints":{"allow":["GET"]}}],"collection":[{"href":"https:\/\/evk-hornbach.de\/index.php?rest_route=\/wp\/v2\/posts"}],"about":[{"href":"https:\/\/evk-hornbach.de\/index.php?rest_route=\/wp\/v2\/types\/post"}],"author":[{"embeddable":true,"href":"https:\/\/evk-hornbach.de\/index.php?rest_route=\/wp\/v2\/users\/2"}],"replies":[{"embeddable":true,"href":"https:\/\/evk-hornbach.de\/index.php?rest_route=%2Fwp%2Fv2%2Fcomments&post=42151"}],"version-history":[{"count":13,"href":"https:\/\/evk-hornbach.de\/index.php?rest_route=\/wp\/v2\/posts\/42151\/revisions"}],"predecessor-version":[{"id":42179,"href":"https:\/\/evk-hornbach.de\/index.php?rest_route=\/wp\/v2\/posts\/42151\/revisions\/42179"}],"wp:featuredmedia":[{"embeddable":true,"href":"https:\/\/evk-hornbach.de\/index.php?rest_route=\/wp\/v2\/media\/42162"}],"wp:attachment":[{"href":"https:\/\/evk-hornbach.de\/index.php?rest_route=%2Fwp%2Fv2%2Fmedia&parent=42151"}],"wp:term":[{"taxonomy":"category","embeddable":true,"href":"https:\/\/evk-hornbach.de\/index.php?rest_route=%2Fwp%2Fv2%2Fcategories&post=42151"},{"taxonomy":"post_tag","embeddable":true,"href":"https:\/\/evk-hornbach.de\/index.php?rest_route=%2Fwp%2Fv2%2Ftags&post=42151"},{"taxonomy":"series","embeddable":true,"href":"https:\/\/evk-hornbach.de\/index.php?rest_route=%2Fwp%2Fv2%2Fseries&post=42151"}],"curies":[{"name":"wp","href":"https:\/\/api.w.org\/{rel}","templated":true}]}}