{"id":41027,"date":"2021-03-21T12:00:46","date_gmt":"2021-03-21T11:00:46","guid":{"rendered":"https:\/\/evk-hornbach.de\/?p=41027"},"modified":"2021-03-21T13:15:29","modified_gmt":"2021-03-21T12:15:29","slug":"und-hier-eine-kleine-online-jubilaeumsfeier","status":"publish","type":"post","link":"https:\/\/evk-hornbach.de\/?p=41027","title":{"rendered":"Und hier eine kleine Online-Jubil\u00e4umsfeier &#8230;"},"content":{"rendered":"<p><a href=\"https:\/\/evk-hornbach.de\/?cat=294\"><img loading=\"lazy\" decoding=\"async\" class=\"alignnone wp-image-41029 size-full\" src=\"https:\/\/evk-hornbach.de\/wp-content\/uploads\/2021\/03\/ein-jahr-losungsandachten.gif\" alt=\"\" width=\"500\" height=\"500\" \/><\/a><\/p>\n<i id=\"fac_69f4234f3a551\" class=\"fa fa-hand-o-right\"><\/i>\n <span style=\"color: #000080;\">Zu den <a style=\"color: #000080;\" href=\"https:\/\/www.losungen.de\/fileadmin\/media-losungen\/kalender\/kalender.html\" target=\"_blank\" rel=\"noopener\"><strong>Losungen der Herrnhuter Br\u00fcdergemeine<\/strong><\/a><br \/>\n<\/span><em><span style=\"font-size: 12pt;\"><span style=\"color: #333399;\"><br \/>\nSie h\u00f6ren (<a href=\"https:\/\/evk-hornbach.de\/?p=41027\">eventuell<\/a>) <span style=\"font-weight: bold; text-align: center;\">Valse - Anonymous (1870)\u00a0<\/span>aus der Missa Victimae Paschali Laudes von\u00a0Giovanni Animuccia \u2020 1571, gesungen von<\/span> <\/span><\/em><a href=\"https:\/\/tudor-consort.org.nz\" target=\"_blank\" rel=\"noopener\"><span style=\"font-size: 12pt;\">The Tudor Consort<\/span><\/a><em><span style=\"font-size: 12pt;\">.<\/span><\/em><\/p>\n<p><label><img class=\"war_soundy_audio_control war_soundy_pp_short_code\">\u00a0 <i id=\"fac_69f4234f409d2\" class=\"fa fa-arrow-left\"><\/i>\n <span style=\"color: #808080;\">Pause \/ Abspielen<\/span><\/label><\/p>\n<p><img loading=\"lazy\" decoding=\"async\" class=\"size-full alignright\" src=\"https:\/\/i.creativecommons.org\/l\/by\/3.0\/88x31.png\" width=\"88\" height=\"31\" \/><\/p>\n<p><span style=\"font-size: 10pt;\"><span style=\"text-align: center;\">Die Wiedergabe dieses Liedes ist lizensiert unter Creative Commons<\/span><span class=\"cc-license-title\">Attribution 3.0 Unported<\/span>\u00a0<span class=\"cc-license-identifier\">(CC BY 3.0)\u00a0<\/span><\/span><\/p>\n","protected":false},"excerpt":{"rendered":"<p>Zu den Losungen der Herrnhuter Br\u00fcdergemeine Sie h\u00f6ren (eventuell) \u00a0aus der Missa Victimae Paschali Laudes von\u00a0Giovanni Animuccia \u2020 1571, gesungen von The Tudor Consort. \u00a0 Pause \/ Abspielen Die Wiedergabe dieses Liedes ist lizensiert unter Creative CommonsAttribution 3.0 Unported\u00a0(CC BY 3.0)\u00a0<\/p>\n","protected":false},"author":2,"featured_media":0,"comment_status":"open","ping_status":"open","sticky":false,"template":"","format":"standard","meta":{"_uag_custom_page_level_css":"","advgb_blocks_editor_width":"","advgb_blocks_columns_visual_guide":"","episode_type":"","audio_file":"","podmotor_file_id":"","podmotor_episode_id":"","cover_image":"","cover_image_id":"","duration":"","filesize":"","filesize_raw":"","date_recorded":"","explicit":"","block":"","cybocfi_hide_featured_image":"","_jetpack_memberships_contains_paid_content":false,"footnotes":""},"categories":[294,269,1],"tags":[],"series":[],"class_list":["post-41027","post","type-post","status-publish","format-standard","hentry","category-losungsandacht","category-online","category-uncategorized","entry"],"episode_featured_image":false,"episode_player_image":"https:\/\/evk-hornbach.de\/wp-content\/uploads\/2017\/12\/losungandacht2026logov3.png","download_link":"","player_link":"","audio_player":false,"episode_data":{"playerMode":"dark","subscribeUrls":{"amazon":{"key":"amazon","url":"https:\/\/music.amazon.com\/podcasts\/46f9b0a9-b2db-4d5c-b947-5f5e4228a8e4\/losungsandachten-2022","label":"Amazon","class":"amazon","icon":"amazon.png"},"apple_podcasts":{"key":"apple_podcasts","url":"https:\/\/podcasts.apple.com\/de\/podcast\/losungsandachten-2022\/id1629150905","label":"Apple Podcasts","class":"apple_podcasts","icon":"apple-podcasts.png"},"deezer":{"key":"deezer","url":"","label":"Deezer","class":"deezer","icon":"deezer.png"},"podcast_de":{"key":"podcast_de","url":"","label":"Podcast.de","class":"podcast_de","icon":"podcast-de.png"},"rss":{"key":"rss","url":"https:\/\/evk-hornbach.de\/?cat=294&feed=rss2","label":"RSS","class":"rss","icon":"rss.png"},"rssradio":{"key":"rssradio","url":"","label":"RSSRadio","class":"rssradio","icon":"rssradio.png"},"spotify":{"key":"spotify","url":"https:\/\/open.spotify.com\/show\/5kJEFM4ESjFH2n1nivrIfi","label":"Spotify","class":"spotify","icon":"spotify.png"},"tunein":{"key":"tunein","url":"","label":"TuneIn","class":"tunein","icon":"tunein.png"},"fyyd_de":{"key":"fyyd_de","url":"https:\/\/fyyd.de\/podcast\/losungsandachten-2022\/0","label":"fyyd.de","class":"fyyd_de","icon":"fyyd-de.png"}},"rssFeedUrl":"https:\/\/evk-hornbach.de\/?feed=podcast&podcast_series=losungsandachten","embedCode":"<blockquote class=\"wp-embedded-content\" data-secret=\"rFRuRBmUBs\"><a href=\"https:\/\/evk-hornbach.de\/?p=41027\">Und hier eine kleine Online-Jubil\u00e4umsfeier &#8230;<\/a><\/blockquote><iframe sandbox=\"allow-scripts\" security=\"restricted\" src=\"https:\/\/evk-hornbach.de\/?p=41027&#038;embed=true#?secret=rFRuRBmUBs\" width=\"500\" height=\"350\" title=\"&#8222;Und hier eine kleine Online-Jubil\u00e4umsfeier &#8230;&#8220; &#8211; Prot. Kirchengemeinde Hornbachtal mit der prot. Kirchengemeinde Rimschweiler\" data-secret=\"rFRuRBmUBs\" frameborder=\"0\" marginwidth=\"0\" marginheight=\"0\" scrolling=\"no\" class=\"wp-embedded-content\"><\/iframe><script>\n\/*! This file is auto-generated *\/\n!function(d,l){\"use strict\";l.querySelector&&d.addEventListener&&\"undefined\"!=typeof URL&&(d.wp=d.wp||{},d.wp.receiveEmbedMessage||(d.wp.receiveEmbedMessage=function(e){var t=e.data;if((t||t.secret||t.message||t.value)&&!\/[^a-zA-Z0-9]\/.test(t.secret)){for(var s,r,n,a=l.querySelectorAll('iframe[data-secret=\"'+t.secret+'\"]'),o=l.querySelectorAll('blockquote[data-secret=\"'+t.secret+'\"]'),c=new RegExp(\"^https?:$\",\"i\"),i=0;i<o.length;i++)o[i].style.display=\"none\";for(i=0;i<a.length;i++)s=a[i],e.source===s.contentWindow&&(s.removeAttribute(\"style\"),\"height\"===t.message?(1e3<(r=parseInt(t.value,10))?r=1e3:~~r<200&&(r=200),s.height=r):\"link\"===t.message&&(r=new URL(s.getAttribute(\"src\")),n=new URL(t.value),c.test(n.protocol))&&n.host===r.host&&l.activeElement===s&&(d.top.location.href=t.value))}},d.addEventListener(\"message\",d.wp.receiveEmbedMessage,!1),l.addEventListener(\"DOMContentLoaded\",function(){for(var e,t,s=l.querySelectorAll(\"iframe.wp-embedded-content\"),r=0;r<s.length;r++)(t=(e=s[r]).getAttribute(\"data-secret\"))||(t=Math.random().toString(36).substring(2,12),e.src+=\"#?secret=\"+t,e.setAttribute(\"data-secret\",t)),e.contentWindow.postMessage({message:\"ready\",secret:t},\"*\")},!1)))}(window,document);\n\/\/# sourceURL=https:\/\/evk-hornbach.de\/wp-includes\/js\/wp-embed.min.js\n<\/script>\n"},"author_meta":{"display_name":"Christian G\u00fcnther","author_link":"https:\/\/evk-hornbach.de\/?author=2"},"featured_img":null,"jetpack_featured_media_url":"","uagb_featured_image_src":{"full":false,"thumbnail":false,"medium":false,"medium_large":false,"large":false,"ug_big":false,"1536x1536":false,"2048x2048":false,"post-thumbnail":false},"uagb_author_info":{"display_name":"Christian G\u00fcnther","author_link":"https:\/\/evk-hornbach.de\/?author=2"},"uagb_comment_info":0,"uagb_excerpt":"Zu den Losungen der Herrnhuter Br\u00fcdergemeine Sie h\u00f6ren (eventuell) \u00a0aus der Missa Victimae Paschali Laudes von\u00a0Giovanni Animuccia \u2020 1571, gesungen von The Tudor Consort. \u00a0 Pause \/ Abspielen Die Wiedergabe dieses Liedes ist lizensiert unter Creative CommonsAttribution 3.0 Unported\u00a0(CC BY 3.0)\u00a0","coauthors":[],"tax_additional":{"categories":{"linked":["<a href=\"https:\/\/evk-hornbach.de\/?cat=294\" class=\"advgb-post-tax-term\">Losungsandacht<\/a>","<a href=\"https:\/\/evk-hornbach.de\/?cat=269\" class=\"advgb-post-tax-term\">Online<\/a>","<a href=\"https:\/\/evk-hornbach.de\/?cat=1\" class=\"advgb-post-tax-term\">Uncategorized<\/a>"],"unlinked":["<span class=\"advgb-post-tax-term\">Losungsandacht<\/span>","<span class=\"advgb-post-tax-term\">Online<\/span>","<span class=\"advgb-post-tax-term\">Uncategorized<\/span>"]}},"comment_count":"0","relative_dates":{"created":"Ver\u00f6ffentlicht 5\u00a0Jahren vor","modified":"Aktualisiert 5\u00a0Jahren vor"},"absolute_dates":{"created":"Ver\u00f6ffentlicht am 21. M\u00e4rz 2021","modified":"Aktualisiert am 21. M\u00e4rz 2021"},"absolute_dates_time":{"created":"Ver\u00f6ffentlicht am 21. M\u00e4rz 2021 12:00","modified":"Aktualisiert am 21. M\u00e4rz 2021 13:15"},"featured_img_caption":"","series_order":"","jetpack-related-posts":[{"id":19414,"url":"https:\/\/evk-hornbach.de\/?p=19414","url_meta":{"origin":41027,"position":0},"title":"Pfr. Seel hat von 23. April bis 5. Mai Urlaub.","author":"Christian G\u00fcnther","date":"5. April 2019","format":"aside","excerpt":"Die Pfarramts-Vertretung in dieser Zeit \u00fcbernehmen : in der Zeit vom 23.4.-1.5.: Pr\u00e4dikantin Birgit Schery 06338 1478. in der Zeit vom 2.-5.5.:Pfrn. Suse G\u00fcnther 06338 994974.","rel":"","context":"\u00c4hnlicher Beitrag","block_context":{"text":"\u00c4hnlicher Beitrag","link":""},"img":{"alt_text":"","src":"https:\/\/i0.wp.com\/evk-hornbach.de\/wp-content\/uploads\/2019\/04\/maikafer-2410589_640-2.jpg?resize=350%2C200&ssl=1","width":350,"height":200},"classes":[]},{"id":37971,"url":"https:\/\/evk-hornbach.de\/?p=37971","url_meta":{"origin":41027,"position":1},"title":"Pfr. Seel hat von 6. Juli bis 11. August Urlaub.","author":"Patrick Gauter","date":"11. Juli 2019","format":"aside","excerpt":"Pfr. Daniel Seel ist vom 6.7. - 20.7.2019 mit Jugendlichen aus unseren Gemeinden auf Sommerfreizeit in Lackan House \/ Irland.\u00a0 Vom 21. Juli bis 11. August befindet sich Pfr. Daniel Seel in Urlaub. Die Pfarramts-Vertretung in dieser Zeit \u00fcbernehmen: \u00a0\u00a0 in der Zeit vom 6.7.-14.7.: Diakonin i. R. Roswitha Kaufholz-Kerz\u2026","rel":"","context":"\u00c4hnlicher Beitrag","block_context":{"text":"\u00c4hnlicher Beitrag","link":""},"img":{"alt_text":"","src":"https:\/\/i0.wp.com\/evk-hornbach.de\/wp-content\/uploads\/2017\/12\/deck-chair-1392583_960_720.jpg?resize=350%2C200&ssl=1","width":350,"height":200},"classes":[]},{"id":38056,"url":"https:\/\/evk-hornbach.de\/?p=38056","url_meta":{"origin":41027,"position":2},"title":"Pfr. Seel ist vom 30.9..- 13.10.2019 in Urlaub.","author":"Christian G\u00fcnther","date":"23. September 2019","format":"aside","excerpt":"Die Pfarramts-Vertretung in dieser Zeit \u00fcbernehmen : in der Zeit vom 30.9.-5.10.: Pfrn. Suse G\u00fcnther 06338 994974, . in der Zeit vom 6.-13.10.: Pfrn. Verena Kr\u00fcger, Gro\u00dfsteinhausen , 06339 341","rel":"","context":"In \"Freizeit\"","block_context":{"text":"Freizeit","link":"https:\/\/evk-hornbach.de\/?tag=freizeit"},"img":{"alt_text":"","src":"https:\/\/i0.wp.com\/evk-hornbach.de\/wp-content\/uploads\/2019\/09\/chair-1778706_1280.jpg?resize=350%2C200&ssl=1","width":350,"height":200,"srcset":"https:\/\/i0.wp.com\/evk-hornbach.de\/wp-content\/uploads\/2019\/09\/chair-1778706_1280.jpg?resize=350%2C200&ssl=1 1x, https:\/\/i0.wp.com\/evk-hornbach.de\/wp-content\/uploads\/2019\/09\/chair-1778706_1280.jpg?resize=525%2C300&ssl=1 1.5x, https:\/\/i0.wp.com\/evk-hornbach.de\/wp-content\/uploads\/2019\/09\/chair-1778706_1280.jpg?resize=700%2C400&ssl=1 2x, https:\/\/i0.wp.com\/evk-hornbach.de\/wp-content\/uploads\/2019\/09\/chair-1778706_1280.jpg?resize=1050%2C600&ssl=1 3x"},"classes":[]},{"id":40793,"url":"https:\/\/evk-hornbach.de\/?p=40793","url_meta":{"origin":41027,"position":3},"title":"Losungsandacht f\u00fcr Mittwoch, 17.02.2021","author":"Christian G\u00fcnther","date":"17. Februar 2021","format":false,"excerpt":"F\u00fcr die Zeit, in der wir alle wegen der Epidemie in Isolation festsitzen, stellen wir t\u00e4glich eine 5-Minuten-Losungs-Andacht ins Netz. Text und Sprecherin: Pfarrerin Suse G\u00fcnther, Mauschbach Die Ansprache zum Nachlesen kann man\u00a0hier herunterladen. NEU: Man kann die Andacht auch ganz ohne Internet unter der Telefonnummer 06338-993044 anh\u00f6ren. Nachdem man\u2026","rel":"","context":"In &quot;Losungsandacht&quot;","block_context":{"text":"Losungsandacht","link":"https:\/\/evk-hornbach.de\/?cat=294"},"img":{"alt_text":"","src":"https:\/\/i0.wp.com\/evk-hornbach.de\/wp-content\/uploads\/2021\/02\/losungen-2021cover1-900.png?resize=350%2C200&ssl=1","width":350,"height":200,"srcset":"https:\/\/i0.wp.com\/evk-hornbach.de\/wp-content\/uploads\/2021\/02\/losungen-2021cover1-900.png?resize=350%2C200&ssl=1 1x, https:\/\/i0.wp.com\/evk-hornbach.de\/wp-content\/uploads\/2021\/02\/losungen-2021cover1-900.png?resize=525%2C300&ssl=1 1.5x, https:\/\/i0.wp.com\/evk-hornbach.de\/wp-content\/uploads\/2021\/02\/losungen-2021cover1-900.png?resize=700%2C400&ssl=1 2x"},"classes":[]},{"id":934,"url":"https:\/\/evk-hornbach.de\/?p=934","url_meta":{"origin":41027,"position":4},"title":"Unsere Jugend","author":"Christian G\u00fcnther","date":"27. Februar 2017","format":false,"excerpt":"Seit vielen Jahren existiert bei uns in Hornbach eine aktive Jugendarbeit. Was durch Sommerfreizeiten langsam begonnen hat, ist mittlerweile gewachsen und nicht mehr weg zu denken. Es gibt verschiedene Angebote f\u00fcr Jugendliche und junge Erwachsene, die von vielen Interessierten aus der Umgebung in Anspruch genommen werden. Die Jugendgruppen, Jugendevents und\u2026","rel":"","context":"In &quot;Jugendarbeit&quot;","block_context":{"text":"Jugendarbeit","link":"https:\/\/evk-hornbach.de\/?cat=83"},"img":{"alt_text":"","src":"https:\/\/i0.wp.com\/evk-hornbach.de\/wp-content\/uploads\/2017\/03\/sign-300x132.png?resize=350%2C200&ssl=1","width":350,"height":200},"classes":[]},{"id":1952,"url":"https:\/\/evk-hornbach.de\/?p=1952","url_meta":{"origin":41027,"position":5},"title":"\u00d6kumenischer Gottesdienst in Volmunster am Samstagabend, 27.1.2018","author":"Christian G\u00fcnther","date":"22. Dezember 2017","format":false,"excerpt":"... um 18:30 Uhr in der\u00a0\u00c9glise Saint-Pierre de Volmunster. Der Gottesdienst wird von P\u00e8re Pontello und Pfr. Seel gehalten. Pfr. Seel h\u00e4lt im Rahmen des Kanzeltausches die Predigt. Das Pfarramt organisiert Fahrtgemeinschaften zu diesem Gottesdienst. Interessierte k\u00f6nnen sich melden unter\u00a0 06338-393 \u00a0","rel":"","context":"In &quot;Gottesdienst&quot;","block_context":{"text":"Gottesdienst","link":"https:\/\/evk-hornbach.de\/?cat=103"},"img":{"alt_text":"","src":"https:\/\/i0.wp.com\/www.bitscherland.fr\/Canton-de-Volmunster\/Volmunster\/Images\/Eglise\/eglise-1.jpg?resize=350%2C200","width":350,"height":200,"srcset":"https:\/\/i0.wp.com\/www.bitscherland.fr\/Canton-de-Volmunster\/Volmunster\/Images\/Eglise\/eglise-1.jpg?resize=350%2C200 1x, https:\/\/i0.wp.com\/www.bitscherland.fr\/Canton-de-Volmunster\/Volmunster\/Images\/Eglise\/eglise-1.jpg?resize=525%2C300 1.5x, https:\/\/i0.wp.com\/www.bitscherland.fr\/Canton-de-Volmunster\/Volmunster\/Images\/Eglise\/eglise-1.jpg?resize=700%2C400 2x, https:\/\/i0.wp.com\/www.bitscherland.fr\/Canton-de-Volmunster\/Volmunster\/Images\/Eglise\/eglise-1.jpg?resize=1050%2C600 3x, https:\/\/i0.wp.com\/www.bitscherland.fr\/Canton-de-Volmunster\/Volmunster\/Images\/Eglise\/eglise-1.jpg?resize=1400%2C800 4x"},"classes":[]}],"jetpack_sharing_enabled":true,"publishpress_future_action":{"enabled":false,"date":"2026-05-08 05:51:43","action":"change-status","newStatus":"draft","terms":[],"taxonomy":"category","extraData":[]},"publishpress_future_workflow_manual_trigger":{"enabledWorkflows":[]},"_links":{"self":[{"href":"https:\/\/evk-hornbach.de\/index.php?rest_route=\/wp\/v2\/posts\/41027","targetHints":{"allow":["GET"]}}],"collection":[{"href":"https:\/\/evk-hornbach.de\/index.php?rest_route=\/wp\/v2\/posts"}],"about":[{"href":"https:\/\/evk-hornbach.de\/index.php?rest_route=\/wp\/v2\/types\/post"}],"author":[{"embeddable":true,"href":"https:\/\/evk-hornbach.de\/index.php?rest_route=\/wp\/v2\/users\/2"}],"replies":[{"embeddable":true,"href":"https:\/\/evk-hornbach.de\/index.php?rest_route=%2Fwp%2Fv2%2Fcomments&post=41027"}],"version-history":[{"count":10,"href":"https:\/\/evk-hornbach.de\/index.php?rest_route=\/wp\/v2\/posts\/41027\/revisions"}],"predecessor-version":[{"id":41044,"href":"https:\/\/evk-hornbach.de\/index.php?rest_route=\/wp\/v2\/posts\/41027\/revisions\/41044"}],"wp:attachment":[{"href":"https:\/\/evk-hornbach.de\/index.php?rest_route=%2Fwp%2Fv2%2Fmedia&parent=41027"}],"wp:term":[{"taxonomy":"category","embeddable":true,"href":"https:\/\/evk-hornbach.de\/index.php?rest_route=%2Fwp%2Fv2%2Fcategories&post=41027"},{"taxonomy":"post_tag","embeddable":true,"href":"https:\/\/evk-hornbach.de\/index.php?rest_route=%2Fwp%2Fv2%2Ftags&post=41027"},{"taxonomy":"series","embeddable":true,"href":"https:\/\/evk-hornbach.de\/index.php?rest_route=%2Fwp%2Fv2%2Fseries&post=41027"}],"curies":[{"name":"wp","href":"https:\/\/api.w.org\/{rel}","templated":true}]}}