{"id":40302,"date":"2020-11-28T09:49:15","date_gmt":"2020-11-28T08:49:15","guid":{"rendered":"https:\/\/evk-hornbach.de\/?p=40302"},"modified":"2020-11-28T09:52:52","modified_gmt":"2020-11-28T08:52:52","slug":"anstelle-von-adventsfenstern-der-digitale-adventskalender-von-zweibruecken","status":"publish","type":"post","link":"https:\/\/evk-hornbach.de\/?p=40302","title":{"rendered":"Anstelle von Adventsfenstern &#8211; der digitale Adventskalender von Zweibr\u00fccken"},"content":{"rendered":"<p>Auch die allj\u00e4hrlichen Adventsfenster fallen wegen des gegenw\u00e4rtigen Corona-Teil-Lockdowns ins Wasser. Das war schon fr\u00fch abzusehen, und darum verwirklichte man in Zweibr\u00fccken als Ersatz einen digitalen Adventskalender. Dieser reicht nicht vom ersten bis zum 24. 12., sondern vom Samstag vor dem ersten Advent (= <strong>heute<\/strong>!) bis Epipanias \/ Dreik\u00f6nigstag (= 6.1.21).<\/p>\n<p>Im Unterschied zu den meisten anderen, digitalen Adventskalendern, die auf vorhandene literarische oder Internetressourcen zur\u00fcckgreifen, wurden bei dem Zweibr\u00fccker Kalender die Beitr\u00e4ge von Gemeindegliedern erstellt. Zum Teil sind richtige &#8222;Fernsehsendungen&#8220; entstanden.<\/p>\n<p>Um den Zweibr\u00fccker digitalen Adventskalender aufzurufen <strong>klicken Sie unten auf das Bild<\/strong>. &#8211; Auf der aufgerufenen Seite muss man dann ein St\u00fcck weit nach unten scrollen.<\/p>\n<p><a href=\"http:\/\/menscheninzweibruecken.de\/adventskalender.html\"><img loading=\"lazy\" decoding=\"async\" class=\"alignnone size-post-thumbnail\" src=\"http:\/\/menscheninzweibruecken.de\/fileadmin\/_processed_\/a\/c\/csm_Kalender_f5e19917f5.jpg\" width=\"600\" height=\"403\" \/><\/a><\/p>\n","protected":false},"excerpt":{"rendered":"<p>Auch die allj\u00e4hrlichen Adventsfenster fallen wegen des gegenw\u00e4rtigen Corona-Teil-Lockdowns ins Wasser. Das war schon fr\u00fch abzusehen, und darum verwirklichte man in Zweibr\u00fccken als Ersatz einen digitalen Adventskalender. Dieser reicht nicht vom ersten bis zum 24. 12., sondern vom Samstag vor dem ersten Advent (= heute!) bis Epipanias \/ Dreik\u00f6nigstag (= 6.1.21). Im Unterschied zu den&hellip; <a class=\"more-link\" href=\"https:\/\/evk-hornbach.de\/?p=40302\"><span class=\"screen-reader-text\">Anstelle von Adventsfenstern &#8211; der digitale Adventskalender von Zweibr\u00fccken<\/span> weiterlesen<\/a><\/p>\n","protected":false},"author":2,"featured_media":0,"comment_status":"open","ping_status":"open","sticky":false,"template":"","format":"standard","meta":{"_uag_custom_page_level_css":"","advgb_blocks_editor_width":"","advgb_blocks_columns_visual_guide":"","episode_type":"","audio_file":"","podmotor_file_id":"","podmotor_episode_id":"","cover_image":"","cover_image_id":"","duration":"","filesize":"","filesize_raw":"","date_recorded":"","explicit":"","block":"","cybocfi_hide_featured_image":"","_jetpack_memberships_contains_paid_content":false,"footnotes":""},"categories":[34,269],"tags":[],"series":[],"class_list":["post-40302","post","type-post","status-publish","format-standard","hentry","category-neuigkeiten","category-online","entry"],"episode_featured_image":false,"episode_player_image":"https:\/\/evk-hornbach.de\/wp-content\/uploads\/2017\/12\/losungandacht2026logov3.png","download_link":"","player_link":"","audio_player":false,"episode_data":{"playerMode":"dark","subscribeUrls":{"amazon":{"key":"amazon","url":"https:\/\/music.amazon.com\/podcasts\/46f9b0a9-b2db-4d5c-b947-5f5e4228a8e4\/losungsandachten-2022","label":"Amazon","class":"amazon","icon":"amazon.png"},"apple_podcasts":{"key":"apple_podcasts","url":"https:\/\/podcasts.apple.com\/de\/podcast\/losungsandachten-2022\/id1629150905","label":"Apple Podcasts","class":"apple_podcasts","icon":"apple-podcasts.png"},"deezer":{"key":"deezer","url":"","label":"Deezer","class":"deezer","icon":"deezer.png"},"podcast_de":{"key":"podcast_de","url":"","label":"Podcast.de","class":"podcast_de","icon":"podcast-de.png"},"rss":{"key":"rss","url":"https:\/\/evk-hornbach.de\/?cat=294&feed=rss2","label":"RSS","class":"rss","icon":"rss.png"},"rssradio":{"key":"rssradio","url":"","label":"RSSRadio","class":"rssradio","icon":"rssradio.png"},"spotify":{"key":"spotify","url":"https:\/\/open.spotify.com\/show\/5kJEFM4ESjFH2n1nivrIfi","label":"Spotify","class":"spotify","icon":"spotify.png"},"tunein":{"key":"tunein","url":"","label":"TuneIn","class":"tunein","icon":"tunein.png"},"fyyd_de":{"key":"fyyd_de","url":"https:\/\/fyyd.de\/podcast\/losungsandachten-2022\/0","label":"fyyd.de","class":"fyyd_de","icon":"fyyd-de.png"}},"rssFeedUrl":"https:\/\/evk-hornbach.de\/?feed=podcast&podcast_series=losungsandachten","embedCode":"<blockquote class=\"wp-embedded-content\" data-secret=\"Wy0qq3DRmB\"><a href=\"https:\/\/evk-hornbach.de\/?p=40302\">Anstelle von Adventsfenstern &#8211; der digitale Adventskalender von Zweibr\u00fccken<\/a><\/blockquote><iframe sandbox=\"allow-scripts\" security=\"restricted\" src=\"https:\/\/evk-hornbach.de\/?p=40302&#038;embed=true#?secret=Wy0qq3DRmB\" width=\"500\" height=\"350\" title=\"&#8222;Anstelle von Adventsfenstern &#8211; der digitale Adventskalender von Zweibr\u00fccken&#8220; &#8211; Prot. Kirchengemeinde Hornbachtal mit der prot. Kirchengemeinde Rimschweiler\" data-secret=\"Wy0qq3DRmB\" frameborder=\"0\" marginwidth=\"0\" marginheight=\"0\" scrolling=\"no\" class=\"wp-embedded-content\"><\/iframe><script>\n\/*! This file is auto-generated *\/\n!function(d,l){\"use strict\";l.querySelector&&d.addEventListener&&\"undefined\"!=typeof URL&&(d.wp=d.wp||{},d.wp.receiveEmbedMessage||(d.wp.receiveEmbedMessage=function(e){var t=e.data;if((t||t.secret||t.message||t.value)&&!\/[^a-zA-Z0-9]\/.test(t.secret)){for(var s,r,n,a=l.querySelectorAll('iframe[data-secret=\"'+t.secret+'\"]'),o=l.querySelectorAll('blockquote[data-secret=\"'+t.secret+'\"]'),c=new RegExp(\"^https?:$\",\"i\"),i=0;i<o.length;i++)o[i].style.display=\"none\";for(i=0;i<a.length;i++)s=a[i],e.source===s.contentWindow&&(s.removeAttribute(\"style\"),\"height\"===t.message?(1e3<(r=parseInt(t.value,10))?r=1e3:~~r<200&&(r=200),s.height=r):\"link\"===t.message&&(r=new URL(s.getAttribute(\"src\")),n=new URL(t.value),c.test(n.protocol))&&n.host===r.host&&l.activeElement===s&&(d.top.location.href=t.value))}},d.addEventListener(\"message\",d.wp.receiveEmbedMessage,!1),l.addEventListener(\"DOMContentLoaded\",function(){for(var e,t,s=l.querySelectorAll(\"iframe.wp-embedded-content\"),r=0;r<s.length;r++)(t=(e=s[r]).getAttribute(\"data-secret\"))||(t=Math.random().toString(36).substring(2,12),e.src+=\"#?secret=\"+t,e.setAttribute(\"data-secret\",t)),e.contentWindow.postMessage({message:\"ready\",secret:t},\"*\")},!1)))}(window,document);\n\/\/# sourceURL=https:\/\/evk-hornbach.de\/wp-includes\/js\/wp-embed.min.js\n<\/script>\n"},"author_meta":{"display_name":"Christian G\u00fcnther","author_link":"https:\/\/evk-hornbach.de\/?author=2"},"featured_img":null,"jetpack_featured_media_url":"","uagb_featured_image_src":{"full":false,"thumbnail":false,"medium":false,"medium_large":false,"large":false,"ug_big":false,"1536x1536":false,"2048x2048":false,"post-thumbnail":false},"uagb_author_info":{"display_name":"Christian G\u00fcnther","author_link":"https:\/\/evk-hornbach.de\/?author=2"},"uagb_comment_info":0,"uagb_excerpt":"Auch die allj\u00e4hrlichen Adventsfenster fallen wegen des gegenw\u00e4rtigen Corona-Teil-Lockdowns ins Wasser. Das war schon fr\u00fch abzusehen, und darum verwirklichte man in Zweibr\u00fccken als Ersatz einen digitalen Adventskalender. Dieser reicht nicht vom ersten bis zum 24. 12., sondern vom Samstag vor dem ersten Advent (= heute!) bis Epipanias \/ Dreik\u00f6nigstag (= 6.1.21). Im Unterschied zu den&hellip;&hellip;","coauthors":[],"tax_additional":{"categories":{"linked":["<a href=\"https:\/\/evk-hornbach.de\/?cat=34\" class=\"advgb-post-tax-term\">Neuigkeiten<\/a>","<a href=\"https:\/\/evk-hornbach.de\/?cat=269\" class=\"advgb-post-tax-term\">Online<\/a>"],"unlinked":["<span class=\"advgb-post-tax-term\">Neuigkeiten<\/span>","<span class=\"advgb-post-tax-term\">Online<\/span>"]}},"comment_count":"0","relative_dates":{"created":"Ver\u00f6ffentlicht 5\u00a0Jahren vor","modified":"Aktualisiert 5\u00a0Jahren vor"},"absolute_dates":{"created":"Ver\u00f6ffentlicht am 28. November 2020","modified":"Aktualisiert am 28. November 2020"},"absolute_dates_time":{"created":"Ver\u00f6ffentlicht am 28. November 2020 9:49","modified":"Aktualisiert am 28. November 2020 9:52"},"featured_img_caption":"","series_order":"","jetpack-related-posts":[{"id":43063,"url":"https:\/\/evk-hornbach.de\/?p=43063","url_meta":{"origin":40302,"position":0},"title":"Wie, dieses Jahr kein Hornbacher Adventskalender?","author":"Christian G\u00fcnther","date":"29. November 2021","format":false,"excerpt":"Leider nein! Irgendwie scheint fast jeder in diesem Jahr einen digitalen Adventskalender ver\u00f6ffentlichen zu wollen, da wird das Adventskalender-Erstellen schon wieder uncool. Darum verweise ich hier auf den wieder mit gro\u00dfem Aufwand produzierten, digitalen Adventskalender aus Zweibr\u00fccken, und f\u00fcr alle, die es etwas weniger besinnlich haben wollen, den digitalen Adventskalender\u2026","rel":"","context":"In &quot;Neuigkeiten&quot;","block_context":{"text":"Neuigkeiten","link":"https:\/\/evk-hornbach.de\/?cat=34"},"img":{"alt_text":"","src":"https:\/\/i0.wp.com\/img.youtube.com\/vi\/yY8aKRqe7Bg\/0.jpg?resize=350%2C200","width":350,"height":200},"classes":[]},{"id":45787,"url":"https:\/\/evk-hornbach.de\/?p=45787","url_meta":{"origin":40302,"position":1},"title":"Adventskalender","author":"Christian G\u00fcnther","date":"8. Dezember 2022","format":false,"excerpt":"8. Dezember Wir \u00fcbernehmen den digitalen Adventskalender von Menschen in Zweibr\u00fccken","rel":"","context":"In \"8. Dezember\"","block_context":{"text":"8. Dezember","link":"https:\/\/evk-hornbach.de\/?tag=8-dezember"},"img":{"alt_text":"","src":"https:\/\/i0.wp.com\/evk-hornbach.de\/wp-content\/uploads\/2022\/11\/2022-11-27-16.41.10-pixabay.com-10cd76585f62.png?resize=350%2C200&ssl=1","width":350,"height":200},"classes":[]},{"id":45759,"url":"https:\/\/evk-hornbach.de\/?p=45759","url_meta":{"origin":40302,"position":2},"title":"Adventskalender","author":"Christian G\u00fcnther","date":"27. November 2022","format":false,"excerpt":"26.November Wir \u00fcbernehmen den digitalen Adventskalender von Menschen in Zweibr\u00fccken","rel":"","context":"\u00c4hnlicher Beitrag","block_context":{"text":"\u00c4hnlicher Beitrag","link":""},"img":{"alt_text":"","src":"https:\/\/i0.wp.com\/evk-hornbach.de\/wp-content\/uploads\/2022\/11\/2022-11-27-16.41.10-pixabay.com-10cd76585f62.png?resize=350%2C200&ssl=1","width":350,"height":200},"classes":[]},{"id":45765,"url":"https:\/\/evk-hornbach.de\/?p=45765","url_meta":{"origin":40302,"position":3},"title":"Adventskalender","author":"Christian G\u00fcnther","date":"27. November 2022","format":false,"excerpt":"27.November Wir \u00fcbernehmen den digitalen Adventskalender von Menschen in Zweibr\u00fccken","rel":"","context":"\u00c4hnlicher Beitrag","block_context":{"text":"\u00c4hnlicher Beitrag","link":""},"img":{"alt_text":"","src":"https:\/\/i0.wp.com\/evk-hornbach.de\/wp-content\/uploads\/2022\/11\/2022-11-27-16.41.10-pixabay.com-10cd76585f62.png?resize=350%2C200&ssl=1","width":350,"height":200},"classes":[]},{"id":45766,"url":"https:\/\/evk-hornbach.de\/?p=45766","url_meta":{"origin":40302,"position":4},"title":"Adventskalender","author":"Christian G\u00fcnther","date":"28. November 2022","format":false,"excerpt":"28.November Wir \u00fcbernehmen den digitalen Adventskalender von Menschen in Zweibr\u00fccken","rel":"","context":"\u00c4hnlicher Beitrag","block_context":{"text":"\u00c4hnlicher Beitrag","link":""},"img":{"alt_text":"","src":"https:\/\/i0.wp.com\/evk-hornbach.de\/wp-content\/uploads\/2022\/11\/2022-11-27-16.41.10-pixabay.com-10cd76585f62.png?resize=350%2C200&ssl=1","width":350,"height":200},"classes":[]},{"id":45769,"url":"https:\/\/evk-hornbach.de\/?p=45769","url_meta":{"origin":40302,"position":5},"title":"Adventskalender","author":"Christian G\u00fcnther","date":"29. November 2022","format":false,"excerpt":"29.November Wir \u00fcbernehmen den digitalen Adventskalender von Menschen in Zweibr\u00fccken","rel":"","context":"\u00c4hnlicher Beitrag","block_context":{"text":"\u00c4hnlicher Beitrag","link":""},"img":{"alt_text":"","src":"https:\/\/i0.wp.com\/evk-hornbach.de\/wp-content\/uploads\/2022\/11\/2022-11-27-16.41.10-pixabay.com-10cd76585f62.png?resize=350%2C200&ssl=1","width":350,"height":200},"classes":[]}],"jetpack_sharing_enabled":true,"publishpress_future_action":{"enabled":false,"date":"2026-05-04 06:22:29","action":"change-status","newStatus":"draft","terms":[],"taxonomy":"category","extraData":[]},"publishpress_future_workflow_manual_trigger":{"enabledWorkflows":[]},"_links":{"self":[{"href":"https:\/\/evk-hornbach.de\/index.php?rest_route=\/wp\/v2\/posts\/40302","targetHints":{"allow":["GET"]}}],"collection":[{"href":"https:\/\/evk-hornbach.de\/index.php?rest_route=\/wp\/v2\/posts"}],"about":[{"href":"https:\/\/evk-hornbach.de\/index.php?rest_route=\/wp\/v2\/types\/post"}],"author":[{"embeddable":true,"href":"https:\/\/evk-hornbach.de\/index.php?rest_route=\/wp\/v2\/users\/2"}],"replies":[{"embeddable":true,"href":"https:\/\/evk-hornbach.de\/index.php?rest_route=%2Fwp%2Fv2%2Fcomments&post=40302"}],"version-history":[{"count":4,"href":"https:\/\/evk-hornbach.de\/index.php?rest_route=\/wp\/v2\/posts\/40302\/revisions"}],"predecessor-version":[{"id":40306,"href":"https:\/\/evk-hornbach.de\/index.php?rest_route=\/wp\/v2\/posts\/40302\/revisions\/40306"}],"wp:attachment":[{"href":"https:\/\/evk-hornbach.de\/index.php?rest_route=%2Fwp%2Fv2%2Fmedia&parent=40302"}],"wp:term":[{"taxonomy":"category","embeddable":true,"href":"https:\/\/evk-hornbach.de\/index.php?rest_route=%2Fwp%2Fv2%2Fcategories&post=40302"},{"taxonomy":"post_tag","embeddable":true,"href":"https:\/\/evk-hornbach.de\/index.php?rest_route=%2Fwp%2Fv2%2Ftags&post=40302"},{"taxonomy":"series","embeddable":true,"href":"https:\/\/evk-hornbach.de\/index.php?rest_route=%2Fwp%2Fv2%2Fseries&post=40302"}],"curies":[{"name":"wp","href":"https:\/\/api.w.org\/{rel}","templated":true}]}}