{"id":38691,"date":"2020-04-13T11:27:32","date_gmt":"2020-04-13T09:27:32","guid":{"rendered":"https:\/\/evk-hornbach.de\/?p=38691"},"modified":"2020-04-09T11:30:52","modified_gmt":"2020-04-09T09:30:52","slug":"passion-und-ostern-erzaehlt-teil-6-der-auferstandene-jesus-begegnet-den-juengern","status":"publish","type":"post","link":"https:\/\/evk-hornbach.de\/?p=38691","title":{"rendered":"Passion und Ostern erz\u00e4hlt. Teil 6: Der auferstandene Jesus begegnet den J\u00fcngern"},"content":{"rendered":"<p>Der letzte Teil der erz\u00e4hlten Passions- und Ostergeschichte.<\/p>\n<p><iframe loading=\"lazy\" title=\"[Passion &amp; Ostern erz\u00e4hlt] Folge 6: Jesus erscheint seinen J\u00fcngern\" width=\"750\" height=\"422\" src=\"https:\/\/www.youtube.com\/embed\/rCqMKv9n5hk?feature=oembed\" frameborder=\"0\" allow=\"accelerometer; autoplay; clipboard-write; encrypted-media; gyroscope; picture-in-picture; web-share\" referrerpolicy=\"strict-origin-when-cross-origin\" allowfullscreen><\/iframe><\/p>\n","protected":false},"excerpt":{"rendered":"<p>Der letzte Teil der erz\u00e4hlten Passions- und Ostergeschichte.<\/p>\n","protected":false},"author":2,"featured_media":0,"comment_status":"open","ping_status":"open","sticky":false,"template":"","format":"standard","meta":{"_uag_custom_page_level_css":"","advgb_blocks_editor_width":"","advgb_blocks_columns_visual_guide":"","episode_type":"","audio_file":"","podmotor_file_id":"","podmotor_episode_id":"","cover_image":"","cover_image_id":"","duration":"","filesize":"","filesize_raw":"","date_recorded":"","explicit":"","block":"","cybocfi_hide_featured_image":"","_jetpack_memberships_contains_paid_content":false,"footnotes":""},"categories":[116,269,86],"tags":[],"series":[],"class_list":["post-38691","post","type-post","status-publish","format-standard","hentry","category-bibelarbeit","category-online","category-traktat","entry"],"episode_featured_image":false,"episode_player_image":"https:\/\/evk-hornbach.de\/wp-content\/uploads\/2017\/12\/losungandacht2026logov3.png","download_link":"","player_link":"","audio_player":false,"episode_data":{"playerMode":"dark","subscribeUrls":{"amazon":{"key":"amazon","url":"https:\/\/music.amazon.com\/podcasts\/46f9b0a9-b2db-4d5c-b947-5f5e4228a8e4\/losungsandachten-2022","label":"Amazon","class":"amazon","icon":"amazon.png"},"apple_podcasts":{"key":"apple_podcasts","url":"https:\/\/podcasts.apple.com\/de\/podcast\/losungsandachten-2022\/id1629150905","label":"Apple Podcasts","class":"apple_podcasts","icon":"apple-podcasts.png"},"deezer":{"key":"deezer","url":"","label":"Deezer","class":"deezer","icon":"deezer.png"},"podcast_de":{"key":"podcast_de","url":"","label":"Podcast.de","class":"podcast_de","icon":"podcast-de.png"},"rss":{"key":"rss","url":"https:\/\/evk-hornbach.de\/?cat=294&feed=rss2","label":"RSS","class":"rss","icon":"rss.png"},"rssradio":{"key":"rssradio","url":"","label":"RSSRadio","class":"rssradio","icon":"rssradio.png"},"spotify":{"key":"spotify","url":"https:\/\/open.spotify.com\/show\/5kJEFM4ESjFH2n1nivrIfi","label":"Spotify","class":"spotify","icon":"spotify.png"},"tunein":{"key":"tunein","url":"","label":"TuneIn","class":"tunein","icon":"tunein.png"},"fyyd_de":{"key":"fyyd_de","url":"https:\/\/fyyd.de\/podcast\/losungsandachten-2022\/0","label":"fyyd.de","class":"fyyd_de","icon":"fyyd-de.png"}},"rssFeedUrl":"https:\/\/evk-hornbach.de\/?feed=podcast&podcast_series=losungsandachten","embedCode":"<blockquote class=\"wp-embedded-content\" data-secret=\"Wqyke4GwjN\"><a href=\"https:\/\/evk-hornbach.de\/?p=38691\">Passion und Ostern erz\u00e4hlt. Teil 6: Der auferstandene Jesus begegnet den J\u00fcngern<\/a><\/blockquote><iframe sandbox=\"allow-scripts\" security=\"restricted\" src=\"https:\/\/evk-hornbach.de\/?p=38691&#038;embed=true#?secret=Wqyke4GwjN\" width=\"500\" height=\"350\" title=\"&#8222;Passion und Ostern erz\u00e4hlt. Teil 6: Der auferstandene Jesus begegnet den J\u00fcngern&#8220; &#8211; Prot. Kirchengemeinde Hornbachtal mit der prot. Kirchengemeinde Rimschweiler\" data-secret=\"Wqyke4GwjN\" frameborder=\"0\" marginwidth=\"0\" marginheight=\"0\" scrolling=\"no\" class=\"wp-embedded-content\"><\/iframe><script>\n\/*! This file is auto-generated *\/\n!function(d,l){\"use strict\";l.querySelector&&d.addEventListener&&\"undefined\"!=typeof URL&&(d.wp=d.wp||{},d.wp.receiveEmbedMessage||(d.wp.receiveEmbedMessage=function(e){var t=e.data;if((t||t.secret||t.message||t.value)&&!\/[^a-zA-Z0-9]\/.test(t.secret)){for(var s,r,n,a=l.querySelectorAll('iframe[data-secret=\"'+t.secret+'\"]'),o=l.querySelectorAll('blockquote[data-secret=\"'+t.secret+'\"]'),c=new RegExp(\"^https?:$\",\"i\"),i=0;i<o.length;i++)o[i].style.display=\"none\";for(i=0;i<a.length;i++)s=a[i],e.source===s.contentWindow&&(s.removeAttribute(\"style\"),\"height\"===t.message?(1e3<(r=parseInt(t.value,10))?r=1e3:~~r<200&&(r=200),s.height=r):\"link\"===t.message&&(r=new URL(s.getAttribute(\"src\")),n=new URL(t.value),c.test(n.protocol))&&n.host===r.host&&l.activeElement===s&&(d.top.location.href=t.value))}},d.addEventListener(\"message\",d.wp.receiveEmbedMessage,!1),l.addEventListener(\"DOMContentLoaded\",function(){for(var e,t,s=l.querySelectorAll(\"iframe.wp-embedded-content\"),r=0;r<s.length;r++)(t=(e=s[r]).getAttribute(\"data-secret\"))||(t=Math.random().toString(36).substring(2,12),e.src+=\"#?secret=\"+t,e.setAttribute(\"data-secret\",t)),e.contentWindow.postMessage({message:\"ready\",secret:t},\"*\")},!1)))}(window,document);\n\/\/# sourceURL=https:\/\/evk-hornbach.de\/wp-includes\/js\/wp-embed.min.js\n<\/script>\n"},"author_meta":{"display_name":"Christian G\u00fcnther","author_link":"https:\/\/evk-hornbach.de\/?author=2"},"featured_img":null,"jetpack_featured_media_url":"","uagb_featured_image_src":{"full":false,"thumbnail":false,"medium":false,"medium_large":false,"large":false,"ug_big":false,"1536x1536":false,"2048x2048":false,"post-thumbnail":false},"uagb_author_info":{"display_name":"Christian G\u00fcnther","author_link":"https:\/\/evk-hornbach.de\/?author=2"},"uagb_comment_info":0,"uagb_excerpt":"Der letzte Teil der erz\u00e4hlten Passions- und Ostergeschichte.","coauthors":[],"tax_additional":{"categories":{"linked":["<a href=\"https:\/\/evk-hornbach.de\/?cat=116\" class=\"advgb-post-tax-term\">Bibelarbeit<\/a>","<a href=\"https:\/\/evk-hornbach.de\/?cat=269\" class=\"advgb-post-tax-term\">Online<\/a>","<a href=\"https:\/\/evk-hornbach.de\/?cat=86\" class=\"advgb-post-tax-term\">Traktat<\/a>"],"unlinked":["<span class=\"advgb-post-tax-term\">Bibelarbeit<\/span>","<span class=\"advgb-post-tax-term\">Online<\/span>","<span class=\"advgb-post-tax-term\">Traktat<\/span>"]}},"comment_count":"0","relative_dates":{"created":"Ver\u00f6ffentlicht 6\u00a0Jahren vor","modified":"Aktualisiert 6\u00a0Jahren vor"},"absolute_dates":{"created":"Ver\u00f6ffentlicht am 13. April 2020","modified":"Aktualisiert am 9. April 2020"},"absolute_dates_time":{"created":"Ver\u00f6ffentlicht am 13. April 2020 11:27","modified":"Aktualisiert am 9. April 2020 11:30"},"featured_img_caption":"","series_order":"","jetpack-related-posts":[{"id":38037,"url":"https:\/\/evk-hornbach.de\/?p=38037","url_meta":{"origin":38691,"position":0},"title":"6. Benefizkonzert","author":"Christian G\u00fcnther","date":"12. September 2019","format":false,"excerpt":"in der Klosterkirche Hornbach am Freitag, 20. September 2019, 18 Uhr mit Thomas Layes (Klavier) Pr\u00e4ludien und Fugen aus dem Wohltemperierten Klavier Teil 2 von Johann Sebastian Bach Weitere Veranstaltungen: Freitagsandachten in der Klosterkirche: Wort und Klang \u2013 Mensch und Gott Eine halbe Stunde Musik und Gebet ab 18.30 Uhr\u2026","rel":"","context":"In &quot;Event&quot;","block_context":{"text":"Event","link":"https:\/\/evk-hornbach.de\/?cat=59"},"img":{"alt_text":"","src":"https:\/\/i0.wp.com\/evk-hornbach.de\/wp-content\/uploads\/2019\/09\/foto-layes-fl%C3%BCgel-sw700.jpg?resize=350%2C200&ssl=1","width":350,"height":200,"srcset":"https:\/\/i0.wp.com\/evk-hornbach.de\/wp-content\/uploads\/2019\/09\/foto-layes-fl%C3%BCgel-sw700.jpg?resize=350%2C200&ssl=1 1x, https:\/\/i0.wp.com\/evk-hornbach.de\/wp-content\/uploads\/2019\/09\/foto-layes-fl%C3%BCgel-sw700.jpg?resize=525%2C300&ssl=1 1.5x, https:\/\/i0.wp.com\/evk-hornbach.de\/wp-content\/uploads\/2019\/09\/foto-layes-fl%C3%BCgel-sw700.jpg?resize=700%2C400&ssl=1 2x"},"classes":[]},{"id":1432,"url":"https:\/\/evk-hornbach.de\/?p=1432","url_meta":{"origin":38691,"position":1},"title":"Vorank\u00fcndigung: Benefizkonzert des Kammerchores Opus 9","author":"Christian G\u00fcnther","date":"27. Juni 2017","format":"aside","excerpt":"... am Sonntag, dem 16. Juli um 17 Uhr in der Klosterkirche Hornbach In der Klosterkirche Hornbach findet am Sonntag, dem 16. Juli, 17 Uhr, ein Benefizkonzert zugunsten der Orgel statt. Das Programm bietet Chor- und Orgelmusik des 19. und 20. Jahrhunderts, u.a. von Felix Mendelssohn Bartholdy, Antonin Dvor\u00e1k und\u2026","rel":"","context":"In &quot;Event&quot;","block_context":{"text":"Event","link":"https:\/\/evk-hornbach.de\/?cat=59"},"img":{"alt_text":"","src":"https:\/\/i0.wp.com\/evk-hornbach.de\/wp-content\/uploads\/2017\/06\/opus9-1024x451.jpg?resize=350%2C200&ssl=1","width":350,"height":200,"srcset":"https:\/\/i0.wp.com\/evk-hornbach.de\/wp-content\/uploads\/2017\/06\/opus9-1024x451.jpg?resize=350%2C200&ssl=1 1x, https:\/\/i0.wp.com\/evk-hornbach.de\/wp-content\/uploads\/2017\/06\/opus9-1024x451.jpg?resize=525%2C300&ssl=1 1.5x, https:\/\/i0.wp.com\/evk-hornbach.de\/wp-content\/uploads\/2017\/06\/opus9-1024x451.jpg?resize=700%2C400&ssl=1 2x"},"classes":[]},{"id":42731,"url":"https:\/\/evk-hornbach.de\/?p=42731","url_meta":{"origin":38691,"position":2},"title":"Der Schlechteste wird K\u00f6nig &#8230;","author":"Christian G\u00fcnther","date":"8. Oktober 2021","format":false,"excerpt":"... ist ein kurzweiliger und spannender Podcast der \"Pfarrerst\u00f6chter\" zur Bibel, genauer: Zum mittleren Teil des Buches der Richter, das vor allem den ersten K\u00f6nig der Israeliten, Abimelech beleuchtet. Wer gut unterhalten, dabei biblisch gebildet werden m\u00f6chte, dem sei dieses einst\u00fcndige H\u00f6rvergn\u00fcgen mit zahlreichen Aha-Momenten w\u00e4rmstens empfohlen: Die beiden Pfarrerst\u00f6chter\u2026","rel":"","context":"In &quot;Event&quot;","block_context":{"text":"Event","link":"https:\/\/evk-hornbach.de\/?cat=59"},"img":{"alt_text":"","src":"https:\/\/i0.wp.com\/evk-hornbach.de\/wp-content\/uploads\/2021\/10\/Dore_Abimelech_2.jpg?resize=350%2C200&ssl=1","width":350,"height":200,"srcset":"https:\/\/i0.wp.com\/evk-hornbach.de\/wp-content\/uploads\/2021\/10\/Dore_Abimelech_2.jpg?resize=350%2C200&ssl=1 1x, https:\/\/i0.wp.com\/evk-hornbach.de\/wp-content\/uploads\/2021\/10\/Dore_Abimelech_2.jpg?resize=525%2C300&ssl=1 1.5x"},"classes":[]},{"id":51361,"url":"https:\/\/evk-hornbach.de\/?p=51361","url_meta":{"origin":38691,"position":3},"title":"O Heiland, rei\u00df die Himmel auf, Teil IV","author":"Christian G\u00fcnther","date":"22. Dezember 2024","format":false,"excerpt":"https:\/\/youtu.be\/EV7UBCPkz0I?si=1vB7rrEB6gzVaZvf O Heiland rei\u00df die Himmel auf jazzig: Das Saxophonquartett Blattwerk Willkommen in der Moderne! Oder schon der Postmoderne? Denn der Advent ist ja nicht nur die Zeit des Weihnachtsgeschenkebestellens, der Weihnachtsm\u00e4rkte und der grippalen Infekte, und auch nicht nur die der Ankunft des Jesuskindes. Advent ist auch die Zeit\u2026","rel":"","context":"In &quot;Traktat&quot;","block_context":{"text":"Traktat","link":"https:\/\/evk-hornbach.de\/?cat=86"},"img":{"alt_text":"","src":"https:\/\/i0.wp.com\/evk-hornbach.de\/wp-content\/uploads\/2024\/11\/2024-11-23-12.30.03-pixabay.com-fe5e448741fa.png?resize=350%2C200&ssl=1","width":350,"height":200,"srcset":"https:\/\/i0.wp.com\/evk-hornbach.de\/wp-content\/uploads\/2024\/11\/2024-11-23-12.30.03-pixabay.com-fe5e448741fa.png?resize=350%2C200&ssl=1 1x, https:\/\/i0.wp.com\/evk-hornbach.de\/wp-content\/uploads\/2024\/11\/2024-11-23-12.30.03-pixabay.com-fe5e448741fa.png?resize=525%2C300&ssl=1 1.5x, https:\/\/i0.wp.com\/evk-hornbach.de\/wp-content\/uploads\/2024\/11\/2024-11-23-12.30.03-pixabay.com-fe5e448741fa.png?resize=700%2C400&ssl=1 2x"},"classes":[]},{"id":1075,"url":"https:\/\/evk-hornbach.de\/?p=1075","url_meta":{"origin":38691,"position":4},"title":"Preise f\u00fcr gute Betreuungsqualit\u00e4t an unseren Kindertagesst\u00e4tten","author":"Christian G\u00fcnther","date":"24. M\u00e4rz 2017","format":false,"excerpt":"In den vergangenen Jahren\u00a0nahmen 223 protestantische Kindertagesst\u00e4tten an dem\u00a0Qualit\u00e4tsmanagement-Projekt der Ev. Kirche der Pfalz teil. Das sind 93% aller landeskirchlichen Kitas. Von diesen erwarben 52 das Evangelische G\u00fctesiegel f\u00fcr eine gute Betreuungsqualit\u00e4t und ein permanent fortgesetztes Qualt\u00e4tsmanagement. Zu diesen Preistr\u00e4gern geh\u00f6ren sowohl der Prot. Kindergarten Althornbach als auch die\u00a0Prot. Kindertagesst\u00e4tte\u2026","rel":"","context":"In &quot;Neuigkeiten&quot;","block_context":{"text":"Neuigkeiten","link":"https:\/\/evk-hornbach.de\/?cat=34"},"img":{"alt_text":"","src":"https:\/\/i0.wp.com\/evk-hornbach.de\/wp-content\/uploads\/2017\/03\/Foto-Berichtsvorlage-KitaQM.jpg?resize=350%2C200&ssl=1","width":350,"height":200,"srcset":"https:\/\/i0.wp.com\/evk-hornbach.de\/wp-content\/uploads\/2017\/03\/Foto-Berichtsvorlage-KitaQM.jpg?resize=350%2C200&ssl=1 1x, https:\/\/i0.wp.com\/evk-hornbach.de\/wp-content\/uploads\/2017\/03\/Foto-Berichtsvorlage-KitaQM.jpg?resize=525%2C300&ssl=1 1.5x, https:\/\/i0.wp.com\/evk-hornbach.de\/wp-content\/uploads\/2017\/03\/Foto-Berichtsvorlage-KitaQM.jpg?resize=700%2C400&ssl=1 2x"},"classes":[]},{"id":40143,"url":"https:\/\/evk-hornbach.de\/?p=40143","url_meta":{"origin":38691,"position":5},"title":"Losungsandacht f\u00fcr Mittwoch, 04.11.2020","author":"Christian G\u00fcnther","date":"4. November 2020","format":false,"excerpt":"F\u00fcr die Zeit, in der wir alle wegen der Epidemie in Isolation festsitzen, stellen wir t\u00e4glich eine 5-Minuten-Losungs-Andacht ins Netz. Text und Sprecher:\u00a0 Pfarrer Christian G\u00fcnther, Mauschbach Die Ansprache zum Nachlesen kann man hier herunterladen. Paul Gerhardts Liedverse gesungen finden sich hier in einer vollst\u00e4ndigen Weise, und hier in einer\u2026","rel":"","context":"In &quot;Losungsandacht&quot;","block_context":{"text":"Losungsandacht","link":"https:\/\/evk-hornbach.de\/?cat=294"},"img":{"alt_text":"","src":"https:\/\/i0.wp.com\/evk-hornbach.de\/wp-content\/uploads\/2016\/07\/divider-weiss-300x1.png?resize=350%2C200&ssl=1","width":350,"height":200},"classes":[]}],"jetpack_sharing_enabled":true,"publishpress_future_action":{"enabled":false,"date":"2026-05-08 03:31:10","action":"change-status","newStatus":"draft","terms":[],"taxonomy":"category","extraData":[]},"publishpress_future_workflow_manual_trigger":{"enabledWorkflows":[]},"_links":{"self":[{"href":"https:\/\/evk-hornbach.de\/index.php?rest_route=\/wp\/v2\/posts\/38691","targetHints":{"allow":["GET"]}}],"collection":[{"href":"https:\/\/evk-hornbach.de\/index.php?rest_route=\/wp\/v2\/posts"}],"about":[{"href":"https:\/\/evk-hornbach.de\/index.php?rest_route=\/wp\/v2\/types\/post"}],"author":[{"embeddable":true,"href":"https:\/\/evk-hornbach.de\/index.php?rest_route=\/wp\/v2\/users\/2"}],"replies":[{"embeddable":true,"href":"https:\/\/evk-hornbach.de\/index.php?rest_route=%2Fwp%2Fv2%2Fcomments&post=38691"}],"version-history":[{"count":1,"href":"https:\/\/evk-hornbach.de\/index.php?rest_route=\/wp\/v2\/posts\/38691\/revisions"}],"predecessor-version":[{"id":38692,"href":"https:\/\/evk-hornbach.de\/index.php?rest_route=\/wp\/v2\/posts\/38691\/revisions\/38692"}],"wp:attachment":[{"href":"https:\/\/evk-hornbach.de\/index.php?rest_route=%2Fwp%2Fv2%2Fmedia&parent=38691"}],"wp:term":[{"taxonomy":"category","embeddable":true,"href":"https:\/\/evk-hornbach.de\/index.php?rest_route=%2Fwp%2Fv2%2Fcategories&post=38691"},{"taxonomy":"post_tag","embeddable":true,"href":"https:\/\/evk-hornbach.de\/index.php?rest_route=%2Fwp%2Fv2%2Ftags&post=38691"},{"taxonomy":"series","embeddable":true,"href":"https:\/\/evk-hornbach.de\/index.php?rest_route=%2Fwp%2Fv2%2Fseries&post=38691"}],"curies":[{"name":"wp","href":"https:\/\/api.w.org\/{rel}","templated":true}]}}