{"id":38577,"date":"2020-03-30T10:22:18","date_gmt":"2020-03-30T08:22:18","guid":{"rendered":"https:\/\/evk-hornbach.de\/?p=38577"},"modified":"2020-03-30T19:25:26","modified_gmt":"2020-03-30T17:25:26","slug":"kunst-im-zeichen-von-corona","status":"publish","type":"post","link":"https:\/\/evk-hornbach.de\/?p=38577","title":{"rendered":"Kunst im Zeichen von Corona"},"content":{"rendered":"<p>Die Bedrohung durch die Epidemie und die dadurch bewirkten, ungew\u00f6hnlichen und be\u00e4ngstigenden Lebensumst\u00e4nde von uns allen f\u00fchrten auch dazu, dass Menschen versuchen, die Bedrohung k\u00fcnstlerisch zu verarbeiten.<br \/>\nIch m\u00f6chte sechs charakteristische Beispiele vorstellen, die zT auch in sozialen Netzwerken viral gehen:<\/p>\n<h2>K\u00f6ln: Die #veedelband<\/h2>\n<p>K\u00f6ln ist recht stark betroffen durch Corona-Infektionen. Was dazu f\u00fchrt, dass sich viele K\u00f6lner (die #veedelband umfasst 40 Personen) auf das besinnen, was ihnen Halt gibt: Der funktionierende, soziale Halt in der eigenen Stra\u00dfe, im eigenen Stadtviertel (&#8222;veedel&#8220;). Mit einem alten Bl\u00e4ck F\u00f6ss-Lied trafen sie genau die Stimmung, die die Leute lieben.<\/p>\n<p><iframe loading=\"lazy\" title=\"#veedelband\" width=\"750\" height=\"422\" src=\"https:\/\/www.youtube.com\/embed\/UYfPdMTekjk?feature=oembed\" frameborder=\"0\" allow=\"accelerometer; autoplay; clipboard-write; encrypted-media; gyroscope; picture-in-picture; web-share\" referrerpolicy=\"strict-origin-when-cross-origin\" allowfullscreen><\/iframe><\/p>\n<p>Den Liedtext und eine &#8222;\u00dcbersetzung&#8220; findet man <a href=\"https:\/\/genius.com\/Black-fooss-en-unserem-veedel-lyrics\" target=\"_blank\" rel=\"noopener noreferrer\"><strong>hier<\/strong><\/a>.<\/p>\n<h2>Italien: Wiedergeburt<\/h2>\n<p>Der in Italien ber\u00fchmte S\u00e4nger Roby Facchinetti schrieb ein Lied mit dem Titel Rinascer\u00f2, rinascerai (Ich werde wiedergeboren, du wirst wiedergeboren), nahm es auf &#8211; und \u00fcbertrug alle Vermarktungsrechte auf das in jeder Hinsicht gebeutelte Klinikum der Stadt Bergamo, welche von der Corona-Epidemie am schwersten von allen italienischen Orten getroffen wurde. Auch das Youtube-Video kommt dem Klinikum zugute, weil jeder Klick dem Klinikum (ich glaube: etwa 0,5 Cent) Google-Pr\u00e4mien bringt.<br \/>\nDie gezeigten Bilder sind Perspektiven der Stadt Bergamo am Alpenrand.<\/p>\n<p>Das Video verbreitet sich rasch &#8211; Facchinettis Schlager klingt ganz anders als der Song aus K\u00f6ln, aber in meinen Ohren typisch italienisch.<\/p>\n<p><iframe loading=\"lazy\" title=\"Roby Facchinetti - Rinascer\u00f2, Rinascerai [Official video]\" width=\"750\" height=\"422\" src=\"https:\/\/www.youtube.com\/embed\/D5DhJS5hGWc?feature=oembed\" frameborder=\"0\" allow=\"accelerometer; autoplay; clipboard-write; encrypted-media; gyroscope; picture-in-picture; web-share\" referrerpolicy=\"strict-origin-when-cross-origin\" allowfullscreen><\/iframe><\/p>\n<div class=\"postbox h5p-sidebar\">\n<div class=\"h5p-action-bar-settings h5p-panel\"><code><div class=\"h5p-iframe-wrapper\"><iframe id=\"h5p-iframe-29\" class=\"h5p-iframe\" data-content-id=\"29\" style=\"height:1px\" src=\"about:blank\" frameBorder=\"0\" scrolling=\"no\" title=\"rinascero, rinascerai\"><\/iframe><\/div><\/code><\/div>\n<\/div>\n<h2 class=\"postbox h5p-sidebar\">Brenschelbach: Saarl\u00e4nner Mundart<\/h2>\n<div>J\u00fcrgen Beuster verarbeitete die Epidemie und ihre Folgen in einem Gedicht, das ziemlich hohe Anspr\u00fcche an den Leser stellt:<\/div>\n<div><div class=\"h5p-iframe-wrapper\"><iframe id=\"h5p-iframe-30\" class=\"h5p-iframe\" data-content-id=\"30\" style=\"height:1px\" src=\"about:blank\" frameBorder=\"0\" scrolling=\"no\" title=\"Corona und Kunst\"><\/iframe><\/div><\/div>\n<h2>Voll nerdig: Das puschelige Einhorn unterwegs &#8230;<\/h2>\n<p>Das schon etwas \u00e4ltere, 24 Stunden lange Video bringt einige typische Merkmale der Corona-Isolationszeit auf den Punkt und gelangte so in den letzten Tagen zu neuer Popularit\u00e4t:<\/p>\n<p><iframe loading=\"lazy\" title=\"Pink Fluffy Unicorns Dancing on Rainbows (24 Hour Insanity Version!)\" width=\"750\" height=\"422\" src=\"https:\/\/www.youtube.com\/embed\/5wb5HWVh6Fs?feature=oembed\" frameborder=\"0\" allow=\"accelerometer; autoplay; clipboard-write; encrypted-media; gyroscope; picture-in-picture; web-share\" referrerpolicy=\"strict-origin-when-cross-origin\" allowfullscreen><\/iframe><\/p>\n<h2>Ernst, dankbar: Was Die Welt Zusammenh\u00e4lt<\/h2>\n<div>\n<p>Im Rahmen einer Songmanufaktur entstand dieses Lied von Edda Minor, das sich an diejenigen richtet, die in diesen Coronazeiten die Welt zusammenhalten:<\/p>\n<\/div>\n<div><\/div>\n<p><iframe loading=\"lazy\" title=\"EDDA MINOR - Danke an alle Helfer: Was Die Welt Zusammenh\u00e4lt\" width=\"750\" height=\"422\" src=\"https:\/\/www.youtube.com\/embed\/LOs5Qf3o2Ws?feature=oembed\" frameborder=\"0\" allow=\"accelerometer; autoplay; clipboard-write; encrypted-media; gyroscope; picture-in-picture; web-share\" referrerpolicy=\"strict-origin-when-cross-origin\" allowfullscreen><\/iframe><\/p>\n<h2>Und schlie\u00dflich: Hilfe von den \u00c4rzten<\/h2>\n<div>\n<p>&#8230; darf an dieser Stelle nat\u00fcrlich auch nicht fehlen.<\/p>\n<\/div>\n<div><\/div>\n<p><iframe loading=\"lazy\" title=\"die \u00e4rzte \u2013 Ein Lied f\u00fcr Jetzt (Offizielles Video)\" width=\"750\" height=\"422\" src=\"https:\/\/www.youtube.com\/embed\/t_s6waEUTbI?feature=oembed\" frameborder=\"0\" allow=\"accelerometer; autoplay; clipboard-write; encrypted-media; gyroscope; picture-in-picture; web-share\" referrerpolicy=\"strict-origin-when-cross-origin\" allowfullscreen><\/iframe><\/p>\n<div><\/div>\n<div><\/div>\n<div><\/div>\n<div><img loading=\"lazy\" decoding=\"async\" class=\"alignnone size-medium wp-image-1268\" src=\"https:\/\/evk-hornbach.de\/wp-content\/uploads\/2016\/07\/divider-weiss-300x1.png\" alt=\"\" width=\"300\" height=\"1\" srcset=\"https:\/\/evk-hornbach.de\/wp-content\/uploads\/2016\/07\/divider-weiss-300x1.png 300w, https:\/\/evk-hornbach.de\/wp-content\/uploads\/2016\/07\/divider-weiss-150x2.png 150w, https:\/\/evk-hornbach.de\/wp-content\/uploads\/2016\/07\/divider-weiss-768x2.png 768w, https:\/\/evk-hornbach.de\/wp-content\/uploads\/2016\/07\/divider-weiss.png 800w\" sizes=\"auto, (max-width: 300px) 100vw, 300px\" \/><\/div>\n","protected":false},"excerpt":{"rendered":"<p>Die Bedrohung durch die Epidemie und die dadurch bewirkten, ungew\u00f6hnlichen und be\u00e4ngstigenden Lebensumst\u00e4nde von uns allen f\u00fchrten auch dazu, dass Menschen versuchen, die Bedrohung k\u00fcnstlerisch zu verarbeiten. Ich m\u00f6chte sechs charakteristische Beispiele vorstellen, die zT auch in sozialen Netzwerken viral gehen: K\u00f6ln: Die #veedelband K\u00f6ln ist recht stark betroffen durch Corona-Infektionen. Was dazu f\u00fchrt, dass&hellip; <a class=\"more-link\" href=\"https:\/\/evk-hornbach.de\/?p=38577\"><span class=\"screen-reader-text\">Kunst im Zeichen von Corona<\/span> weiterlesen<\/a><\/p>\n","protected":false},"author":2,"featured_media":0,"comment_status":"open","ping_status":"open","sticky":false,"template":"","format":"standard","meta":{"_uag_custom_page_level_css":"","advgb_blocks_editor_width":"","advgb_blocks_columns_visual_guide":"","episode_type":"","audio_file":"","podmotor_file_id":"","podmotor_episode_id":"","cover_image":"","cover_image_id":"","duration":"","filesize":"","filesize_raw":"","date_recorded":"","explicit":"","block":"","cybocfi_hide_featured_image":"","_jetpack_memberships_contains_paid_content":false,"footnotes":""},"categories":[252,269,86],"tags":[],"series":[],"class_list":["post-38577","post","type-post","status-publish","format-standard","hentry","category-konzert","category-online","category-traktat","entry"],"episode_featured_image":false,"episode_player_image":"https:\/\/evk-hornbach.de\/wp-content\/uploads\/2017\/12\/losungandacht2026logov3.png","download_link":"","player_link":"","audio_player":false,"episode_data":{"playerMode":"dark","subscribeUrls":{"amazon":{"key":"amazon","url":"https:\/\/music.amazon.com\/podcasts\/46f9b0a9-b2db-4d5c-b947-5f5e4228a8e4\/losungsandachten-2022","label":"Amazon","class":"amazon","icon":"amazon.png"},"apple_podcasts":{"key":"apple_podcasts","url":"https:\/\/podcasts.apple.com\/de\/podcast\/losungsandachten-2022\/id1629150905","label":"Apple Podcasts","class":"apple_podcasts","icon":"apple-podcasts.png"},"deezer":{"key":"deezer","url":"","label":"Deezer","class":"deezer","icon":"deezer.png"},"podcast_de":{"key":"podcast_de","url":"","label":"Podcast.de","class":"podcast_de","icon":"podcast-de.png"},"rss":{"key":"rss","url":"https:\/\/evk-hornbach.de\/?cat=294&feed=rss2","label":"RSS","class":"rss","icon":"rss.png"},"rssradio":{"key":"rssradio","url":"","label":"RSSRadio","class":"rssradio","icon":"rssradio.png"},"spotify":{"key":"spotify","url":"https:\/\/open.spotify.com\/show\/5kJEFM4ESjFH2n1nivrIfi","label":"Spotify","class":"spotify","icon":"spotify.png"},"tunein":{"key":"tunein","url":"","label":"TuneIn","class":"tunein","icon":"tunein.png"},"fyyd_de":{"key":"fyyd_de","url":"https:\/\/fyyd.de\/podcast\/losungsandachten-2022\/0","label":"fyyd.de","class":"fyyd_de","icon":"fyyd-de.png"}},"rssFeedUrl":"https:\/\/evk-hornbach.de\/?feed=podcast&podcast_series=losungsandachten","embedCode":"<blockquote class=\"wp-embedded-content\" data-secret=\"gK0CXNRdvI\"><a href=\"https:\/\/evk-hornbach.de\/?p=38577\">Kunst im Zeichen von Corona<\/a><\/blockquote><iframe sandbox=\"allow-scripts\" security=\"restricted\" src=\"https:\/\/evk-hornbach.de\/?p=38577&#038;embed=true#?secret=gK0CXNRdvI\" width=\"500\" height=\"350\" title=\"&#8222;Kunst im Zeichen von Corona&#8220; &#8211; Prot. Kirchengemeinde Hornbachtal mit der prot. Kirchengemeinde Rimschweiler\" data-secret=\"gK0CXNRdvI\" frameborder=\"0\" marginwidth=\"0\" marginheight=\"0\" scrolling=\"no\" class=\"wp-embedded-content\"><\/iframe><script>\n\/*! This file is auto-generated *\/\n!function(d,l){\"use strict\";l.querySelector&&d.addEventListener&&\"undefined\"!=typeof URL&&(d.wp=d.wp||{},d.wp.receiveEmbedMessage||(d.wp.receiveEmbedMessage=function(e){var t=e.data;if((t||t.secret||t.message||t.value)&&!\/[^a-zA-Z0-9]\/.test(t.secret)){for(var s,r,n,a=l.querySelectorAll('iframe[data-secret=\"'+t.secret+'\"]'),o=l.querySelectorAll('blockquote[data-secret=\"'+t.secret+'\"]'),c=new RegExp(\"^https?:$\",\"i\"),i=0;i<o.length;i++)o[i].style.display=\"none\";for(i=0;i<a.length;i++)s=a[i],e.source===s.contentWindow&&(s.removeAttribute(\"style\"),\"height\"===t.message?(1e3<(r=parseInt(t.value,10))?r=1e3:~~r<200&&(r=200),s.height=r):\"link\"===t.message&&(r=new URL(s.getAttribute(\"src\")),n=new URL(t.value),c.test(n.protocol))&&n.host===r.host&&l.activeElement===s&&(d.top.location.href=t.value))}},d.addEventListener(\"message\",d.wp.receiveEmbedMessage,!1),l.addEventListener(\"DOMContentLoaded\",function(){for(var e,t,s=l.querySelectorAll(\"iframe.wp-embedded-content\"),r=0;r<s.length;r++)(t=(e=s[r]).getAttribute(\"data-secret\"))||(t=Math.random().toString(36).substring(2,12),e.src+=\"#?secret=\"+t,e.setAttribute(\"data-secret\",t)),e.contentWindow.postMessage({message:\"ready\",secret:t},\"*\")},!1)))}(window,document);\n\/\/# sourceURL=https:\/\/evk-hornbach.de\/wp-includes\/js\/wp-embed.min.js\n<\/script>\n"},"author_meta":{"display_name":"Christian G\u00fcnther","author_link":"https:\/\/evk-hornbach.de\/?author=2"},"featured_img":null,"jetpack_featured_media_url":"","uagb_featured_image_src":{"full":false,"thumbnail":false,"medium":false,"medium_large":false,"large":false,"ug_big":false,"1536x1536":false,"2048x2048":false,"post-thumbnail":false},"uagb_author_info":{"display_name":"Christian G\u00fcnther","author_link":"https:\/\/evk-hornbach.de\/?author=2"},"uagb_comment_info":0,"uagb_excerpt":"Die Bedrohung durch die Epidemie und die dadurch bewirkten, ungew\u00f6hnlichen und be\u00e4ngstigenden Lebensumst\u00e4nde von uns allen f\u00fchrten auch dazu, dass Menschen versuchen, die Bedrohung k\u00fcnstlerisch zu verarbeiten. Ich m\u00f6chte sechs charakteristische Beispiele vorstellen, die zT auch in sozialen Netzwerken viral gehen: K\u00f6ln: Die #veedelband K\u00f6ln ist recht stark betroffen durch Corona-Infektionen. Was dazu f\u00fchrt, dass&hellip;&hellip;","coauthors":[],"tax_additional":{"categories":{"linked":["<a href=\"https:\/\/evk-hornbach.de\/?cat=252\" class=\"advgb-post-tax-term\">Konzert<\/a>","<a href=\"https:\/\/evk-hornbach.de\/?cat=269\" class=\"advgb-post-tax-term\">Online<\/a>","<a href=\"https:\/\/evk-hornbach.de\/?cat=86\" class=\"advgb-post-tax-term\">Traktat<\/a>"],"unlinked":["<span class=\"advgb-post-tax-term\">Konzert<\/span>","<span class=\"advgb-post-tax-term\">Online<\/span>","<span class=\"advgb-post-tax-term\">Traktat<\/span>"]}},"comment_count":"0","relative_dates":{"created":"Ver\u00f6ffentlicht 6\u00a0Jahren vor","modified":"Aktualisiert 6\u00a0Jahren vor"},"absolute_dates":{"created":"Ver\u00f6ffentlicht am 30. M\u00e4rz 2020","modified":"Aktualisiert am 30. M\u00e4rz 2020"},"absolute_dates_time":{"created":"Ver\u00f6ffentlicht am 30. M\u00e4rz 2020 10:22","modified":"Aktualisiert am 30. M\u00e4rz 2020 19:25"},"featured_img_caption":"","series_order":"","jetpack-related-posts":[{"id":38945,"url":"https:\/\/evk-hornbach.de\/?p=38945","url_meta":{"origin":38577,"position":0},"title":"Papst steht vor der gleichen Entscheidung wie wir","author":"Christian G\u00fcnther","date":"9. Mai 2020","format":false,"excerpt":"Diese fast schon lustige Entdeckung machte ich gerade, als ich eine Meldung des K\u00f6lner Domradios las: Papst-Fr\u00fchmesse erweist sich als Quotenrenner - Franziskus beschert TV-Sendern Rekord-Marktanteile Wegen des Gottesdienstverbotes aufgrund der Covid-19-Pandemie entschloss man sich im Vatikan, die 7-Uhr-Fr\u00fchmessen, die der Papst in der Kapelle des Tagungshauses Santa Marta t\u00e4glich\u2026","rel":"","context":"\u00c4hnlicher Beitrag","block_context":{"text":"\u00c4hnlicher Beitrag","link":""},"img":{"alt_text":"","src":"https:\/\/i0.wp.com\/img.youtube.com\/vi\/N3vQLR9fn0Q\/0.jpg?resize=350%2C200","width":350,"height":200},"classes":[]},{"id":38514,"url":"https:\/\/evk-hornbach.de\/?p=38514","url_meta":{"origin":38577,"position":1},"title":"\u00d6kumenisches Gebet in Zeiten der Corona-Krise","author":"Daniel Seel","date":"26. M\u00e4rz 2020","format":false,"excerpt":"\u00d6kumenisches Gebet in Zeiten der Corona-Krise Bischof Dr. Karl-Heinz Wiesemann und Kirchenpr\u00e4sident Dr. h. c. Christian Schad Treuer und barmherziger Gott! Du gibst Zuversicht, wenn sich in uns Unsicherheit breitmacht. Du bist uns nahe, wenn wir auf Distanz zueinander gehen m\u00fcssen. Du h\u00e4ltst uns in deiner Hand, wenn wir den\u2026","rel":"","context":"\u00c4hnlicher Beitrag","block_context":{"text":"\u00c4hnlicher Beitrag","link":""},"img":{"alt_text":"","src":"","width":0,"height":0},"classes":[]},{"id":38605,"url":"https:\/\/evk-hornbach.de\/?p=38605","url_meta":{"origin":38577,"position":2},"title":"Warum wir noch l\u00e4nger zuhause bleiben sollten","author":"Christian G\u00fcnther","date":"2. April 2020","format":false,"excerpt":"Heute gibt es noch einige aktuelle Informantionen und Links zu - na, Sie wissen schon. Und diese Infos sind nicht lustig. Wer wissen m\u00f6chten, wie sich die bedrohte Natur wom\u00f6glich an der sie sch\u00e4digenden Menschheit ger\u00e4cht hat, findet in diesem Artikel der S\u00fcddeutschen Zeitung einige Informationen \u00fcber die Wurzeln der\u2026","rel":"","context":"In &quot;Neuigkeiten&quot;","block_context":{"text":"Neuigkeiten","link":"https:\/\/evk-hornbach.de\/?cat=34"},"img":{"alt_text":"","src":"https:\/\/i0.wp.com\/evk-hornbach.de\/wp-content\/uploads\/2020\/04\/ostern2020.jpg?resize=350%2C200&ssl=1","width":350,"height":200,"srcset":"https:\/\/i0.wp.com\/evk-hornbach.de\/wp-content\/uploads\/2020\/04\/ostern2020.jpg?resize=350%2C200&ssl=1 1x, https:\/\/i0.wp.com\/evk-hornbach.de\/wp-content\/uploads\/2020\/04\/ostern2020.jpg?resize=525%2C300&ssl=1 1.5x, https:\/\/i0.wp.com\/evk-hornbach.de\/wp-content\/uploads\/2020\/04\/ostern2020.jpg?resize=700%2C400&ssl=1 2x, https:\/\/i0.wp.com\/evk-hornbach.de\/wp-content\/uploads\/2020\/04\/ostern2020.jpg?resize=1050%2C600&ssl=1 3x"},"classes":[]},{"id":40834,"url":"https:\/\/evk-hornbach.de\/?p=40834","url_meta":{"origin":38577,"position":3},"title":"Am Freitag, dem 5. M\u00e4rz 2021 ist Weltgebetstag!","author":"Christian G\u00fcnther","date":"23. Februar 2021","format":false,"excerpt":"Am Freitag, dem 5. M\u00e4rz 2021 um 18 Uhr ist Weltgebetstagsgottesdienst in der Klosterkirche Hornbach. Diesmal stammt die Liturgie aus Vanuatu, einem Inselstaat im Pazifik. Der Gottesdienst wird auch online \u00fcbertragen. Klicken Sie dazu unten auf die blaue Schaltfl\u00e4che! Mehr Information ... (Bitte hier anklicken, um auszuklappen) Herzliche Einladung f\u00fcr\u2026","rel":"","context":"\u00c4hnlicher Beitrag","block_context":{"text":"\u00c4hnlicher Beitrag","link":""},"img":{"alt_text":"","src":"","width":0,"height":0},"classes":[]},{"id":39554,"url":"https:\/\/evk-hornbach.de\/?p=39554","url_meta":{"origin":38577,"position":4},"title":"Eine gef\u00e4hrliche Frau","author":"Christian G\u00fcnther","date":"15. August 2020","format":false,"excerpt":"Was kann an dieser lieben Nonne gef\u00e4hrlich sein? - Dass sie Jesus Christus nachfolgt. Sie sagt: \"Ich habe mir vorgestellt, dass Jesus das auch so gemacht h\u00e4tte, um Menschen zu helfen, die Schutz\u00a0suchen.\" Die Auswirkungen ihres Tuns sind noch gar nicht absehbar. Am 27. Juli 2020 teilte ihr das Amtsgericht\u2026","rel":"","context":"In &quot;Traktat&quot;","block_context":{"text":"Traktat","link":"https:\/\/evk-hornbach.de\/?cat=86"},"img":{"alt_text":"","src":"https:\/\/i0.wp.com\/www.jornaldamadeira.com\/wp-content\/uploads\/2020\/08\/cq5dam.thumbnail.cropped.1500.844-72.jpeg?resize=350%2C200","width":350,"height":200,"srcset":"https:\/\/i0.wp.com\/www.jornaldamadeira.com\/wp-content\/uploads\/2020\/08\/cq5dam.thumbnail.cropped.1500.844-72.jpeg?resize=350%2C200 1x, https:\/\/i0.wp.com\/www.jornaldamadeira.com\/wp-content\/uploads\/2020\/08\/cq5dam.thumbnail.cropped.1500.844-72.jpeg?resize=525%2C300 1.5x, https:\/\/i0.wp.com\/www.jornaldamadeira.com\/wp-content\/uploads\/2020\/08\/cq5dam.thumbnail.cropped.1500.844-72.jpeg?resize=700%2C400 2x, https:\/\/i0.wp.com\/www.jornaldamadeira.com\/wp-content\/uploads\/2020\/08\/cq5dam.thumbnail.cropped.1500.844-72.jpeg?resize=1050%2C600 3x"},"classes":[]},{"id":39150,"url":"https:\/\/evk-hornbach.de\/?p=39150","url_meta":{"origin":38577,"position":5},"title":"Die Corona-Warn-App kommt &#8211; und sie ist gut.","author":"Christian G\u00fcnther","date":"2. Juni 2020","format":false,"excerpt":"\u00a0 Wer die Strandszenen aus Berlin oder das Gedr\u00e4nge an der deutsch-niederl\u00e4ndischen Grenze in den Nachrichten gesehen hat, dem wird klar, dass es bei nachlassenden Kontaktbeschr\u00e4nkungen nicht reichen wird, wenn einige Leute ihre Masken nicht vergessen, und wenn in Restaurants, Kirchen etc ein paar Anwesenheitslisten gef\u00fchrt werden. Vor allem, wenn\u2026","rel":"","context":"In &quot;Traktat&quot;","block_context":{"text":"Traktat","link":"https:\/\/evk-hornbach.de\/?cat=86"},"img":{"alt_text":"","src":"https:\/\/i0.wp.com\/evk-hornbach.de\/wp-content\/uploads\/2020\/06\/mark-43913_640-300x300.png?resize=350%2C200&ssl=1","width":350,"height":200},"classes":[]}],"jetpack_sharing_enabled":true,"publishpress_future_action":{"enabled":false,"date":"2026-05-07 13:56:38","action":"change-status","newStatus":"draft","terms":[],"taxonomy":"category","extraData":[]},"publishpress_future_workflow_manual_trigger":{"enabledWorkflows":[]},"_links":{"self":[{"href":"https:\/\/evk-hornbach.de\/index.php?rest_route=\/wp\/v2\/posts\/38577","targetHints":{"allow":["GET"]}}],"collection":[{"href":"https:\/\/evk-hornbach.de\/index.php?rest_route=\/wp\/v2\/posts"}],"about":[{"href":"https:\/\/evk-hornbach.de\/index.php?rest_route=\/wp\/v2\/types\/post"}],"author":[{"embeddable":true,"href":"https:\/\/evk-hornbach.de\/index.php?rest_route=\/wp\/v2\/users\/2"}],"replies":[{"embeddable":true,"href":"https:\/\/evk-hornbach.de\/index.php?rest_route=%2Fwp%2Fv2%2Fcomments&post=38577"}],"version-history":[{"count":9,"href":"https:\/\/evk-hornbach.de\/index.php?rest_route=\/wp\/v2\/posts\/38577\/revisions"}],"predecessor-version":[{"id":38593,"href":"https:\/\/evk-hornbach.de\/index.php?rest_route=\/wp\/v2\/posts\/38577\/revisions\/38593"}],"wp:attachment":[{"href":"https:\/\/evk-hornbach.de\/index.php?rest_route=%2Fwp%2Fv2%2Fmedia&parent=38577"}],"wp:term":[{"taxonomy":"category","embeddable":true,"href":"https:\/\/evk-hornbach.de\/index.php?rest_route=%2Fwp%2Fv2%2Fcategories&post=38577"},{"taxonomy":"post_tag","embeddable":true,"href":"https:\/\/evk-hornbach.de\/index.php?rest_route=%2Fwp%2Fv2%2Ftags&post=38577"},{"taxonomy":"series","embeddable":true,"href":"https:\/\/evk-hornbach.de\/index.php?rest_route=%2Fwp%2Fv2%2Fseries&post=38577"}],"curies":[{"name":"wp","href":"https:\/\/api.w.org\/{rel}","templated":true}]}}