{"id":38573,"date":"2020-03-29T00:46:34","date_gmt":"2020-03-28T23:46:34","guid":{"rendered":"https:\/\/evk-hornbach.de\/?p=38573"},"modified":"2024-11-14T17:56:17","modified_gmt":"2024-11-14T16:56:17","slug":"civitatem-sed-futuram-inquirimus","status":"publish","type":"post","link":"https:\/\/evk-hornbach.de\/?p=38573","title":{"rendered":"Civitatem sed futuram inquirimus"},"content":{"rendered":"<p>Liebe Gemeinde,<\/p>\n<p>zum <a href=\"https:\/\/www.bibleserver.com\/LUT\/Hebr%C3%A4er13%2C14\" target=\"_blank\" rel=\"noopener noreferrer\">Predigttext f\u00fcr diesen Sonntag<\/a> habe ich 2013 ein Orchesterst\u00fcck geschrieben, das ich mit euch teilen m\u00f6chte.<\/p>\n<p><em>(Vorsicht: Neue Musik! Aber keine Angst: so schlimm ist es gar nicht&#8230; Eher ein meditatives St\u00fcck, f\u00fcr das man sich eine Viertelstunde Zeit und Ruhe nehmen und sich dabei konzentrieren muss, wenn man es angemessen h\u00f6ren m\u00f6chte.)<\/em><\/p>\n<div class=\"h5p-iframe-wrapper\"><iframe id=\"h5p-iframe-26\" class=\"h5p-iframe\" data-content-id=\"26\" style=\"height:1px\" src=\"about:blank\" frameBorder=\"0\" scrolling=\"no\" title=\"Civitatem sed futuram inquirimus\"><\/iframe><\/div>\n<p>Seid gesegnet!<br \/>\nVon Euerm Pfarrer Daniel Seel<\/p>\n<p>Informationen zur Komposition:<\/p>\n<p><a href=\"http:\/\/www.verlag-neue-musik.de\/verlag\/product_info.php?info=p2197_--civitatem-sed-futuram-inquirimus.html\">http:\/\/www.verlag-neue-musik.de\/verlag\/product_info.php?info=p2197_&#8211;civitatem-sed-futuram-inquirimus.html<\/a><\/p>\n<p>&nbsp;<\/p>\n","protected":false},"excerpt":{"rendered":"<p>Liebe Gemeinde, zum Predigttext f\u00fcr diesen Sonntag habe ich 2013 ein Orchesterst\u00fcck geschrieben, das ich mit euch teilen m\u00f6chte. (Vorsicht: Neue Musik! Aber keine Angst: so schlimm ist es gar nicht&#8230; Eher ein meditatives St\u00fcck, f\u00fcr das man sich eine Viertelstunde Zeit und Ruhe nehmen und sich dabei konzentrieren muss, wenn man es angemessen h\u00f6ren&hellip; <a class=\"more-link\" href=\"https:\/\/evk-hornbach.de\/?p=38573\"><span class=\"screen-reader-text\">Civitatem sed futuram inquirimus<\/span> weiterlesen<\/a><\/p>\n","protected":false},"author":4,"featured_media":0,"comment_status":"open","ping_status":"open","sticky":false,"template":"","format":"standard","meta":{"_uag_custom_page_level_css":"","advgb_blocks_editor_width":"","advgb_blocks_columns_visual_guide":"","episode_type":"","audio_file":"","podmotor_file_id":"","podmotor_episode_id":"","cover_image":"","cover_image_id":"","duration":"","filesize":"","filesize_raw":"","date_recorded":"","explicit":"","block":"","cybocfi_hide_featured_image":"","_jetpack_memberships_contains_paid_content":false,"footnotes":""},"categories":[381,1],"tags":[],"series":[],"class_list":["post-38573","post","type-post","status-publish","format-standard","hentry","category-schmankerl","category-uncategorized","entry"],"episode_featured_image":false,"episode_player_image":"https:\/\/evk-hornbach.de\/wp-content\/uploads\/2017\/12\/losungandacht2026logov3.png","download_link":"","player_link":"","audio_player":false,"episode_data":{"playerMode":"dark","subscribeUrls":{"amazon":{"key":"amazon","url":"https:\/\/music.amazon.com\/podcasts\/46f9b0a9-b2db-4d5c-b947-5f5e4228a8e4\/losungsandachten-2022","label":"Amazon","class":"amazon","icon":"amazon.png"},"apple_podcasts":{"key":"apple_podcasts","url":"https:\/\/podcasts.apple.com\/de\/podcast\/losungsandachten-2022\/id1629150905","label":"Apple Podcasts","class":"apple_podcasts","icon":"apple-podcasts.png"},"deezer":{"key":"deezer","url":"","label":"Deezer","class":"deezer","icon":"deezer.png"},"podcast_de":{"key":"podcast_de","url":"","label":"Podcast.de","class":"podcast_de","icon":"podcast-de.png"},"rss":{"key":"rss","url":"https:\/\/evk-hornbach.de\/?cat=294&feed=rss2","label":"RSS","class":"rss","icon":"rss.png"},"rssradio":{"key":"rssradio","url":"","label":"RSSRadio","class":"rssradio","icon":"rssradio.png"},"spotify":{"key":"spotify","url":"https:\/\/open.spotify.com\/show\/5kJEFM4ESjFH2n1nivrIfi","label":"Spotify","class":"spotify","icon":"spotify.png"},"tunein":{"key":"tunein","url":"","label":"TuneIn","class":"tunein","icon":"tunein.png"},"fyyd_de":{"key":"fyyd_de","url":"https:\/\/fyyd.de\/podcast\/losungsandachten-2022\/0","label":"fyyd.de","class":"fyyd_de","icon":"fyyd-de.png"}},"rssFeedUrl":"https:\/\/evk-hornbach.de\/?feed=podcast&podcast_series=losungsandachten","embedCode":"<blockquote class=\"wp-embedded-content\" data-secret=\"qsopYHH7y8\"><a href=\"https:\/\/evk-hornbach.de\/?p=38573\">Civitatem sed futuram inquirimus<\/a><\/blockquote><iframe sandbox=\"allow-scripts\" security=\"restricted\" src=\"https:\/\/evk-hornbach.de\/?p=38573&#038;embed=true#?secret=qsopYHH7y8\" width=\"500\" height=\"350\" title=\"&#8222;Civitatem sed futuram inquirimus&#8220; &#8211; Prot. Kirchengemeinde Hornbachtal mit der prot. Kirchengemeinde Rimschweiler\" data-secret=\"qsopYHH7y8\" frameborder=\"0\" marginwidth=\"0\" marginheight=\"0\" scrolling=\"no\" class=\"wp-embedded-content\"><\/iframe><script>\n\/*! This file is auto-generated *\/\n!function(d,l){\"use strict\";l.querySelector&&d.addEventListener&&\"undefined\"!=typeof URL&&(d.wp=d.wp||{},d.wp.receiveEmbedMessage||(d.wp.receiveEmbedMessage=function(e){var t=e.data;if((t||t.secret||t.message||t.value)&&!\/[^a-zA-Z0-9]\/.test(t.secret)){for(var s,r,n,a=l.querySelectorAll('iframe[data-secret=\"'+t.secret+'\"]'),o=l.querySelectorAll('blockquote[data-secret=\"'+t.secret+'\"]'),c=new RegExp(\"^https?:$\",\"i\"),i=0;i<o.length;i++)o[i].style.display=\"none\";for(i=0;i<a.length;i++)s=a[i],e.source===s.contentWindow&&(s.removeAttribute(\"style\"),\"height\"===t.message?(1e3<(r=parseInt(t.value,10))?r=1e3:~~r<200&&(r=200),s.height=r):\"link\"===t.message&&(r=new URL(s.getAttribute(\"src\")),n=new URL(t.value),c.test(n.protocol))&&n.host===r.host&&l.activeElement===s&&(d.top.location.href=t.value))}},d.addEventListener(\"message\",d.wp.receiveEmbedMessage,!1),l.addEventListener(\"DOMContentLoaded\",function(){for(var e,t,s=l.querySelectorAll(\"iframe.wp-embedded-content\"),r=0;r<s.length;r++)(t=(e=s[r]).getAttribute(\"data-secret\"))||(t=Math.random().toString(36).substring(2,12),e.src+=\"#?secret=\"+t,e.setAttribute(\"data-secret\",t)),e.contentWindow.postMessage({message:\"ready\",secret:t},\"*\")},!1)))}(window,document);\n\/\/# sourceURL=https:\/\/evk-hornbach.de\/wp-includes\/js\/wp-embed.min.js\n<\/script>\n"},"author_meta":{"display_name":"Patrick Gauter","author_link":"https:\/\/evk-hornbach.de\/?author=4"},"featured_img":null,"jetpack_featured_media_url":"","uagb_featured_image_src":{"full":false,"thumbnail":false,"medium":false,"medium_large":false,"large":false,"ug_big":false,"1536x1536":false,"2048x2048":false,"post-thumbnail":false},"uagb_author_info":{"display_name":"Patrick Gauter","author_link":"https:\/\/evk-hornbach.de\/?author=4"},"uagb_comment_info":0,"uagb_excerpt":"Liebe Gemeinde, zum Predigttext f\u00fcr diesen Sonntag habe ich 2013 ein Orchesterst\u00fcck geschrieben, das ich mit euch teilen m\u00f6chte. (Vorsicht: Neue Musik! Aber keine Angst: so schlimm ist es gar nicht&#8230; Eher ein meditatives St\u00fcck, f\u00fcr das man sich eine Viertelstunde Zeit und Ruhe nehmen und sich dabei konzentrieren muss, wenn man es angemessen h\u00f6ren&hellip;&hellip;","coauthors":[],"tax_additional":{"categories":{"linked":["<a href=\"https:\/\/evk-hornbach.de\/?cat=381\" class=\"advgb-post-tax-term\">Schmankerl<\/a>","<a href=\"https:\/\/evk-hornbach.de\/?cat=1\" class=\"advgb-post-tax-term\">Uncategorized<\/a>"],"unlinked":["<span class=\"advgb-post-tax-term\">Schmankerl<\/span>","<span class=\"advgb-post-tax-term\">Uncategorized<\/span>"]}},"comment_count":"0","relative_dates":{"created":"Ver\u00f6ffentlicht 6\u00a0Jahren vor","modified":"Aktualisiert 1\u00a0Jahr vor"},"absolute_dates":{"created":"Ver\u00f6ffentlicht am 29. M\u00e4rz 2020","modified":"Aktualisiert am 14. November 2024"},"absolute_dates_time":{"created":"Ver\u00f6ffentlicht am 29. M\u00e4rz 2020 0:46","modified":"Aktualisiert am 14. November 2024 17:56"},"featured_img_caption":"","series_order":"","jetpack-related-posts":[{"id":38113,"url":"https:\/\/evk-hornbach.de\/?p=38113","url_meta":{"origin":38573,"position":0},"title":"Eine neue Redakteurin stellt sich vor","author":"Lydia Lauer","date":"3. November 2019","format":false,"excerpt":"Liebe Gemeinde, mein Name ist Lydia (so wie meine Namensvetterin Lydia, die Purpurh\u00e4ndlerin aus der Apostelgeschichte) und ich bin 16 Jahre alt. Hiermit m\u00f6chte ich mich als neue Redakteurin vorstellen. Ich lebe in Frankreich und besuche zur Zeit noch das Deutsch-Franz\u00f6sische Gymnasium in Saarbr\u00fccken. Im kommenden Fr\u00fchjahr mache ich mein\u2026","rel":"","context":"In &quot;Scheinwerfer&quot;","block_context":{"text":"Scheinwerfer","link":"https:\/\/evk-hornbach.de\/?cat=264"},"img":{"alt_text":"","src":"https:\/\/i0.wp.com\/evk-hornbach.de\/wp-content\/uploads\/2019\/11\/IMG_5426-1-e1572803994114.jpg?resize=350%2C200&ssl=1","width":350,"height":200},"classes":[]},{"id":2893,"url":"https:\/\/evk-hornbach.de\/?p=2893","url_meta":{"origin":38573,"position":1},"title":"Neue Gruppen in unserer Gemeinde","author":"Christian G\u00fcnther","date":"28. September 2018","format":false,"excerpt":"Zwei neue (Projekt-)Gruppen gehen in unserer Kirchengemeinde an den Start: Eine Wandergruppe f\u00fcr Frauen und ein Bastelkreis. Adventlich-weihnachtliches Basteln mit Frau Lee-Seel Wie schon im vergangenen Jahr treffen sich in der Zeit vor Weihnachten jeden Mittwochabend diejenigen im Jugendheim, die sch\u00f6ne Dinge f\u00fcr die Advents- und Weihnachtszeit selbst herstellen m\u00f6chten.\u2026","rel":"","context":"In &quot;Frauenarbeit&quot;","block_context":{"text":"Frauenarbeit","link":"https:\/\/evk-hornbach.de\/?cat=183"},"img":{"alt_text":"","src":"https:\/\/i0.wp.com\/evk-hornbach.de\/wp-content\/uploads\/2018\/09\/arts-and-crafts-1867323_640.jpg?resize=350%2C200&ssl=1","width":350,"height":200,"srcset":"https:\/\/i0.wp.com\/evk-hornbach.de\/wp-content\/uploads\/2018\/09\/arts-and-crafts-1867323_640.jpg?resize=350%2C200&ssl=1 1x, https:\/\/i0.wp.com\/evk-hornbach.de\/wp-content\/uploads\/2018\/09\/arts-and-crafts-1867323_640.jpg?resize=525%2C300&ssl=1 1.5x"},"classes":[]},{"id":2041,"url":"https:\/\/evk-hornbach.de\/?p=2041","url_meta":{"origin":38573,"position":2},"title":"Passionszeit","author":"Christian G\u00fcnther","date":"2. Februar 2018","format":false,"excerpt":"Der Glauben ist nie umsonst. Aber manchmal ist er frei, leicht, ein Segen, und er macht einfach nur gl\u00fccklich. Es gibt auch andere Zeiten. Dann kostet der Glauben etwas: Geduld. Geld. Schmerzen. Viel, viel Vertrauen, denn es ist nicht mehr unmittelbar erkennbar, dass \"er sich lohnt\". Das sind Leidenszeiten, und\u2026","rel":"","context":"In &quot;Gottesdienst&quot;","block_context":{"text":"Gottesdienst","link":"https:\/\/evk-hornbach.de\/?cat=103"},"img":{"alt_text":"","src":"https:\/\/i0.wp.com\/evk-hornbach.de\/wp-content\/uploads\/2018\/01\/passionszeit.jpg?resize=350%2C200&ssl=1","width":350,"height":200,"srcset":"https:\/\/i0.wp.com\/evk-hornbach.de\/wp-content\/uploads\/2018\/01\/passionszeit.jpg?resize=350%2C200&ssl=1 1x, https:\/\/i0.wp.com\/evk-hornbach.de\/wp-content\/uploads\/2018\/01\/passionszeit.jpg?resize=525%2C300&ssl=1 1.5x, https:\/\/i0.wp.com\/evk-hornbach.de\/wp-content\/uploads\/2018\/01\/passionszeit.jpg?resize=700%2C400&ssl=1 2x, https:\/\/i0.wp.com\/evk-hornbach.de\/wp-content\/uploads\/2018\/01\/passionszeit.jpg?resize=1050%2C600&ssl=1 3x"},"classes":[]},{"id":38632,"url":"https:\/\/evk-hornbach.de\/?p=38632","url_meta":{"origin":38573,"position":3},"title":"Ciao, ich bin das Coronavirus &#8230;","author":"Christian G\u00fcnther","date":"4. April 2020","format":false,"excerpt":"Derzeit geht in den sozialen Netzwerken ein Video viral, das bestechend gut produziert ist und so manchem Zuschauer an Herz und Nieren (= Denken und Gef\u00fchle) geht. Woher kommt es? Eine Online-Recherche. F\u00fcr alle, die es noch nicht kennen: In dieser Form pr\u00e4sentiert sich das Video uns deutschen Zuschauern: https:\/\/youtu.be\/r9FviBtFyE8\u2026","rel":"","context":"In &quot;Neuigkeiten&quot;","block_context":{"text":"Neuigkeiten","link":"https:\/\/evk-hornbach.de\/?cat=34"},"img":{"alt_text":"","src":"https:\/\/i0.wp.com\/img.youtube.com\/vi\/r9FviBtFyE8\/0.jpg?resize=350%2C200","width":350,"height":200},"classes":[]},{"id":40834,"url":"https:\/\/evk-hornbach.de\/?p=40834","url_meta":{"origin":38573,"position":4},"title":"Am Freitag, dem 5. M\u00e4rz 2021 ist Weltgebetstag!","author":"Christian G\u00fcnther","date":"23. Februar 2021","format":false,"excerpt":"Am Freitag, dem 5. M\u00e4rz 2021 um 18 Uhr ist Weltgebetstagsgottesdienst in der Klosterkirche Hornbach. Diesmal stammt die Liturgie aus Vanuatu, einem Inselstaat im Pazifik. Der Gottesdienst wird auch online \u00fcbertragen. Klicken Sie dazu unten auf die blaue Schaltfl\u00e4che! Mehr Information ... (Bitte hier anklicken, um auszuklappen) Herzliche Einladung f\u00fcr\u2026","rel":"","context":"\u00c4hnlicher Beitrag","block_context":{"text":"\u00c4hnlicher Beitrag","link":""},"img":{"alt_text":"","src":"","width":0,"height":0},"classes":[]},{"id":39078,"url":"https:\/\/evk-hornbach.de\/?p=39078","url_meta":{"origin":38573,"position":5},"title":"Nochmal zu Corona &#8230;","author":"Christian G\u00fcnther","date":"23. Mai 2020","format":false,"excerpt":"Manchmal verhalten sich gerade fromme Christen besonders verstockt - und setzen damit nicht nur ihr eigenes Leben, sondern auch das ihrer Verwandten und Freunde aufs Spiel. Wie gerade gemeldet wird, verwandelte sich (schon wieder) ein freikirchlicher Event in einen Covid-19 Hotspot: Bei einem Baptisten-Gottesdienst in Frankfurt am Main wurden viele\u2026","rel":"","context":"In &quot;Neuigkeiten&quot;","block_context":{"text":"Neuigkeiten","link":"https:\/\/evk-hornbach.de\/?cat=34"},"img":{"alt_text":"","src":"https:\/\/i0.wp.com\/evk-hornbach.de\/wp-content\/uploads\/2020\/05\/covid-19Maske1280.jpg?resize=350%2C200&ssl=1","width":350,"height":200,"srcset":"https:\/\/i0.wp.com\/evk-hornbach.de\/wp-content\/uploads\/2020\/05\/covid-19Maske1280.jpg?resize=350%2C200&ssl=1 1x, https:\/\/i0.wp.com\/evk-hornbach.de\/wp-content\/uploads\/2020\/05\/covid-19Maske1280.jpg?resize=525%2C300&ssl=1 1.5x, https:\/\/i0.wp.com\/evk-hornbach.de\/wp-content\/uploads\/2020\/05\/covid-19Maske1280.jpg?resize=700%2C400&ssl=1 2x, https:\/\/i0.wp.com\/evk-hornbach.de\/wp-content\/uploads\/2020\/05\/covid-19Maske1280.jpg?resize=1050%2C600&ssl=1 3x"},"classes":[]}],"jetpack_sharing_enabled":true,"publishpress_future_action":{"enabled":false,"date":"2026-05-03 14:31:40","action":"change-status","newStatus":"draft","terms":[],"taxonomy":"category","extraData":[]},"publishpress_future_workflow_manual_trigger":{"enabledWorkflows":[]},"_links":{"self":[{"href":"https:\/\/evk-hornbach.de\/index.php?rest_route=\/wp\/v2\/posts\/38573","targetHints":{"allow":["GET"]}}],"collection":[{"href":"https:\/\/evk-hornbach.de\/index.php?rest_route=\/wp\/v2\/posts"}],"about":[{"href":"https:\/\/evk-hornbach.de\/index.php?rest_route=\/wp\/v2\/types\/post"}],"author":[{"embeddable":true,"href":"https:\/\/evk-hornbach.de\/index.php?rest_route=\/wp\/v2\/users\/4"}],"replies":[{"embeddable":true,"href":"https:\/\/evk-hornbach.de\/index.php?rest_route=%2Fwp%2Fv2%2Fcomments&post=38573"}],"version-history":[{"count":7,"href":"https:\/\/evk-hornbach.de\/index.php?rest_route=\/wp\/v2\/posts\/38573\/revisions"}],"predecessor-version":[{"id":38588,"href":"https:\/\/evk-hornbach.de\/index.php?rest_route=\/wp\/v2\/posts\/38573\/revisions\/38588"}],"wp:attachment":[{"href":"https:\/\/evk-hornbach.de\/index.php?rest_route=%2Fwp%2Fv2%2Fmedia&parent=38573"}],"wp:term":[{"taxonomy":"category","embeddable":true,"href":"https:\/\/evk-hornbach.de\/index.php?rest_route=%2Fwp%2Fv2%2Fcategories&post=38573"},{"taxonomy":"post_tag","embeddable":true,"href":"https:\/\/evk-hornbach.de\/index.php?rest_route=%2Fwp%2Fv2%2Ftags&post=38573"},{"taxonomy":"series","embeddable":true,"href":"https:\/\/evk-hornbach.de\/index.php?rest_route=%2Fwp%2Fv2%2Fseries&post=38573"}],"curies":[{"name":"wp","href":"https:\/\/api.w.org\/{rel}","templated":true}]}}