{"id":38292,"date":"2020-01-05T13:11:24","date_gmt":"2020-01-05T12:11:24","guid":{"rendered":"https:\/\/evk-hornbach.de\/?p=38292"},"modified":"2020-01-05T16:26:57","modified_gmt":"2020-01-05T15:26:57","slug":"gehdanken-auf-dem-jakobsweg-von-einer-nicht-allzu-begeisterten-teenagerin","status":"publish","type":"post","link":"https:\/\/evk-hornbach.de\/?p=38292","title":{"rendered":"Ge(h)danken auf dem Jakobsweg; von einer (nicht allzu) begeisterten Teenagerin"},"content":{"rendered":"<p>Einleitung:<\/p>\n<p>Vor zwei Jahren im Sommer war ich mit meiner Familie pilgern. Die Strecke zwischen Rothenburg ob der Tauber gilt als eine der sch\u00f6nsten auf dem deutschen Teil des Jakobswegs.<\/p>\n<p>Da ich allerdings als pubertierende Teenagerin diesen Weg mit anderen Augen gesehen habe als meine Eltern, m\u00f6chte ich in der Reihe &#8222;Ge(h)danken auf dem Jakobsweg&#8220; meine Erfahrungen und Entwicklung in Tagebuchform mit Ihnen teilen.<\/p>\n<p>&nbsp;<\/p>\n<p>TAG DER ABFAHRT:<\/p>\n<p>Wir sitzen in einem nahezu leeren Zug Richtung Rothenburg ob der Tauber. Wir, das sind meine Eltern, meine zwei j\u00fcngeren Schwestern und ich. Kein Wunder, dass das Ding leer ist. Alle sind ja jetzt schon am Strand.<\/p>\n<p>Ich wei\u00df ja nicht, was meine Eltern geritten hat, unseren urspr\u00fcnglichen Urlaub in Italien abzusagen und stattdessen PILGERN zu gehen. In der Schule habe ich mich nicht einmal getraut zu sagen, was ich in den Sommerferien machen w\u00fcrde.<\/p>\n<p>Wieso habe ich mich eigentlich dazu breitschlagen lassen, frage ich mich jetzt. Mein Rucksack ist viel zu schwer und ich habe genau zwei (!) Unterhosen dabei. Und das habe ich wirklich gegen warmen Sand und blaues Meer eingetauscht. Ich bin schon bl\u00f6d. \u00c4h, kann mir jemand sagen wie ich das aushalten soll???<\/p>\n<p>Und jetzt f\u00e4ngt meine Mutter auch noch an dar\u00fcber zu reden, dass uns das sehr gefallen wird. Meine Schwester verdreht die Augen und schaut mich an. Sie hat offensichtlich genau so Lust wie ich.<\/p>\n<p>Wie oft habe ich es mir schon angeh\u00f6rt? &#8220; &#8230;, ihr werdet sehen, dass es euch gef\u00e4llt,&#8230;, das wird euch mal guttun.&#8220;<\/p>\n<p>Naja, mal sehen, wie es sich entwickelt.<\/p>\n<p>&nbsp;<\/p>\n<p>&nbsp;<\/p>\n<p>Fortsetzung folgt&#8230;<\/p>\n","protected":false},"excerpt":{"rendered":"<p>Einleitung: Vor zwei Jahren im Sommer war ich mit meiner Familie pilgern. Die Strecke zwischen Rothenburg ob der Tauber gilt als eine der sch\u00f6nsten auf dem deutschen Teil des Jakobswegs. Da ich allerdings als pubertierende Teenagerin diesen Weg mit anderen Augen gesehen habe als meine Eltern, m\u00f6chte ich in der Reihe &#8222;Ge(h)danken auf dem Jakobsweg&#8220;&hellip; <a class=\"more-link\" href=\"https:\/\/evk-hornbach.de\/?p=38292\"><span class=\"screen-reader-text\">Ge(h)danken auf dem Jakobsweg; von einer (nicht allzu) begeisterten Teenagerin<\/span> weiterlesen<\/a><\/p>\n","protected":false},"author":11,"featured_media":38296,"comment_status":"open","ping_status":"open","sticky":false,"template":"","format":"standard","meta":{"_uag_custom_page_level_css":"","advgb_blocks_editor_width":"","advgb_blocks_columns_visual_guide":"","episode_type":"","audio_file":"","podmotor_file_id":"","podmotor_episode_id":"","cover_image":"","cover_image_id":"","duration":"","filesize":"","filesize_raw":"","date_recorded":"","explicit":"","block":"","cybocfi_hide_featured_image":"","_jetpack_memberships_contains_paid_content":false,"footnotes":""},"categories":[264,1],"tags":[287,286,284,267,285],"series":[],"class_list":["post-38292","post","type-post","status-publish","format-standard","has-post-thumbnail","hentry","category-scheinwerfer","category-uncategorized","tag-etappe","tag-gehdanken","tag-jakobsweg","tag-scheinwerfer","tag-teenager","entry"],"episode_featured_image":"https:\/\/evk-hornbach.de\/wp-content\/uploads\/2020\/01\/IMG_2789-scaled.jpg","episode_player_image":"https:\/\/evk-hornbach.de\/wp-content\/uploads\/2017\/12\/losungandacht2026logov3.png","download_link":"","player_link":"","audio_player":false,"episode_data":{"playerMode":"dark","subscribeUrls":{"amazon":{"key":"amazon","url":"https:\/\/music.amazon.com\/podcasts\/46f9b0a9-b2db-4d5c-b947-5f5e4228a8e4\/losungsandachten-2022","label":"Amazon","class":"amazon","icon":"amazon.png"},"apple_podcasts":{"key":"apple_podcasts","url":"https:\/\/podcasts.apple.com\/de\/podcast\/losungsandachten-2022\/id1629150905","label":"Apple Podcasts","class":"apple_podcasts","icon":"apple-podcasts.png"},"deezer":{"key":"deezer","url":"","label":"Deezer","class":"deezer","icon":"deezer.png"},"podcast_de":{"key":"podcast_de","url":"","label":"Podcast.de","class":"podcast_de","icon":"podcast-de.png"},"rss":{"key":"rss","url":"https:\/\/evk-hornbach.de\/?cat=294&feed=rss2","label":"RSS","class":"rss","icon":"rss.png"},"rssradio":{"key":"rssradio","url":"","label":"RSSRadio","class":"rssradio","icon":"rssradio.png"},"spotify":{"key":"spotify","url":"https:\/\/open.spotify.com\/show\/5kJEFM4ESjFH2n1nivrIfi","label":"Spotify","class":"spotify","icon":"spotify.png"},"tunein":{"key":"tunein","url":"","label":"TuneIn","class":"tunein","icon":"tunein.png"},"fyyd_de":{"key":"fyyd_de","url":"https:\/\/fyyd.de\/podcast\/losungsandachten-2022\/0","label":"fyyd.de","class":"fyyd_de","icon":"fyyd-de.png"}},"rssFeedUrl":"https:\/\/evk-hornbach.de\/?feed=podcast&podcast_series=losungsandachten","embedCode":"<blockquote class=\"wp-embedded-content\" data-secret=\"aVzES1o2HB\"><a href=\"https:\/\/evk-hornbach.de\/?p=38292\">Ge(h)danken auf dem Jakobsweg; von einer (nicht allzu) begeisterten Teenagerin<\/a><\/blockquote><iframe sandbox=\"allow-scripts\" security=\"restricted\" src=\"https:\/\/evk-hornbach.de\/?p=38292&#038;embed=true#?secret=aVzES1o2HB\" width=\"500\" height=\"350\" title=\"&#8222;Ge(h)danken auf dem Jakobsweg; von einer (nicht allzu) begeisterten Teenagerin&#8220; &#8211; Prot. Kirchengemeinde Hornbachtal mit der prot. Kirchengemeinde Rimschweiler\" data-secret=\"aVzES1o2HB\" frameborder=\"0\" marginwidth=\"0\" marginheight=\"0\" scrolling=\"no\" class=\"wp-embedded-content\"><\/iframe><script>\n\/*! This file is auto-generated *\/\n!function(d,l){\"use strict\";l.querySelector&&d.addEventListener&&\"undefined\"!=typeof URL&&(d.wp=d.wp||{},d.wp.receiveEmbedMessage||(d.wp.receiveEmbedMessage=function(e){var t=e.data;if((t||t.secret||t.message||t.value)&&!\/[^a-zA-Z0-9]\/.test(t.secret)){for(var s,r,n,a=l.querySelectorAll('iframe[data-secret=\"'+t.secret+'\"]'),o=l.querySelectorAll('blockquote[data-secret=\"'+t.secret+'\"]'),c=new RegExp(\"^https?:$\",\"i\"),i=0;i<o.length;i++)o[i].style.display=\"none\";for(i=0;i<a.length;i++)s=a[i],e.source===s.contentWindow&&(s.removeAttribute(\"style\"),\"height\"===t.message?(1e3<(r=parseInt(t.value,10))?r=1e3:~~r<200&&(r=200),s.height=r):\"link\"===t.message&&(r=new URL(s.getAttribute(\"src\")),n=new URL(t.value),c.test(n.protocol))&&n.host===r.host&&l.activeElement===s&&(d.top.location.href=t.value))}},d.addEventListener(\"message\",d.wp.receiveEmbedMessage,!1),l.addEventListener(\"DOMContentLoaded\",function(){for(var e,t,s=l.querySelectorAll(\"iframe.wp-embedded-content\"),r=0;r<s.length;r++)(t=(e=s[r]).getAttribute(\"data-secret\"))||(t=Math.random().toString(36).substring(2,12),e.src+=\"#?secret=\"+t,e.setAttribute(\"data-secret\",t)),e.contentWindow.postMessage({message:\"ready\",secret:t},\"*\")},!1)))}(window,document);\n\/\/# sourceURL=https:\/\/evk-hornbach.de\/wp-includes\/js\/wp-embed.min.js\n<\/script>\n"},"author_meta":{"display_name":"Lydia Lauer","author_link":"https:\/\/evk-hornbach.de\/?author=11"},"featured_img":"https:\/\/evk-hornbach.de\/wp-content\/uploads\/2020\/01\/IMG_2789-300x225.jpg","jetpack_featured_media_url":"https:\/\/evk-hornbach.de\/wp-content\/uploads\/2020\/01\/IMG_2789-scaled.jpg","uagb_featured_image_src":{"full":["https:\/\/evk-hornbach.de\/wp-content\/uploads\/2020\/01\/IMG_2789-scaled.jpg",2560,1920,false],"thumbnail":["https:\/\/evk-hornbach.de\/wp-content\/uploads\/2020\/01\/IMG_2789-150x150.jpg",150,150,true],"medium":["https:\/\/evk-hornbach.de\/wp-content\/uploads\/2020\/01\/IMG_2789-300x225.jpg",300,225,true],"medium_large":["https:\/\/evk-hornbach.de\/wp-content\/uploads\/2020\/01\/IMG_2789-768x576.jpg",750,563,true],"large":["https:\/\/evk-hornbach.de\/wp-content\/uploads\/2020\/01\/IMG_2789-1024x768.jpg",750,563,true],"ug_big":["https:\/\/evk-hornbach.de\/wp-content\/uploads\/2020\/01\/IMG_2789-768x576.jpg",768,576,true],"1536x1536":["https:\/\/evk-hornbach.de\/wp-content\/uploads\/2020\/01\/IMG_2789-1536x1152.jpg",1536,1152,true],"2048x2048":["https:\/\/evk-hornbach.de\/wp-content\/uploads\/2020\/01\/IMG_2789-2048x1536.jpg",2048,1536,true],"post-thumbnail":["https:\/\/evk-hornbach.de\/wp-content\/uploads\/2020\/01\/IMG_2789-840x525.jpg",840,525,true]},"uagb_author_info":{"display_name":"Lydia Lauer","author_link":"https:\/\/evk-hornbach.de\/?author=11"},"uagb_comment_info":1,"uagb_excerpt":"Einleitung: Vor zwei Jahren im Sommer war ich mit meiner Familie pilgern. Die Strecke zwischen Rothenburg ob der Tauber gilt als eine der sch\u00f6nsten auf dem deutschen Teil des Jakobswegs. Da ich allerdings als pubertierende Teenagerin diesen Weg mit anderen Augen gesehen habe als meine Eltern, m\u00f6chte ich in der Reihe &#8222;Ge(h)danken auf dem Jakobsweg&#8220;&hellip;&hellip;","coauthors":[],"tax_additional":{"categories":{"linked":["<a href=\"https:\/\/evk-hornbach.de\/?cat=264\" class=\"advgb-post-tax-term\">Scheinwerfer<\/a>","<a href=\"https:\/\/evk-hornbach.de\/?cat=1\" class=\"advgb-post-tax-term\">Uncategorized<\/a>"],"unlinked":["<span class=\"advgb-post-tax-term\">Scheinwerfer<\/span>","<span class=\"advgb-post-tax-term\">Uncategorized<\/span>"]},"tags":{"linked":["<a href=\"https:\/\/evk-hornbach.de\/?cat=1\" class=\"advgb-post-tax-term\">Etappe<\/a>","<a href=\"https:\/\/evk-hornbach.de\/?cat=1\" class=\"advgb-post-tax-term\">Ge(h)danken<\/a>","<a href=\"https:\/\/evk-hornbach.de\/?cat=1\" class=\"advgb-post-tax-term\">Jakobsweg<\/a>","<a href=\"https:\/\/evk-hornbach.de\/?cat=1\" class=\"advgb-post-tax-term\">Scheinwerfer<\/a>","<a href=\"https:\/\/evk-hornbach.de\/?cat=1\" class=\"advgb-post-tax-term\">Teenager<\/a>"],"unlinked":["<span class=\"advgb-post-tax-term\">Etappe<\/span>","<span class=\"advgb-post-tax-term\">Ge(h)danken<\/span>","<span class=\"advgb-post-tax-term\">Jakobsweg<\/span>","<span class=\"advgb-post-tax-term\">Scheinwerfer<\/span>","<span class=\"advgb-post-tax-term\">Teenager<\/span>"]}},"comment_count":"1","relative_dates":{"created":"Ver\u00f6ffentlicht 6\u00a0Jahren vor","modified":"Aktualisiert 6\u00a0Jahren vor"},"absolute_dates":{"created":"Ver\u00f6ffentlicht am 5. Januar 2020","modified":"Aktualisiert am 5. Januar 2020"},"absolute_dates_time":{"created":"Ver\u00f6ffentlicht am 5. Januar 2020 13:11","modified":"Aktualisiert am 5. Januar 2020 16:26"},"featured_img_caption":"","series_order":"","jetpack-related-posts":[{"id":38654,"url":"https:\/\/evk-hornbach.de\/?p=38654","url_meta":{"origin":38292,"position":0},"title":"Ge(h)danken auf dem Jakobsweg &#8211; Etappe 4","author":"Lydia Lauer","date":"6. April 2020","format":false,"excerpt":"Die kommen aber auch auf lustige Ideen... Vor mir steht ein gro\u00dfer Brotkorb mit selbst gebackenen Br\u00f6tchen in Jakobsmuschelform. Cool! Normalerweise esse ich morgens nichts, aber seit wir hier am Wandern sind, habe ich gelernt, am besten vorher genug zu essen, weil man keinen Appetit mehr hat, wenn man den\u2026","rel":"","context":"In &quot;Scheinwerfer&quot;","block_context":{"text":"Scheinwerfer","link":"https:\/\/evk-hornbach.de\/?cat=264"},"img":{"alt_text":"","src":"https:\/\/i0.wp.com\/evk-hornbach.de\/wp-content\/uploads\/2020\/04\/IMG_1890-scaled.jpg?resize=350%2C200&ssl=1","width":350,"height":200,"srcset":"https:\/\/i0.wp.com\/evk-hornbach.de\/wp-content\/uploads\/2020\/04\/IMG_1890-scaled.jpg?resize=350%2C200&ssl=1 1x, https:\/\/i0.wp.com\/evk-hornbach.de\/wp-content\/uploads\/2020\/04\/IMG_1890-scaled.jpg?resize=525%2C300&ssl=1 1.5x, https:\/\/i0.wp.com\/evk-hornbach.de\/wp-content\/uploads\/2020\/04\/IMG_1890-scaled.jpg?resize=700%2C400&ssl=1 2x, https:\/\/i0.wp.com\/evk-hornbach.de\/wp-content\/uploads\/2020\/04\/IMG_1890-scaled.jpg?resize=1050%2C600&ssl=1 3x, https:\/\/i0.wp.com\/evk-hornbach.de\/wp-content\/uploads\/2020\/04\/IMG_1890-scaled.jpg?resize=1400%2C800&ssl=1 4x"},"classes":[]},{"id":38339,"url":"https:\/\/evk-hornbach.de\/?p=38339","url_meta":{"origin":38292,"position":1},"title":"Ge(h)danken auf dem Jakobsweg &#8211; Etappe 3","author":"Lydia Lauer","date":"10. Februar 2020","format":false,"excerpt":"Es sind 34 (!) Grad. Und wir schleppen uns durch einen Weinberg. Die letzte Pause war vor gef\u00fchlt 100 Jahren und hier ist absolut kein Schatten; es geht dauernd bergauf. Was f\u00fcr ein Quatsch! Sie haben wohl kaum das Auto erfunden, damit ich mich hier mit zehn Kilo auf dem\u2026","rel":"","context":"In &quot;Scheinwerfer&quot;","block_context":{"text":"Scheinwerfer","link":"https:\/\/evk-hornbach.de\/?cat=264"},"img":{"alt_text":"","src":"https:\/\/i0.wp.com\/evk-hornbach.de\/wp-content\/uploads\/2020\/02\/IMG_2762-scaled.jpg?resize=350%2C200&ssl=1","width":350,"height":200,"srcset":"https:\/\/i0.wp.com\/evk-hornbach.de\/wp-content\/uploads\/2020\/02\/IMG_2762-scaled.jpg?resize=350%2C200&ssl=1 1x, https:\/\/i0.wp.com\/evk-hornbach.de\/wp-content\/uploads\/2020\/02\/IMG_2762-scaled.jpg?resize=525%2C300&ssl=1 1.5x, https:\/\/i0.wp.com\/evk-hornbach.de\/wp-content\/uploads\/2020\/02\/IMG_2762-scaled.jpg?resize=700%2C400&ssl=1 2x, https:\/\/i0.wp.com\/evk-hornbach.de\/wp-content\/uploads\/2020\/02\/IMG_2762-scaled.jpg?resize=1050%2C600&ssl=1 3x, https:\/\/i0.wp.com\/evk-hornbach.de\/wp-content\/uploads\/2020\/02\/IMG_2762-scaled.jpg?resize=1400%2C800&ssl=1 4x"},"classes":[]},{"id":38311,"url":"https:\/\/evk-hornbach.de\/?p=38311","url_meta":{"origin":38292,"position":2},"title":"Ge(h)danken auf dem Jakobsweg- Etappe 1","author":"Lydia Lauer","date":"20. Januar 2020","format":false,"excerpt":"Es ist Montag und wir laufen heute los. Unsere Etappe soll heute ungef\u00e4hr 20 Kilometer lang sein. Es ist eine der kleineren Etappen. Nun ja. Es ist angenehm warm, aber nicht hei\u00df. Zum Gl\u00fcck, denn mein Rucksack ist super schwer, obwohl ich nix zum Anziehen habe. Mehr wird wohl heute\u2026","rel":"","context":"In &quot;Scheinwerfer&quot;","block_context":{"text":"Scheinwerfer","link":"https:\/\/evk-hornbach.de\/?cat=264"},"img":{"alt_text":"","src":"https:\/\/i0.wp.com\/evk-hornbach.de\/wp-content\/uploads\/2020\/01\/IMG_1864.jpeg?resize=350%2C200&ssl=1","width":350,"height":200,"srcset":"https:\/\/i0.wp.com\/evk-hornbach.de\/wp-content\/uploads\/2020\/01\/IMG_1864.jpeg?resize=350%2C200&ssl=1 1x, https:\/\/i0.wp.com\/evk-hornbach.de\/wp-content\/uploads\/2020\/01\/IMG_1864.jpeg?resize=525%2C300&ssl=1 1.5x"},"classes":[]},{"id":38323,"url":"https:\/\/evk-hornbach.de\/?p=38323","url_meta":{"origin":38292,"position":3},"title":"Ge(h)danken auf dem Jakobsweg &#8211; Etappe 2","author":"Lydia Lauer","date":"26. Januar 2020","format":false,"excerpt":"\u201eEr sendet Tau und Regen und Sonn- und Mondenschein...\u201c \u00a0 Nat\u00fcrlich haben wir mal wieder richtiges Gl\u00fcck. Gestern waren die Wolken doch auch gn\u00e4dig genug. Aber nein... Es regnet in Str\u00f6men, aber wenigstens ist der Regen gegen Mittag schon viel w\u00e4rmer geworden. Wer h\u00e4tte gedacht, dass Regenjacken \u00fcberhaupt nicht wasserfest\u2026","rel":"","context":"In &quot;Scheinwerfer&quot;","block_context":{"text":"Scheinwerfer","link":"https:\/\/evk-hornbach.de\/?cat=264"},"img":{"alt_text":"","src":"https:\/\/i0.wp.com\/evk-hornbach.de\/wp-content\/uploads\/2020\/01\/IMG_1999-scaled.jpg?resize=350%2C200&ssl=1","width":350,"height":200,"srcset":"https:\/\/i0.wp.com\/evk-hornbach.de\/wp-content\/uploads\/2020\/01\/IMG_1999-scaled.jpg?resize=350%2C200&ssl=1 1x, https:\/\/i0.wp.com\/evk-hornbach.de\/wp-content\/uploads\/2020\/01\/IMG_1999-scaled.jpg?resize=525%2C300&ssl=1 1.5x, https:\/\/i0.wp.com\/evk-hornbach.de\/wp-content\/uploads\/2020\/01\/IMG_1999-scaled.jpg?resize=700%2C400&ssl=1 2x, https:\/\/i0.wp.com\/evk-hornbach.de\/wp-content\/uploads\/2020\/01\/IMG_1999-scaled.jpg?resize=1050%2C600&ssl=1 3x, https:\/\/i0.wp.com\/evk-hornbach.de\/wp-content\/uploads\/2020\/01\/IMG_1999-scaled.jpg?resize=1400%2C800&ssl=1 4x"},"classes":[]},{"id":38800,"url":"https:\/\/evk-hornbach.de\/?p=38800","url_meta":{"origin":38292,"position":4},"title":"Ge(h)danken auf dem Jakobsweg &#8211; Etappe 5","author":"Lydia Lauer","date":"20. April 2020","format":false,"excerpt":"Und es geht wieder los. Heute m\u00fcssen wir 26 Kilometer laufen. Obwohl wir schon sehr fr\u00fch losgegangen sind, ist es um 10 Uhr schon super warm. Das ist zwar einerseits besser als Regen, aber Schwei\u00dfflecken auf den T-Shirts sind schon eklig. Und peinlich. Hoffentlich treffen wir nicht auf Jungs, das\u2026","rel":"","context":"In &quot;Scheinwerfer&quot;","block_context":{"text":"Scheinwerfer","link":"https:\/\/evk-hornbach.de\/?cat=264"},"img":{"alt_text":"","src":"https:\/\/i0.wp.com\/evk-hornbach.de\/wp-content\/uploads\/2020\/04\/IMG_2492-scaled.jpg?resize=350%2C200&ssl=1","width":350,"height":200,"srcset":"https:\/\/i0.wp.com\/evk-hornbach.de\/wp-content\/uploads\/2020\/04\/IMG_2492-scaled.jpg?resize=350%2C200&ssl=1 1x, https:\/\/i0.wp.com\/evk-hornbach.de\/wp-content\/uploads\/2020\/04\/IMG_2492-scaled.jpg?resize=525%2C300&ssl=1 1.5x, https:\/\/i0.wp.com\/evk-hornbach.de\/wp-content\/uploads\/2020\/04\/IMG_2492-scaled.jpg?resize=700%2C400&ssl=1 2x, https:\/\/i0.wp.com\/evk-hornbach.de\/wp-content\/uploads\/2020\/04\/IMG_2492-scaled.jpg?resize=1050%2C600&ssl=1 3x, https:\/\/i0.wp.com\/evk-hornbach.de\/wp-content\/uploads\/2020\/04\/IMG_2492-scaled.jpg?resize=1400%2C800&ssl=1 4x"},"classes":[]},{"id":38113,"url":"https:\/\/evk-hornbach.de\/?p=38113","url_meta":{"origin":38292,"position":5},"title":"Eine neue Redakteurin stellt sich vor","author":"Lydia Lauer","date":"3. November 2019","format":false,"excerpt":"Liebe Gemeinde, mein Name ist Lydia (so wie meine Namensvetterin Lydia, die Purpurh\u00e4ndlerin aus der Apostelgeschichte) und ich bin 16 Jahre alt. Hiermit m\u00f6chte ich mich als neue Redakteurin vorstellen. Ich lebe in Frankreich und besuche zur Zeit noch das Deutsch-Franz\u00f6sische Gymnasium in Saarbr\u00fccken. Im kommenden Fr\u00fchjahr mache ich mein\u2026","rel":"","context":"In &quot;Scheinwerfer&quot;","block_context":{"text":"Scheinwerfer","link":"https:\/\/evk-hornbach.de\/?cat=264"},"img":{"alt_text":"","src":"https:\/\/i0.wp.com\/evk-hornbach.de\/wp-content\/uploads\/2019\/11\/IMG_5426-1-e1572803994114.jpg?resize=350%2C200&ssl=1","width":350,"height":200},"classes":[]}],"jetpack_sharing_enabled":true,"publishpress_future_action":{"enabled":false,"date":"2026-05-03 11:35:37","action":"change-status","newStatus":"draft","terms":[],"taxonomy":"category","extraData":[]},"publishpress_future_workflow_manual_trigger":{"enabledWorkflows":[]},"_links":{"self":[{"href":"https:\/\/evk-hornbach.de\/index.php?rest_route=\/wp\/v2\/posts\/38292","targetHints":{"allow":["GET"]}}],"collection":[{"href":"https:\/\/evk-hornbach.de\/index.php?rest_route=\/wp\/v2\/posts"}],"about":[{"href":"https:\/\/evk-hornbach.de\/index.php?rest_route=\/wp\/v2\/types\/post"}],"author":[{"embeddable":true,"href":"https:\/\/evk-hornbach.de\/index.php?rest_route=\/wp\/v2\/users\/11"}],"replies":[{"embeddable":true,"href":"https:\/\/evk-hornbach.de\/index.php?rest_route=%2Fwp%2Fv2%2Fcomments&post=38292"}],"version-history":[{"count":5,"href":"https:\/\/evk-hornbach.de\/index.php?rest_route=\/wp\/v2\/posts\/38292\/revisions"}],"predecessor-version":[{"id":38299,"href":"https:\/\/evk-hornbach.de\/index.php?rest_route=\/wp\/v2\/posts\/38292\/revisions\/38299"}],"wp:featuredmedia":[{"embeddable":true,"href":"https:\/\/evk-hornbach.de\/index.php?rest_route=\/wp\/v2\/media\/38296"}],"wp:attachment":[{"href":"https:\/\/evk-hornbach.de\/index.php?rest_route=%2Fwp%2Fv2%2Fmedia&parent=38292"}],"wp:term":[{"taxonomy":"category","embeddable":true,"href":"https:\/\/evk-hornbach.de\/index.php?rest_route=%2Fwp%2Fv2%2Fcategories&post=38292"},{"taxonomy":"post_tag","embeddable":true,"href":"https:\/\/evk-hornbach.de\/index.php?rest_route=%2Fwp%2Fv2%2Ftags&post=38292"},{"taxonomy":"series","embeddable":true,"href":"https:\/\/evk-hornbach.de\/index.php?rest_route=%2Fwp%2Fv2%2Fseries&post=38292"}],"curies":[{"name":"wp","href":"https:\/\/api.w.org\/{rel}","templated":true}]}}