{"id":38284,"date":"2019-12-31T15:59:19","date_gmt":"2019-12-31T14:59:19","guid":{"rendered":"https:\/\/evk-hornbach.de\/?p=38284"},"modified":"2020-01-01T19:13:24","modified_gmt":"2020-01-01T18:13:24","slug":"weichen-fuer-die-zukunft-der-kirchengemeinde-gestellt","status":"publish","type":"post","link":"https:\/\/evk-hornbach.de\/?p=38284","title":{"rendered":"Weichen f\u00fcr die Zukunft der Kirchengemeinde(n) gestellt"},"content":{"rendered":"<h2>Ein Bericht vom Klausurtag am 29.12.2019<\/h2>\n<p class=\"zw-paragraph\" data-textformat=\"{\" data-margin-left=\"0in\" data-text-indent=\"0in\" data-margin-bottom=\"0pt\" data-margin-top=\"0pt\" data-keep-line-info=\"false\" data-page-break-info=\"false\" data-window-control-info=\"true\" data-keep-next-info=\"false\" data-writer-border-info=\"{\" data-doc-id=\"603471000000382001\" data-doc-type=\"writer\">Am 29.12. trafen sich im Jugendheim ca. 30 Engagierte der Kirchengemeinden Hornbach-Brenschelbach und Althornbach: Presbyter sowie weitere, interessierte Ehrenamtliche und Jugendmitarbeitende, um dr\u00e4ngende Probleme sowie k\u00fcnftige Vorhaben und Strategien der Kirchengemeinde zu beraten.<\/p>\n<p class=\"zw-paragraph\" data-textformat=\"{\" data-window-control-info=\"true\" data-writer-border-info=\"{\">Alle Bereiche der Gemeindearbeit wurden auf den Pr\u00fcfstand gestellt. Es kam zu intensiven Diskussionen, die am Ende der Tagung zu (einer langen Liste an) Anregungen f\u00fchrten, welche nun an das Presbyterium weitergegeben werden, und dar\u00fcber hinaus zu Entschl\u00fcssen, welche sofort ungesetzt werden k\u00f6nnen, wie zB die Bildung eines Musikteams zur Unterst\u00fctzung der Einf\u00fchrung der Liedersammlung <a href=\"https:\/\/ejw-buch.de\/wo-wir-dich-loben-plus-das-liederbuch.html\" target=\"_blank\" rel=\"noopener noreferrer\">Neue Lieder plus<\/a> im Gemeindegottesdienst.<\/p>\n<p class=\"zw-paragraph\" data-textformat=\"{\" data-window-control-info=\"true\" data-writer-border-info=\"{\"><span data-doc-id=\"603471000000382001\" data-doc-type=\"writer\">Nachdem in einer Gruppen-Arbeitsphase Schwerpunkte gesetzt worden waren, wurden diese nachmittags im Plenum diskutiert und in Beschl\u00fcsse gefasst. Zuallererst ging es nat\u00fcrlich um die gro\u00dfen Baustellen der Gemeinde &#8211; die Kita, das Jugendheim und die Kirchen-Innenraumgestaltung. Au\u00dferdem wurde angeregt, brachliegende Vereinsstrukturen zu reaktivieren, um \u00fcber den bestehenden Besuchsdienst hinaus eine funktionierende Nachbarschaftshilfe auf die Beine zu stellen. Alle Anwesenden fanden es wichtig, dass die Kirchengemeinde im kommenden Jahr, in dem auch ein neues Presbyterium gew\u00e4hlt wird, st\u00e4rker mit Aktionen in die \u00d6ffentlichkeit tritt. Dabei soll gezeigt werden, dass Kirchensteuergelder auf der Ebene unserer Gemeinde nutzbringend f\u00fcr die Menschen eingesetzt werden, und es soll f\u00fcr verst\u00e4rktes, ehrenamtliches Engagement geworben werden.<\/span><\/p>\n<p><span data-doc-id=\"603471000000382001\" data-doc-type=\"writer\">Neben diesen \u201ehochbepunkteten\u201c Anregungen gab es noch viele andere in den Bereichen \u00d6kumene, Kommunikation, Jugendarbeit, Fundraising, Zusammenarbeit mit der Stadt,<\/span> und etliches mehr.<\/p>\n","protected":false},"excerpt":{"rendered":"<p>Ein Bericht vom Klausurtag am 29.12.2019 Am 29.12. trafen sich im Jugendheim ca. 30 Engagierte der Kirchengemeinden Hornbach-Brenschelbach und Althornbach: Presbyter sowie weitere, interessierte Ehrenamtliche und Jugendmitarbeitende, um dr\u00e4ngende Probleme sowie k\u00fcnftige Vorhaben und Strategien der Kirchengemeinde zu beraten. Alle Bereiche der Gemeindearbeit wurden auf den Pr\u00fcfstand gestellt. Es kam zu intensiven Diskussionen, die am&hellip; <a class=\"more-link\" href=\"https:\/\/evk-hornbach.de\/?p=38284\"><span class=\"screen-reader-text\">Weichen f\u00fcr die Zukunft der Kirchengemeinde(n) gestellt<\/span> weiterlesen<\/a><\/p>\n","protected":false},"author":2,"featured_media":38281,"comment_status":"open","ping_status":"open","sticky":false,"template":"","format":"standard","meta":{"_uag_custom_page_level_css":"","advgb_blocks_editor_width":"","advgb_blocks_columns_visual_guide":"","episode_type":"","audio_file":"","podmotor_file_id":"","podmotor_episode_id":"","cover_image":"","cover_image_id":"","duration":"","filesize":"","filesize_raw":"","date_recorded":"","explicit":"","block":"","cybocfi_hide_featured_image":"","_jetpack_memberships_contains_paid_content":false,"footnotes":""},"categories":[34,74],"tags":[279,280,281,282,283],"series":[],"class_list":["post-38284","post","type-post","status-publish","format-standard","has-post-thumbnail","hentry","category-neuigkeiten","category-rueckblick","tag-gemeindeaufbau","tag-kirchenbezirk-2015","tag-presbyterwahlen","tag-ruesttag","tag-zukunftswerkstatt","entry"],"episode_featured_image":"https:\/\/evk-hornbach.de\/wp-content\/uploads\/2017\/12\/klausurtagung-erika800.png","episode_player_image":"https:\/\/evk-hornbach.de\/wp-content\/uploads\/2017\/12\/losungandacht2026logov3.png","download_link":"","player_link":"","audio_player":false,"episode_data":{"playerMode":"dark","subscribeUrls":{"amazon":{"key":"amazon","url":"https:\/\/music.amazon.com\/podcasts\/46f9b0a9-b2db-4d5c-b947-5f5e4228a8e4\/losungsandachten-2022","label":"Amazon","class":"amazon","icon":"amazon.png"},"apple_podcasts":{"key":"apple_podcasts","url":"https:\/\/podcasts.apple.com\/de\/podcast\/losungsandachten-2022\/id1629150905","label":"Apple Podcasts","class":"apple_podcasts","icon":"apple-podcasts.png"},"deezer":{"key":"deezer","url":"","label":"Deezer","class":"deezer","icon":"deezer.png"},"podcast_de":{"key":"podcast_de","url":"","label":"Podcast.de","class":"podcast_de","icon":"podcast-de.png"},"rss":{"key":"rss","url":"https:\/\/evk-hornbach.de\/?cat=294&feed=rss2","label":"RSS","class":"rss","icon":"rss.png"},"rssradio":{"key":"rssradio","url":"","label":"RSSRadio","class":"rssradio","icon":"rssradio.png"},"spotify":{"key":"spotify","url":"https:\/\/open.spotify.com\/show\/5kJEFM4ESjFH2n1nivrIfi","label":"Spotify","class":"spotify","icon":"spotify.png"},"tunein":{"key":"tunein","url":"","label":"TuneIn","class":"tunein","icon":"tunein.png"},"fyyd_de":{"key":"fyyd_de","url":"https:\/\/fyyd.de\/podcast\/losungsandachten-2022\/0","label":"fyyd.de","class":"fyyd_de","icon":"fyyd-de.png"}},"rssFeedUrl":"https:\/\/evk-hornbach.de\/?feed=podcast&podcast_series=losungsandachten","embedCode":"<blockquote class=\"wp-embedded-content\" data-secret=\"32bwatKsV4\"><a href=\"https:\/\/evk-hornbach.de\/?p=38284\">Weichen f\u00fcr die Zukunft der Kirchengemeinde(n) gestellt<\/a><\/blockquote><iframe sandbox=\"allow-scripts\" security=\"restricted\" src=\"https:\/\/evk-hornbach.de\/?p=38284&#038;embed=true#?secret=32bwatKsV4\" width=\"500\" height=\"350\" title=\"&#8222;Weichen f\u00fcr die Zukunft der Kirchengemeinde(n) gestellt&#8220; &#8211; Prot. Kirchengemeinde Hornbachtal mit der prot. Kirchengemeinde Rimschweiler\" data-secret=\"32bwatKsV4\" frameborder=\"0\" marginwidth=\"0\" marginheight=\"0\" scrolling=\"no\" class=\"wp-embedded-content\"><\/iframe><script>\n\/*! This file is auto-generated *\/\n!function(d,l){\"use strict\";l.querySelector&&d.addEventListener&&\"undefined\"!=typeof URL&&(d.wp=d.wp||{},d.wp.receiveEmbedMessage||(d.wp.receiveEmbedMessage=function(e){var t=e.data;if((t||t.secret||t.message||t.value)&&!\/[^a-zA-Z0-9]\/.test(t.secret)){for(var s,r,n,a=l.querySelectorAll('iframe[data-secret=\"'+t.secret+'\"]'),o=l.querySelectorAll('blockquote[data-secret=\"'+t.secret+'\"]'),c=new RegExp(\"^https?:$\",\"i\"),i=0;i<o.length;i++)o[i].style.display=\"none\";for(i=0;i<a.length;i++)s=a[i],e.source===s.contentWindow&&(s.removeAttribute(\"style\"),\"height\"===t.message?(1e3<(r=parseInt(t.value,10))?r=1e3:~~r<200&&(r=200),s.height=r):\"link\"===t.message&&(r=new URL(s.getAttribute(\"src\")),n=new URL(t.value),c.test(n.protocol))&&n.host===r.host&&l.activeElement===s&&(d.top.location.href=t.value))}},d.addEventListener(\"message\",d.wp.receiveEmbedMessage,!1),l.addEventListener(\"DOMContentLoaded\",function(){for(var e,t,s=l.querySelectorAll(\"iframe.wp-embedded-content\"),r=0;r<s.length;r++)(t=(e=s[r]).getAttribute(\"data-secret\"))||(t=Math.random().toString(36).substring(2,12),e.src+=\"#?secret=\"+t,e.setAttribute(\"data-secret\",t)),e.contentWindow.postMessage({message:\"ready\",secret:t},\"*\")},!1)))}(window,document);\n\/\/# sourceURL=https:\/\/evk-hornbach.de\/wp-includes\/js\/wp-embed.min.js\n<\/script>\n"},"author_meta":{"display_name":"Christian G\u00fcnther","author_link":"https:\/\/evk-hornbach.de\/?author=2"},"featured_img":"https:\/\/evk-hornbach.de\/wp-content\/uploads\/2017\/12\/klausurtagung-erika800-300x147.png","jetpack_featured_media_url":"https:\/\/evk-hornbach.de\/wp-content\/uploads\/2017\/12\/klausurtagung-erika800.png","uagb_featured_image_src":{"full":["https:\/\/evk-hornbach.de\/wp-content\/uploads\/2017\/12\/klausurtagung-erika800.png",800,392,false],"thumbnail":["https:\/\/evk-hornbach.de\/wp-content\/uploads\/2017\/12\/klausurtagung-erika800-150x150.png",150,150,true],"medium":["https:\/\/evk-hornbach.de\/wp-content\/uploads\/2017\/12\/klausurtagung-erika800-300x147.png",300,147,true],"medium_large":["https:\/\/evk-hornbach.de\/wp-content\/uploads\/2017\/12\/klausurtagung-erika800-768x376.png",750,367,true],"large":["https:\/\/evk-hornbach.de\/wp-content\/uploads\/2017\/12\/klausurtagung-erika800.png",750,368,false],"ug_big":["https:\/\/evk-hornbach.de\/wp-content\/uploads\/2017\/12\/klausurtagung-erika800-768x376.png",768,376,true],"1536x1536":["https:\/\/evk-hornbach.de\/wp-content\/uploads\/2017\/12\/klausurtagung-erika800.png",800,392,false],"2048x2048":["https:\/\/evk-hornbach.de\/wp-content\/uploads\/2017\/12\/klausurtagung-erika800.png",800,392,false],"post-thumbnail":["https:\/\/evk-hornbach.de\/wp-content\/uploads\/2017\/12\/klausurtagung-erika800.png",800,392,false]},"uagb_author_info":{"display_name":"Christian G\u00fcnther","author_link":"https:\/\/evk-hornbach.de\/?author=2"},"uagb_comment_info":0,"uagb_excerpt":"Ein Bericht vom Klausurtag am 29.12.2019 Am 29.12. trafen sich im Jugendheim ca. 30 Engagierte der Kirchengemeinden Hornbach-Brenschelbach und Althornbach: Presbyter sowie weitere, interessierte Ehrenamtliche und Jugendmitarbeitende, um dr\u00e4ngende Probleme sowie k\u00fcnftige Vorhaben und Strategien der Kirchengemeinde zu beraten. Alle Bereiche der Gemeindearbeit wurden auf den Pr\u00fcfstand gestellt. Es kam zu intensiven Diskussionen, die am&hellip;&hellip;","coauthors":[],"tax_additional":{"categories":{"linked":["<a href=\"https:\/\/evk-hornbach.de\/?cat=34\" class=\"advgb-post-tax-term\">Neuigkeiten<\/a>","<a href=\"https:\/\/evk-hornbach.de\/?cat=74\" class=\"advgb-post-tax-term\">R\u00fcckblick<\/a>"],"unlinked":["<span class=\"advgb-post-tax-term\">Neuigkeiten<\/span>","<span class=\"advgb-post-tax-term\">R\u00fcckblick<\/span>"]},"tags":{"linked":["<a href=\"https:\/\/evk-hornbach.de\/?cat=74\" class=\"advgb-post-tax-term\">Gemeindeaufbau<\/a>","<a href=\"https:\/\/evk-hornbach.de\/?cat=74\" class=\"advgb-post-tax-term\">Kirchenbezirk 2015<\/a>","<a href=\"https:\/\/evk-hornbach.de\/?cat=74\" class=\"advgb-post-tax-term\">Presbyterwahlen<\/a>","<a href=\"https:\/\/evk-hornbach.de\/?cat=74\" class=\"advgb-post-tax-term\">R\u00fcsttag<\/a>","<a href=\"https:\/\/evk-hornbach.de\/?cat=74\" class=\"advgb-post-tax-term\">Zukunftswerkstatt<\/a>"],"unlinked":["<span class=\"advgb-post-tax-term\">Gemeindeaufbau<\/span>","<span class=\"advgb-post-tax-term\">Kirchenbezirk 2015<\/span>","<span class=\"advgb-post-tax-term\">Presbyterwahlen<\/span>","<span class=\"advgb-post-tax-term\">R\u00fcsttag<\/span>","<span class=\"advgb-post-tax-term\">Zukunftswerkstatt<\/span>"]}},"comment_count":"0","relative_dates":{"created":"Ver\u00f6ffentlicht 6\u00a0Jahren vor","modified":"Aktualisiert 6\u00a0Jahren vor"},"absolute_dates":{"created":"Ver\u00f6ffentlicht am 31. Dezember 2019","modified":"Aktualisiert am 1. Januar 2020"},"absolute_dates_time":{"created":"Ver\u00f6ffentlicht am 31. Dezember 2019 15:59","modified":"Aktualisiert am 1. Januar 2020 19:13"},"featured_img_caption":"","series_order":"","jetpack-related-posts":[{"id":53117,"url":"https:\/\/evk-hornbach.de\/?p=53117","url_meta":{"origin":38284,"position":0},"title":"Information zur Fusion der Kirchgengemeinden zur Kirchengemeinde Hornbachtal","author":"Christian G\u00fcnther","date":"16. August 2025","format":false,"excerpt":"Liebe Gemeindemitglieder der Kirchengemeinden Althornbach und Hornbach-Brenschelbach, am 7. August 2025 haben die beiden Presbyterien unserer Kirchengemeinden jeweils einstimmig beschlossen ab dem 1. Januar 2026 zur Kirchengemeinde Hornbachtal zu fusionieren. Dies ist ein konsequenter Schritt im Rahmen einer schon seit vielen Jahren bestens funktionierenden Zusammenarbeit, die k\u00fcnftig weiter ausgebaut werden\u2026","rel":"","context":"In &quot;Aktuell&quot;","block_context":{"text":"Aktuell","link":"https:\/\/evk-hornbach.de\/?cat=379"},"img":{"alt_text":"","src":"https:\/\/i0.wp.com\/evk-hornbach.de\/wp-content\/uploads\/2025\/08\/prot-kgde-hornbachtal.png?resize=350%2C200&ssl=1","width":350,"height":200,"srcset":"https:\/\/i0.wp.com\/evk-hornbach.de\/wp-content\/uploads\/2025\/08\/prot-kgde-hornbachtal.png?resize=350%2C200&ssl=1 1x, https:\/\/i0.wp.com\/evk-hornbach.de\/wp-content\/uploads\/2025\/08\/prot-kgde-hornbachtal.png?resize=525%2C300&ssl=1 1.5x, https:\/\/i0.wp.com\/evk-hornbach.de\/wp-content\/uploads\/2025\/08\/prot-kgde-hornbachtal.png?resize=700%2C400&ssl=1 2x, https:\/\/i0.wp.com\/evk-hornbach.de\/wp-content\/uploads\/2025\/08\/prot-kgde-hornbachtal.png?resize=1050%2C600&ssl=1 3x"},"classes":[]},{"id":3594,"url":"https:\/\/evk-hornbach.de\/?p=3594","url_meta":{"origin":38284,"position":1},"title":"Stellenausschreibung    Prot. Kirchengemeinde Althornbach                    (Prot. Kindergarten &#8222;Storchennest&#8220;)","author":"Patrick Gauter","date":"1. M\u00e4rz 2019","format":false,"excerpt":"Die Prot. Kirchengemeinde Althornbach besetzt zum 01.04.2019 zwei unbefristete Stellen: 1. eine\/n Koch\/K\u00f6chin bzw. alternativ Hauswirtschafter\/in (m\/w\/d) in Teilzeit mit 20 Wochenstunden 2. eine\/n Hauswirtschafter (m\/w\/d) in Teilzeit mit 10 Wochenstunden f\u00fcr die K\u00fcche des Kindergarten \"Storchennest\" im B\u00fcrgerhaus der Gemeinde Althornbach. Ihre Aufgaben sind: a. Erstellen der Speisepl\u00e4ne mit\u2026","rel":"","context":"In \"Althornbach\"","block_context":{"text":"Althornbach","link":"https:\/\/evk-hornbach.de\/?tag=althornbach"},"img":{"alt_text":"","src":"","width":0,"height":0},"classes":[]},{"id":430,"url":"https:\/\/evk-hornbach.de\/?p=430","url_meta":{"origin":38284,"position":2},"title":"Verabschiedung von Klaus und Ellen Hoffmann am 6.11.2016","author":"Elisabeth Platz","date":"30. September 2016","format":false,"excerpt":"Wir sagen Danke und w\u00fcnschen alles Gute\u00a0f\u00fcr die Zukunft ! Am 06. November 2016 nehmen wir mit einem Gottesdienst um 14.00 Uhr in der Klosterkirche in Hornbach Abschied vom Pfarrerehepaar Hoffmann. Nach fast 3 Jahrzehnten Dienst kommt der Ruhestand, eine etwas andere Zeit als der aktive Dienst. Mit Dankbarkeit und\u2026","rel":"","context":"In &quot;Vorank\u00fcndigung&quot;","block_context":{"text":"Vorank\u00fcndigung","link":"https:\/\/evk-hornbach.de\/?cat=42"},"img":{"alt_text":"kehoffmann","src":"https:\/\/i0.wp.com\/evk-hornbach.de\/wp-content\/uploads\/2016\/09\/kehoffmann.jpg?resize=350%2C200&ssl=1","width":350,"height":200},"classes":[]},{"id":2893,"url":"https:\/\/evk-hornbach.de\/?p=2893","url_meta":{"origin":38284,"position":3},"title":"Neue Gruppen in unserer Gemeinde","author":"Christian G\u00fcnther","date":"28. September 2018","format":false,"excerpt":"Zwei neue (Projekt-)Gruppen gehen in unserer Kirchengemeinde an den Start: Eine Wandergruppe f\u00fcr Frauen und ein Bastelkreis. Adventlich-weihnachtliches Basteln mit Frau Lee-Seel Wie schon im vergangenen Jahr treffen sich in der Zeit vor Weihnachten jeden Mittwochabend diejenigen im Jugendheim, die sch\u00f6ne Dinge f\u00fcr die Advents- und Weihnachtszeit selbst herstellen m\u00f6chten.\u2026","rel":"","context":"In &quot;Frauenarbeit&quot;","block_context":{"text":"Frauenarbeit","link":"https:\/\/evk-hornbach.de\/?cat=183"},"img":{"alt_text":"","src":"https:\/\/i0.wp.com\/evk-hornbach.de\/wp-content\/uploads\/2018\/09\/arts-and-crafts-1867323_640.jpg?resize=350%2C200&ssl=1","width":350,"height":200,"srcset":"https:\/\/i0.wp.com\/evk-hornbach.de\/wp-content\/uploads\/2018\/09\/arts-and-crafts-1867323_640.jpg?resize=350%2C200&ssl=1 1x, https:\/\/i0.wp.com\/evk-hornbach.de\/wp-content\/uploads\/2018\/09\/arts-and-crafts-1867323_640.jpg?resize=525%2C300&ssl=1 1.5x"},"classes":[]},{"id":45157,"url":"https:\/\/evk-hornbach.de\/?p=45157","url_meta":{"origin":38284,"position":4},"title":"30. Benefizkonzert in der Klosterkirche, 09.09.2022, 19 Uhr","author":"Christian G\u00fcnther","date":"7. September 2022","format":false,"excerpt":"[ujicountdown id=\"countdown\" expire=\"2022\/09\/09 19:00\" hide=\"true\" rectype=\"second\"] Nikolaus Lenau: Wort und Klangzauber\u00a0\u00a0\u00a0 Judith Hoffmann, Sopran -\u00a0Nare Karoyan, Klavier Lenau-Vertonungen von Alban Berg, Fanny Hensel,\u00a0Franz Liszt, Felix Mendelssohn, Max Reger, Robert Schumann,\u00a0Richard Strauss und Hugo Wolf Veranstalterin: Protestantische Kirchengemeinde Hornbach-Brenschelbach in Kooperation mit dem Hotel Kloster Hornbach Eintritt kostenlos. Spenden erw\u00fcnscht! Prot.\u2026","rel":"","context":"\u00c4hnlicher Beitrag","block_context":{"text":"\u00c4hnlicher Beitrag","link":""},"img":{"alt_text":"","src":"https:\/\/i0.wp.com\/evk-hornbach.de\/wp-content\/uploads\/2022\/09\/hoffmann-karoyan.png?resize=350%2C200&ssl=1","width":350,"height":200,"srcset":"https:\/\/i0.wp.com\/evk-hornbach.de\/wp-content\/uploads\/2022\/09\/hoffmann-karoyan.png?resize=350%2C200&ssl=1 1x, https:\/\/i0.wp.com\/evk-hornbach.de\/wp-content\/uploads\/2022\/09\/hoffmann-karoyan.png?resize=525%2C300&ssl=1 1.5x"},"classes":[]},{"id":794,"url":"https:\/\/evk-hornbach.de\/?p=794","url_meta":{"origin":38284,"position":5},"title":"Benefizkonzert in der Klosterkirche","author":"Willi Rauch","date":"15. Dezember 2016","format":false,"excerpt":"Ca. 250 Zuh\u00f6rer besuchten die \"Festliche Chormusik im Advent\", die von den Ch\u00f6ren des Polizeichors Zweibr\u00fccken, MGV Rimschweiler und GV Hornbach am 11. Dezember 2016 (3. Advent) gebracht wurde. Es wurden teils bekannte und teils weniger bekannte Winter-, Advents- und Weihnachtslieder gesungen. Ein wohliges Kribbeln gab es schon, als Vertreter\u2026","rel":"","context":"\u00c4hnlicher Beitrag","block_context":{"text":"\u00c4hnlicher Beitrag","link":""},"img":{"alt_text":"","src":"","width":0,"height":0},"classes":[]}],"jetpack_sharing_enabled":true,"publishpress_future_action":{"enabled":false,"date":"2026-05-03 10:15:58","action":"change-status","newStatus":"draft","terms":[],"taxonomy":"category","extraData":[]},"publishpress_future_workflow_manual_trigger":{"enabledWorkflows":[]},"_links":{"self":[{"href":"https:\/\/evk-hornbach.de\/index.php?rest_route=\/wp\/v2\/posts\/38284","targetHints":{"allow":["GET"]}}],"collection":[{"href":"https:\/\/evk-hornbach.de\/index.php?rest_route=\/wp\/v2\/posts"}],"about":[{"href":"https:\/\/evk-hornbach.de\/index.php?rest_route=\/wp\/v2\/types\/post"}],"author":[{"embeddable":true,"href":"https:\/\/evk-hornbach.de\/index.php?rest_route=\/wp\/v2\/users\/2"}],"replies":[{"embeddable":true,"href":"https:\/\/evk-hornbach.de\/index.php?rest_route=%2Fwp%2Fv2%2Fcomments&post=38284"}],"version-history":[{"count":6,"href":"https:\/\/evk-hornbach.de\/index.php?rest_route=\/wp\/v2\/posts\/38284\/revisions"}],"predecessor-version":[{"id":38290,"href":"https:\/\/evk-hornbach.de\/index.php?rest_route=\/wp\/v2\/posts\/38284\/revisions\/38290"}],"wp:featuredmedia":[{"embeddable":true,"href":"https:\/\/evk-hornbach.de\/index.php?rest_route=\/wp\/v2\/media\/38281"}],"wp:attachment":[{"href":"https:\/\/evk-hornbach.de\/index.php?rest_route=%2Fwp%2Fv2%2Fmedia&parent=38284"}],"wp:term":[{"taxonomy":"category","embeddable":true,"href":"https:\/\/evk-hornbach.de\/index.php?rest_route=%2Fwp%2Fv2%2Fcategories&post=38284"},{"taxonomy":"post_tag","embeddable":true,"href":"https:\/\/evk-hornbach.de\/index.php?rest_route=%2Fwp%2Fv2%2Ftags&post=38284"},{"taxonomy":"series","embeddable":true,"href":"https:\/\/evk-hornbach.de\/index.php?rest_route=%2Fwp%2Fv2%2Fseries&post=38284"}],"curies":[{"name":"wp","href":"https:\/\/api.w.org\/{rel}","templated":true}]}}