{"id":38272,"date":"2019-12-21T19:08:24","date_gmt":"2019-12-21T18:08:24","guid":{"rendered":"https:\/\/evk-hornbach.de\/?p=38272"},"modified":"2019-12-21T22:15:55","modified_gmt":"2019-12-21T21:15:55","slug":"traue-dich-o-christenheit","status":"publish","type":"post","link":"https:\/\/evk-hornbach.de\/?p=38272","title":{"rendered":"&#8222;Traue dich, o Christenheit&#8220;"},"content":{"rendered":"<figure style=\"width: 168px\" class=\"wp-caption alignright\"><a href=\"https:\/\/www.zeit.de\/autoren\/R\/Rezo\/index\" target=\"_blank\" rel=\"noopener noreferrer\"><img loading=\"lazy\" decoding=\"async\" src=\"https:\/\/img.zeit.de\/autoren\/R\/Rezo\/rezo\/square__168x168__desktop\" alt=\"Ein Bild von Rezo\" width=\"168\" height=\"168\" \/><\/a><figcaption class=\"wp-caption-text\">Rezo (Bild ist mit seiner ZEIT-Kolumne verlinkt)<\/figcaption><\/figure>\n<p>P\u00fcnktlich zur Weihnachtszeit m\u00f6chte ich schneeballm\u00e4\u00dfig auf eine erstaunliche und auch ein wenig deprimierende Entdeckung aufmerksam machen, die <strong>Rezo<\/strong> vorgestern in seiner ZEIT-Kolumne an das Licht der \u00d6ffentlichkeit gezerrt hat.<\/p>\n<p>Wer unten auf den Button dr\u00fcckt, gelangt direkt zu Rezos Artikel:<\/p>\n<p><a href=\"https:\/\/www.zeit.de\/kultur\/2019-12\/klimawandel-kirche-klimaschutz-positionierung-bischofskonferenz-rezo\" target=\"_blank\" rel=\"noopener noreferrer\"><img loading=\"lazy\" decoding=\"async\" class=\"alignnone wp-image-38273 size-medium\" src=\"https:\/\/evk-hornbach.de\/wp-content\/uploads\/2019\/12\/klickmichbutton-152243_640-300x112.png\" alt=\"Klicke hier drauf, um zu Rezos Artikel zu kommen!\" width=\"300\" height=\"112\" srcset=\"https:\/\/evk-hornbach.de\/wp-content\/uploads\/2019\/12\/klickmichbutton-152243_640-300x112.png 300w, https:\/\/evk-hornbach.de\/wp-content\/uploads\/2019\/12\/klickmichbutton-152243_640.png 640w\" sizes=\"auto, (max-width: 300px) 100vw, 300px\" \/><\/a><\/p>\n<p>Er dachte n\u00e4mlich, dass sich die gro\u00dfen Kirchen wischiwaschim\u00e4\u00dfig zum Thema Klimaerw\u00e4rmung positioniert h\u00e4tten und stellte fest: Stimmt gar nicht. Die offiziellen Statements beider Kirchen lassen an Klarheit kaum etwas zu w\u00fcnschen \u00fcbrig. Aber: Keiner scheint diese Statements bisher zur Kenntnis genommen zu haben. Wie kann es sein, dass gro\u00dfe Institutionen (die nebenbei der zweitgr\u00f6\u00dfte Arbeitgeber Deutschlands sind) sooo unerh\u00f6rt ungeh\u00f6rt bleiben?<\/p>\n","protected":false},"excerpt":{"rendered":"<p>P\u00fcnktlich zur Weihnachtszeit m\u00f6chte ich schneeballm\u00e4\u00dfig auf eine erstaunliche und auch ein wenig deprimierende Entdeckung aufmerksam machen, die Rezo vorgestern in seiner ZEIT-Kolumne an das Licht der \u00d6ffentlichkeit gezerrt hat. Wer unten auf den Button dr\u00fcckt, gelangt direkt zu Rezos Artikel: Er dachte n\u00e4mlich, dass sich die gro\u00dfen Kirchen wischiwaschim\u00e4\u00dfig zum Thema Klimaerw\u00e4rmung positioniert h\u00e4tten&hellip; <a class=\"more-link\" href=\"https:\/\/evk-hornbach.de\/?p=38272\"><span class=\"screen-reader-text\">&#8222;Traue dich, o Christenheit&#8220;<\/span> weiterlesen<\/a><\/p>\n","protected":false},"author":2,"featured_media":0,"comment_status":"open","ping_status":"open","sticky":false,"template":"","format":"standard","meta":{"_uag_custom_page_level_css":"","advgb_blocks_editor_width":"","advgb_blocks_columns_visual_guide":"","episode_type":"","audio_file":"","podmotor_file_id":"","podmotor_episode_id":"","cover_image":"","cover_image_id":"","duration":"","filesize":"","filesize_raw":"","date_recorded":"","explicit":"","block":"","cybocfi_hide_featured_image":"","_jetpack_memberships_contains_paid_content":false,"footnotes":""},"categories":[83,86],"tags":[],"series":[],"class_list":["post-38272","post","type-post","status-publish","format-standard","hentry","category-jugendarbeit","category-traktat","entry"],"episode_featured_image":false,"episode_player_image":"https:\/\/evk-hornbach.de\/wp-content\/uploads\/2017\/12\/losungandacht2026logov3.png","download_link":"","player_link":"","audio_player":false,"episode_data":{"playerMode":"dark","subscribeUrls":{"amazon":{"key":"amazon","url":"https:\/\/music.amazon.com\/podcasts\/46f9b0a9-b2db-4d5c-b947-5f5e4228a8e4\/losungsandachten-2022","label":"Amazon","class":"amazon","icon":"amazon.png"},"apple_podcasts":{"key":"apple_podcasts","url":"https:\/\/podcasts.apple.com\/de\/podcast\/losungsandachten-2022\/id1629150905","label":"Apple Podcasts","class":"apple_podcasts","icon":"apple-podcasts.png"},"deezer":{"key":"deezer","url":"","label":"Deezer","class":"deezer","icon":"deezer.png"},"podcast_de":{"key":"podcast_de","url":"","label":"Podcast.de","class":"podcast_de","icon":"podcast-de.png"},"rss":{"key":"rss","url":"https:\/\/evk-hornbach.de\/?cat=294&feed=rss2","label":"RSS","class":"rss","icon":"rss.png"},"rssradio":{"key":"rssradio","url":"","label":"RSSRadio","class":"rssradio","icon":"rssradio.png"},"spotify":{"key":"spotify","url":"https:\/\/open.spotify.com\/show\/5kJEFM4ESjFH2n1nivrIfi","label":"Spotify","class":"spotify","icon":"spotify.png"},"tunein":{"key":"tunein","url":"","label":"TuneIn","class":"tunein","icon":"tunein.png"},"fyyd_de":{"key":"fyyd_de","url":"https:\/\/fyyd.de\/podcast\/losungsandachten-2022\/0","label":"fyyd.de","class":"fyyd_de","icon":"fyyd-de.png"}},"rssFeedUrl":"https:\/\/evk-hornbach.de\/?feed=podcast&podcast_series=losungsandachten","embedCode":"<blockquote class=\"wp-embedded-content\" data-secret=\"9K7iFD32MF\"><a href=\"https:\/\/evk-hornbach.de\/?p=38272\">&#8222;Traue dich, o Christenheit&#8220;<\/a><\/blockquote><iframe sandbox=\"allow-scripts\" security=\"restricted\" src=\"https:\/\/evk-hornbach.de\/?p=38272&#038;embed=true#?secret=9K7iFD32MF\" width=\"500\" height=\"350\" title=\"&#8222;&#8222;Traue dich, o Christenheit&#8220;&#8220; &#8211; Prot. Kirchengemeinde Hornbachtal mit der prot. Kirchengemeinde Rimschweiler\" data-secret=\"9K7iFD32MF\" frameborder=\"0\" marginwidth=\"0\" marginheight=\"0\" scrolling=\"no\" class=\"wp-embedded-content\"><\/iframe><script>\n\/*! This file is auto-generated *\/\n!function(d,l){\"use strict\";l.querySelector&&d.addEventListener&&\"undefined\"!=typeof URL&&(d.wp=d.wp||{},d.wp.receiveEmbedMessage||(d.wp.receiveEmbedMessage=function(e){var t=e.data;if((t||t.secret||t.message||t.value)&&!\/[^a-zA-Z0-9]\/.test(t.secret)){for(var s,r,n,a=l.querySelectorAll('iframe[data-secret=\"'+t.secret+'\"]'),o=l.querySelectorAll('blockquote[data-secret=\"'+t.secret+'\"]'),c=new RegExp(\"^https?:$\",\"i\"),i=0;i<o.length;i++)o[i].style.display=\"none\";for(i=0;i<a.length;i++)s=a[i],e.source===s.contentWindow&&(s.removeAttribute(\"style\"),\"height\"===t.message?(1e3<(r=parseInt(t.value,10))?r=1e3:~~r<200&&(r=200),s.height=r):\"link\"===t.message&&(r=new URL(s.getAttribute(\"src\")),n=new URL(t.value),c.test(n.protocol))&&n.host===r.host&&l.activeElement===s&&(d.top.location.href=t.value))}},d.addEventListener(\"message\",d.wp.receiveEmbedMessage,!1),l.addEventListener(\"DOMContentLoaded\",function(){for(var e,t,s=l.querySelectorAll(\"iframe.wp-embedded-content\"),r=0;r<s.length;r++)(t=(e=s[r]).getAttribute(\"data-secret\"))||(t=Math.random().toString(36).substring(2,12),e.src+=\"#?secret=\"+t,e.setAttribute(\"data-secret\",t)),e.contentWindow.postMessage({message:\"ready\",secret:t},\"*\")},!1)))}(window,document);\n\/\/# sourceURL=https:\/\/evk-hornbach.de\/wp-includes\/js\/wp-embed.min.js\n<\/script>\n"},"author_meta":{"display_name":"Christian G\u00fcnther","author_link":"https:\/\/evk-hornbach.de\/?author=2"},"featured_img":null,"jetpack_featured_media_url":"","uagb_featured_image_src":{"full":false,"thumbnail":false,"medium":false,"medium_large":false,"large":false,"ug_big":false,"1536x1536":false,"2048x2048":false,"post-thumbnail":false},"uagb_author_info":{"display_name":"Christian G\u00fcnther","author_link":"https:\/\/evk-hornbach.de\/?author=2"},"uagb_comment_info":0,"uagb_excerpt":"P\u00fcnktlich zur Weihnachtszeit m\u00f6chte ich schneeballm\u00e4\u00dfig auf eine erstaunliche und auch ein wenig deprimierende Entdeckung aufmerksam machen, die Rezo vorgestern in seiner ZEIT-Kolumne an das Licht der \u00d6ffentlichkeit gezerrt hat. Wer unten auf den Button dr\u00fcckt, gelangt direkt zu Rezos Artikel: Er dachte n\u00e4mlich, dass sich die gro\u00dfen Kirchen wischiwaschim\u00e4\u00dfig zum Thema Klimaerw\u00e4rmung positioniert h\u00e4tten&hellip;&hellip;","coauthors":[],"tax_additional":{"categories":{"linked":["<a href=\"https:\/\/evk-hornbach.de\/?cat=83\" class=\"advgb-post-tax-term\">Jugendarbeit<\/a>","<a href=\"https:\/\/evk-hornbach.de\/?cat=86\" class=\"advgb-post-tax-term\">Traktat<\/a>"],"unlinked":["<span class=\"advgb-post-tax-term\">Jugendarbeit<\/span>","<span class=\"advgb-post-tax-term\">Traktat<\/span>"]}},"comment_count":"0","relative_dates":{"created":"Ver\u00f6ffentlicht 6\u00a0Jahren vor","modified":"Aktualisiert 6\u00a0Jahren vor"},"absolute_dates":{"created":"Ver\u00f6ffentlicht am 21. Dezember 2019","modified":"Aktualisiert am 21. Dezember 2019"},"absolute_dates_time":{"created":"Ver\u00f6ffentlicht am 21. Dezember 2019 19:08","modified":"Aktualisiert am 21. Dezember 2019 22:15"},"featured_img_caption":"","series_order":"","jetpack-related-posts":[{"id":40369,"url":"https:\/\/evk-hornbach.de\/?p=40369","url_meta":{"origin":38272,"position":0},"title":"Losungsandacht f\u00fcr Montag, 07.12.2020","author":"Christian G\u00fcnther","date":"7. Dezember 2020","format":false,"excerpt":"F\u00fcr die Zeit, in der wir alle wegen der Epidemie in Isolation festsitzen, stellen wir t\u00e4glich eine 5-Minuten-Losungs-Andacht ins Netz. Text: Mely Kiyak (Berlin), Christian G\u00fcnther (Mauschbach) SprecherInnen: Ruth G\u00fcnther (Berlin), Christian G\u00fcnther Die Ansprache zum Nachlesen kann man hier herunterladen. Die ZEIT-Kolumne Lametto Mio von Mely Kiyak kann man\u2026","rel":"","context":"In &quot;Losungsandacht&quot;","block_context":{"text":"Losungsandacht","link":"https:\/\/evk-hornbach.de\/?cat=294"},"img":{"alt_text":"","src":"https:\/\/i0.wp.com\/evk-hornbach.de\/wp-content\/uploads\/2016\/07\/divider-weiss-300x1.png?resize=350%2C200&ssl=1","width":350,"height":200},"classes":[]},{"id":40176,"url":"https:\/\/evk-hornbach.de\/?p=40176","url_meta":{"origin":38272,"position":1},"title":"Losungsandacht f\u00fcr Donnerstag, 12.11.2020","author":"Christian G\u00fcnther","date":"12. November 2020","format":false,"excerpt":"F\u00fcr die Zeit, in der wir alle wegen der Epidemie in Isolation festsitzen, stellen wir t\u00e4glich eine 5-Minuten-Losungs-Andacht ins Netz. Text und Sprecher:\u00a0 Pfarrer Christian G\u00fcnther, Mauschbach Die Ansprache zum Nachlesen kann man hier herunterladen. Der Psalm 23 ist ein Lied. Aber weil es zur Zeit seiner Entstehung noch keine\u2026","rel":"","context":"In &quot;Losungsandacht&quot;","block_context":{"text":"Losungsandacht","link":"https:\/\/evk-hornbach.de\/?cat=294"},"img":{"alt_text":"Button, der auf https:\/\/youtu.be\/uvBcr4Em6CQ verlinkt","src":"https:\/\/i0.wp.com\/evk-hornbach.de\/wp-content\/uploads\/2020\/11\/Video-abspielen-button.png?resize=350%2C200&ssl=1","width":350,"height":200},"classes":[]},{"id":39476,"url":"https:\/\/evk-hornbach.de\/?p=39476","url_meta":{"origin":38272,"position":2},"title":"Losungsandacht f\u00fcr Donnerstag, 06.08.2020","author":"Christian G\u00fcnther","date":"6. August 2020","format":false,"excerpt":"F\u00fcr die Zeit, in der wir alle wegen der Epidemie eingeschr\u00e4nkt sind, stellen wir t\u00e4glich eine 5-Minuten-Losungs-Andacht ins Netz. Text und Sprecher: Pfr. Christian G\u00fcnther, Mauschbach Die Ansprache zum Nachlesen kann man hier herunterladen. Das in der Andacht zitierte Lied Und \u00fcber uns der Himmel von Theo Mackeben und Michael\u2026","rel":"","context":"In &quot;Losungsandacht&quot;","block_context":{"text":"Losungsandacht","link":"https:\/\/evk-hornbach.de\/?cat=294"},"img":{"alt_text":"","src":"https:\/\/i0.wp.com\/evk-hornbach.de\/wp-content\/uploads\/2020\/07\/godrays-800.jpg?resize=350%2C200&ssl=1","width":350,"height":200,"srcset":"https:\/\/i0.wp.com\/evk-hornbach.de\/wp-content\/uploads\/2020\/07\/godrays-800.jpg?resize=350%2C200&ssl=1 1x, https:\/\/i0.wp.com\/evk-hornbach.de\/wp-content\/uploads\/2020\/07\/godrays-800.jpg?resize=525%2C300&ssl=1 1.5x, https:\/\/i0.wp.com\/evk-hornbach.de\/wp-content\/uploads\/2020\/07\/godrays-800.jpg?resize=700%2C400&ssl=1 2x"},"classes":[]},{"id":51274,"url":"https:\/\/evk-hornbach.de\/?p=51274","url_meta":{"origin":38272,"position":3},"title":"O Heiland, rei\u00df die Himmel auf, Teil I","author":"Christian G\u00fcnther","date":"1. Dezember 2024","format":false,"excerpt":"https:\/\/youtu.be\/EOStjpcsEWs Ein klassisches Chor-Arrangement Eigentlich sollte dies, \u00e4hnlich wie im letzten Jahr im Advent, ein vorweihnachtliches Schmankerl geben, doch aus Gr\u00fcnden wollte beim Redakteur nicht so recht eine schmanklerische Stimmung aufkommen. Kriege und Kriegsdrohungen verd\u00fcstern den Advent, und der musikalische Beitrag, welcher in jeder Adventswoche in einer Variation vorgestellt wird,\u2026","rel":"","context":"In &quot;Traktat&quot;","block_context":{"text":"Traktat","link":"https:\/\/evk-hornbach.de\/?cat=86"},"img":{"alt_text":"","src":"https:\/\/i0.wp.com\/evk-hornbach.de\/wp-content\/uploads\/2024\/11\/2024-11-23-12.30.03-pixabay.com-fe5e448741fa.png?resize=350%2C200&ssl=1","width":350,"height":200,"srcset":"https:\/\/i0.wp.com\/evk-hornbach.de\/wp-content\/uploads\/2024\/11\/2024-11-23-12.30.03-pixabay.com-fe5e448741fa.png?resize=350%2C200&ssl=1 1x, https:\/\/i0.wp.com\/evk-hornbach.de\/wp-content\/uploads\/2024\/11\/2024-11-23-12.30.03-pixabay.com-fe5e448741fa.png?resize=525%2C300&ssl=1 1.5x, https:\/\/i0.wp.com\/evk-hornbach.de\/wp-content\/uploads\/2024\/11\/2024-11-23-12.30.03-pixabay.com-fe5e448741fa.png?resize=700%2C400&ssl=1 2x"},"classes":[]},{"id":19884,"url":"https:\/\/evk-hornbach.de\/?p=19884","url_meta":{"origin":38272,"position":4},"title":"Jakobswege: Ein Abend in der Hornbacher M\u00e4nnerrunde","author":"Christian G\u00fcnther","date":"4. April 2019","format":"aside","excerpt":"Am 21. M\u00e4rz war Heinz Burkhardt, Sprecher der Regionalgruppe Pirminiusland-S\u00fcdwestpfalz der St. Jakobus-Gesellschaft Rheinland-Pfalz\/Saarland als Referent zu Gast in der Hornbacher M\u00e4nnerrunde und gab den Anwesenden einen facettenreichen Einblick in das zur Zeit lebendige Jakobspilgerwesen auch gerade bei uns. Wir erfuhren, dass die Jakobspilgerei etwa zu der Zeit begann, als\u2026","rel":"","context":"\u00c4hnlicher Beitrag","block_context":{"text":"\u00c4hnlicher Beitrag","link":""},"img":{"alt_text":"","src":"https:\/\/i0.wp.com\/evk-hornbach.de\/wp-content\/uploads\/2019\/04\/image.jpg?resize=350%2C200&ssl=1","width":350,"height":200,"srcset":"https:\/\/i0.wp.com\/evk-hornbach.de\/wp-content\/uploads\/2019\/04\/image.jpg?resize=350%2C200&ssl=1 1x, https:\/\/i0.wp.com\/evk-hornbach.de\/wp-content\/uploads\/2019\/04\/image.jpg?resize=525%2C300&ssl=1 1.5x, https:\/\/i0.wp.com\/evk-hornbach.de\/wp-content\/uploads\/2019\/04\/image.jpg?resize=700%2C400&ssl=1 2x"},"classes":[]},{"id":39742,"url":"https:\/\/evk-hornbach.de\/?p=39742","url_meta":{"origin":38272,"position":5},"title":"Losungsandacht f\u00fcr Mittwoch, 09.09.2020","author":"Christian G\u00fcnther","date":"9. September 2020","format":false,"excerpt":"F\u00fcr die Zeit, in der wir alle wegen der Epidemie in Isolation festsitzen, stellen wir t\u00e4glich eine 5-Minuten-Losungs-Andacht ins Netz. Text und Sprecher: Pfr. Christian G\u00fcnther, Mauschbach Die Ansprache zum Nachlesen kann man hier herunterladen. https:\/\/youtu.be\/I1Hbht4iNQg Eine Rekonstruktion von Babylon zur Zeit des babylonischen Exils der Israeliten. Viele Nachkommen der\u2026","rel":"","context":"In &quot;Losungsandacht&quot;","block_context":{"text":"Losungsandacht","link":"https:\/\/evk-hornbach.de\/?cat=294"},"img":{"alt_text":"","src":"https:\/\/i0.wp.com\/evk-hornbach.de\/wp-content\/uploads\/2016\/07\/divider-weiss-300x1.png?resize=350%2C200&ssl=1","width":350,"height":200},"classes":[]}],"jetpack_sharing_enabled":true,"publishpress_future_action":{"enabled":false,"date":"2026-05-03 10:13:37","action":"change-status","newStatus":"draft","terms":[],"taxonomy":"category","extraData":[]},"publishpress_future_workflow_manual_trigger":{"enabledWorkflows":[]},"_links":{"self":[{"href":"https:\/\/evk-hornbach.de\/index.php?rest_route=\/wp\/v2\/posts\/38272","targetHints":{"allow":["GET"]}}],"collection":[{"href":"https:\/\/evk-hornbach.de\/index.php?rest_route=\/wp\/v2\/posts"}],"about":[{"href":"https:\/\/evk-hornbach.de\/index.php?rest_route=\/wp\/v2\/types\/post"}],"author":[{"embeddable":true,"href":"https:\/\/evk-hornbach.de\/index.php?rest_route=\/wp\/v2\/users\/2"}],"replies":[{"embeddable":true,"href":"https:\/\/evk-hornbach.de\/index.php?rest_route=%2Fwp%2Fv2%2Fcomments&post=38272"}],"version-history":[{"count":2,"href":"https:\/\/evk-hornbach.de\/index.php?rest_route=\/wp\/v2\/posts\/38272\/revisions"}],"predecessor-version":[{"id":38275,"href":"https:\/\/evk-hornbach.de\/index.php?rest_route=\/wp\/v2\/posts\/38272\/revisions\/38275"}],"wp:attachment":[{"href":"https:\/\/evk-hornbach.de\/index.php?rest_route=%2Fwp%2Fv2%2Fmedia&parent=38272"}],"wp:term":[{"taxonomy":"category","embeddable":true,"href":"https:\/\/evk-hornbach.de\/index.php?rest_route=%2Fwp%2Fv2%2Fcategories&post=38272"},{"taxonomy":"post_tag","embeddable":true,"href":"https:\/\/evk-hornbach.de\/index.php?rest_route=%2Fwp%2Fv2%2Ftags&post=38272"},{"taxonomy":"series","embeddable":true,"href":"https:\/\/evk-hornbach.de\/index.php?rest_route=%2Fwp%2Fv2%2Fseries&post=38272"}],"curies":[{"name":"wp","href":"https:\/\/api.w.org\/{rel}","templated":true}]}}