{"id":38037,"date":"2019-09-12T17:39:00","date_gmt":"2019-09-12T15:39:00","guid":{"rendered":"https:\/\/evk-hornbach.de\/?p=38037"},"modified":"2019-09-12T17:39:00","modified_gmt":"2019-09-12T15:39:00","slug":"6-benefizkonzert","status":"publish","type":"post","link":"https:\/\/evk-hornbach.de\/?p=38037","title":{"rendered":"6. Benefizkonzert"},"content":{"rendered":"<h2 style=\"text-align: center;\"><span style=\"color: #ff0000;\"><strong>in der Klosterkirche Hornbach<\/strong><\/span><br \/>\nam Freitag, 20. September 2019, 18 Uhr<\/h2>\n<p><img loading=\"lazy\" decoding=\"async\" class=\"size-full wp-image-38038\" src=\"https:\/\/evk-hornbach.de\/wp-content\/uploads\/2019\/09\/foto-layes-fl\u00fcgel-sw700.jpg\" alt=\"\" width=\"700\" height=\"746\" srcset=\"https:\/\/evk-hornbach.de\/wp-content\/uploads\/2019\/09\/foto-layes-fl\u00fcgel-sw700.jpg 700w, https:\/\/evk-hornbach.de\/wp-content\/uploads\/2019\/09\/foto-layes-fl\u00fcgel-sw700-282x300.jpg 282w\" sizes=\"auto, (max-width: 700px) 100vw, 700px\" \/><\/p>\n<h2 style=\"text-align: center;\">mit Thomas Layes <strong>(Klavier)<\/strong><\/h2>\n<p class=\"western\" align=\"center\"><span style=\"font-size: large;\"><b>Pr\u00e4ludien und Fugen aus dem<br \/>\n<\/b><\/span><span style=\"font-size: x-large;\"><b>Wohltemperierten Klavier Teil 2<\/b><\/span><\/p>\n<p class=\"western\" align=\"center\"><span style=\"font-size: large;\"><b>von Johann Sebastian Bach<\/b><\/span><\/p>\n<hr \/>\n<h4 class=\"western\"><b>Weitere Veranstaltungen:<\/b><\/h4>\n<ul style=\"list-style-type: circle;\">\n<li class=\"western\"><b>Freitagsandachten in der Klosterkirche: Wort und Klang \u2013 Mensch und Gott<br \/>\n<\/b>Eine halbe Stunde Musik und Gebet ab 18.30 Uhr .<\/li>\n<li class=\"western\"><b>26. Oktober 19 Uhr: 7. Benefizkonzert in der Klosterkirche<br \/>\n<\/b>mit Daniel Bollinger (Klarinette),<br \/>\nFil Liotis (Klavier) und<br \/>\nNina Reddig (Violine)<br \/>\nWerke u.a. von R. Schumann, F. Chopin, M. Weinberg und H. Wieniawski.<br \/>\nDiese Veranstaltung ist eine Kooperation mit dem Verein \u201eBegegnungen auf der Grenze\u201c und der Deutsch-Polnischen Gesellschaft Saar.<br \/>\n<span style=\"font-size: small;\"><b>Eintritt kostenlos, finanzielle Zuwendungen willkommen.<\/b><\/span><\/li>\n<\/ul>\n","protected":false},"excerpt":{"rendered":"<p>in der Klosterkirche Hornbach am Freitag, 20. September 2019, 18 Uhr mit Thomas Layes (Klavier) Pr\u00e4ludien und Fugen aus dem Wohltemperierten Klavier Teil 2 von Johann Sebastian Bach Weitere Veranstaltungen: Freitagsandachten in der Klosterkirche: Wort und Klang \u2013 Mensch und Gott Eine halbe Stunde Musik und Gebet ab 18.30 Uhr . 26. Oktober 19 Uhr:&hellip; <a class=\"more-link\" href=\"https:\/\/evk-hornbach.de\/?p=38037\"><span class=\"screen-reader-text\">6. Benefizkonzert<\/span> weiterlesen<\/a><\/p>\n","protected":false},"author":2,"featured_media":0,"comment_status":"open","ping_status":"open","sticky":false,"template":"","format":"standard","meta":{"_uag_custom_page_level_css":"","advgb_blocks_editor_width":"","advgb_blocks_columns_visual_guide":"","episode_type":"","audio_file":"","podmotor_file_id":"","podmotor_episode_id":"","cover_image":"","cover_image_id":"","duration":"","filesize":"","filesize_raw":"","date_recorded":"","explicit":"","block":"","cybocfi_hide_featured_image":"","_jetpack_memberships_contains_paid_content":false,"footnotes":""},"categories":[59,252,1],"tags":[],"series":[],"class_list":["post-38037","post","type-post","status-publish","format-standard","hentry","category-event","category-konzert","category-uncategorized","entry"],"episode_featured_image":false,"episode_player_image":"https:\/\/evk-hornbach.de\/wp-content\/uploads\/2017\/12\/losungandacht2026logov3.png","download_link":"","player_link":"","audio_player":false,"episode_data":{"playerMode":"dark","subscribeUrls":{"amazon":{"key":"amazon","url":"https:\/\/music.amazon.com\/podcasts\/46f9b0a9-b2db-4d5c-b947-5f5e4228a8e4\/losungsandachten-2022","label":"Amazon","class":"amazon","icon":"amazon.png"},"apple_podcasts":{"key":"apple_podcasts","url":"https:\/\/podcasts.apple.com\/de\/podcast\/losungsandachten-2022\/id1629150905","label":"Apple Podcasts","class":"apple_podcasts","icon":"apple-podcasts.png"},"deezer":{"key":"deezer","url":"","label":"Deezer","class":"deezer","icon":"deezer.png"},"podcast_de":{"key":"podcast_de","url":"","label":"Podcast.de","class":"podcast_de","icon":"podcast-de.png"},"rss":{"key":"rss","url":"https:\/\/evk-hornbach.de\/?cat=294&feed=rss2","label":"RSS","class":"rss","icon":"rss.png"},"rssradio":{"key":"rssradio","url":"","label":"RSSRadio","class":"rssradio","icon":"rssradio.png"},"spotify":{"key":"spotify","url":"https:\/\/open.spotify.com\/show\/5kJEFM4ESjFH2n1nivrIfi","label":"Spotify","class":"spotify","icon":"spotify.png"},"tunein":{"key":"tunein","url":"","label":"TuneIn","class":"tunein","icon":"tunein.png"},"fyyd_de":{"key":"fyyd_de","url":"https:\/\/fyyd.de\/podcast\/losungsandachten-2022\/0","label":"fyyd.de","class":"fyyd_de","icon":"fyyd-de.png"}},"rssFeedUrl":"https:\/\/evk-hornbach.de\/?feed=podcast&podcast_series=losungsandachten","embedCode":"<blockquote class=\"wp-embedded-content\" data-secret=\"he1lrqDwjF\"><a href=\"https:\/\/evk-hornbach.de\/?p=38037\">6. Benefizkonzert<\/a><\/blockquote><iframe sandbox=\"allow-scripts\" security=\"restricted\" src=\"https:\/\/evk-hornbach.de\/?p=38037&#038;embed=true#?secret=he1lrqDwjF\" width=\"500\" height=\"350\" title=\"&#8222;6. Benefizkonzert&#8220; &#8211; Prot. Kirchengemeinde Hornbachtal mit der prot. Kirchengemeinde Rimschweiler\" data-secret=\"he1lrqDwjF\" frameborder=\"0\" marginwidth=\"0\" marginheight=\"0\" scrolling=\"no\" class=\"wp-embedded-content\"><\/iframe><script>\n\/*! This file is auto-generated *\/\n!function(d,l){\"use strict\";l.querySelector&&d.addEventListener&&\"undefined\"!=typeof URL&&(d.wp=d.wp||{},d.wp.receiveEmbedMessage||(d.wp.receiveEmbedMessage=function(e){var t=e.data;if((t||t.secret||t.message||t.value)&&!\/[^a-zA-Z0-9]\/.test(t.secret)){for(var s,r,n,a=l.querySelectorAll('iframe[data-secret=\"'+t.secret+'\"]'),o=l.querySelectorAll('blockquote[data-secret=\"'+t.secret+'\"]'),c=new RegExp(\"^https?:$\",\"i\"),i=0;i<o.length;i++)o[i].style.display=\"none\";for(i=0;i<a.length;i++)s=a[i],e.source===s.contentWindow&&(s.removeAttribute(\"style\"),\"height\"===t.message?(1e3<(r=parseInt(t.value,10))?r=1e3:~~r<200&&(r=200),s.height=r):\"link\"===t.message&&(r=new URL(s.getAttribute(\"src\")),n=new URL(t.value),c.test(n.protocol))&&n.host===r.host&&l.activeElement===s&&(d.top.location.href=t.value))}},d.addEventListener(\"message\",d.wp.receiveEmbedMessage,!1),l.addEventListener(\"DOMContentLoaded\",function(){for(var e,t,s=l.querySelectorAll(\"iframe.wp-embedded-content\"),r=0;r<s.length;r++)(t=(e=s[r]).getAttribute(\"data-secret\"))||(t=Math.random().toString(36).substring(2,12),e.src+=\"#?secret=\"+t,e.setAttribute(\"data-secret\",t)),e.contentWindow.postMessage({message:\"ready\",secret:t},\"*\")},!1)))}(window,document);\n\/\/# sourceURL=https:\/\/evk-hornbach.de\/wp-includes\/js\/wp-embed.min.js\n<\/script>\n"},"author_meta":{"display_name":"Christian G\u00fcnther","author_link":"https:\/\/evk-hornbach.de\/?author=2"},"featured_img":null,"jetpack_featured_media_url":"","uagb_featured_image_src":{"full":false,"thumbnail":false,"medium":false,"medium_large":false,"large":false,"ug_big":false,"1536x1536":false,"2048x2048":false,"post-thumbnail":false},"uagb_author_info":{"display_name":"Christian G\u00fcnther","author_link":"https:\/\/evk-hornbach.de\/?author=2"},"uagb_comment_info":0,"uagb_excerpt":"in der Klosterkirche Hornbach am Freitag, 20. September 2019, 18 Uhr mit Thomas Layes (Klavier) Pr\u00e4ludien und Fugen aus dem Wohltemperierten Klavier Teil 2 von Johann Sebastian Bach Weitere Veranstaltungen: Freitagsandachten in der Klosterkirche: Wort und Klang \u2013 Mensch und Gott Eine halbe Stunde Musik und Gebet ab 18.30 Uhr . 26. Oktober 19 Uhr:&hellip;&hellip;","coauthors":[],"tax_additional":{"categories":{"linked":["<a href=\"https:\/\/evk-hornbach.de\/?cat=59\" class=\"advgb-post-tax-term\">Event<\/a>","<a href=\"https:\/\/evk-hornbach.de\/?cat=252\" class=\"advgb-post-tax-term\">Konzert<\/a>","<a href=\"https:\/\/evk-hornbach.de\/?cat=1\" class=\"advgb-post-tax-term\">Uncategorized<\/a>"],"unlinked":["<span class=\"advgb-post-tax-term\">Event<\/span>","<span class=\"advgb-post-tax-term\">Konzert<\/span>","<span class=\"advgb-post-tax-term\">Uncategorized<\/span>"]}},"comment_count":"0","relative_dates":{"created":"Ver\u00f6ffentlicht 7\u00a0Jahren vor","modified":"Aktualisiert 7\u00a0Jahren vor"},"absolute_dates":{"created":"Ver\u00f6ffentlicht am 12. September 2019","modified":"Aktualisiert am 12. September 2019"},"absolute_dates_time":{"created":"Ver\u00f6ffentlicht am 12. September 2019 17:39","modified":"Aktualisiert am 12. September 2019 17:39"},"featured_img_caption":"","series_order":"","jetpack-related-posts":[{"id":43484,"url":"https:\/\/evk-hornbach.de\/?p=43484","url_meta":{"origin":38037,"position":0},"title":"23. Benefizkonzert in der Klosterkirche am Samstag, 5. Februar, 19 Uhr","author":"Christian G\u00fcnther","date":"29. Januar 2022","format":false,"excerpt":"\u201eNun schein, du Glanz der Herrlichkeit\u201c mit Bezirkskantor Helge Schulz und Ensemble Werke u.a. von Leonhard Lechner, Heinrich Sch\u00fctz, Charles Villiers Stanford und Bob Chilcott Der Eintritt zu den Konzertreihen ist kostenlos. Wegen der Corona-Bedingungen wird um Anmeldung gebeten. Es gilt die 2G+-Regel. Bitte bringen Sie Ihren Impf- bzw. Genesungsnachweis,\u00a0einen\u2026","rel":"","context":"In &quot;Event&quot;","block_context":{"text":"Event","link":"https:\/\/evk-hornbach.de\/?cat=59"},"img":{"alt_text":"Fl\u00fcgel, Klavier, Fluegel","src":"https:\/\/i0.wp.com\/evk-hornbach.de\/wp-content\/uploads\/2019\/03\/Konzertreihe-Seel-Kern-mit-Anmerkungen.png?resize=350%2C200&ssl=1","width":350,"height":200,"srcset":"https:\/\/i0.wp.com\/evk-hornbach.de\/wp-content\/uploads\/2019\/03\/Konzertreihe-Seel-Kern-mit-Anmerkungen.png?resize=350%2C200&ssl=1 1x, https:\/\/i0.wp.com\/evk-hornbach.de\/wp-content\/uploads\/2019\/03\/Konzertreihe-Seel-Kern-mit-Anmerkungen.png?resize=525%2C300&ssl=1 1.5x"},"classes":[]},{"id":48773,"url":"https:\/\/evk-hornbach.de\/?p=48773","url_meta":{"origin":38037,"position":1},"title":"38. Benefizkonzert mit Daniel Seel &#8211; REPRISE","author":"Christian G\u00fcnther","date":"5. Januar 2024","format":false,"excerpt":"Am Samstag, 6.1.2024, 18 Uhr in der Klosterkirche Hornbach Das Benefizkonzert wird live im Internet \u00fcbertragen. Klicken Sie unten auf das Bild, wenn Sie das Benefizkonzert direkt auf YouTube ansehen wollen. Die Wiedergabe startet genau zum Konzertbeginn. [ujicountdown id=\"countdown\" expire=\"2023\/01\/06 18:00\" hide=\"true\" rectype=\"second\"] \u00a0","rel":"","context":"In &quot;Benefizkonzert&quot;","block_context":{"text":"Benefizkonzert","link":"https:\/\/evk-hornbach.de\/?cat=347"},"img":{"alt_text":"Fl\u00fcgel, Klavier, Fluegel","src":"https:\/\/i0.wp.com\/evk-hornbach.de\/wp-content\/uploads\/2019\/03\/Konzertreihe-Seel-Kern-mit-Anmerkungen.png?resize=350%2C200&ssl=1","width":350,"height":200},"classes":[]},{"id":46614,"url":"https:\/\/evk-hornbach.de\/?p=46614","url_meta":{"origin":38037,"position":2},"title":"34. Benefizkonzert am 31.3.2023","author":"Christian G\u00fcnther","date":"18. M\u00e4rz 2023","format":false,"excerpt":"in der Klosterkirche Hornbach, 19 Uhr Der Januskopf Beethoven mit Oliver Kern am Fl\u00fcgel \u00a0 [ujicountdown id=\"countdown\" expire=\"2023\/03\/31 19:00\" hide=\"true\" rectype=\"second\"]","rel":"","context":"In &quot;Konzert&quot;","block_context":{"text":"Konzert","link":"https:\/\/evk-hornbach.de\/?cat=252"},"img":{"alt_text":"Fl\u00fcgel, Klavier, Fluegel","src":"https:\/\/i0.wp.com\/evk-hornbach.de\/wp-content\/uploads\/2019\/03\/Konzertreihe-Seel-Kern-mit-Anmerkungen.png?resize=350%2C200&ssl=1","width":350,"height":200},"classes":[]},{"id":1432,"url":"https:\/\/evk-hornbach.de\/?p=1432","url_meta":{"origin":38037,"position":3},"title":"Vorank\u00fcndigung: Benefizkonzert des Kammerchores Opus 9","author":"Christian G\u00fcnther","date":"27. Juni 2017","format":"aside","excerpt":"... am Sonntag, dem 16. Juli um 17 Uhr in der Klosterkirche Hornbach In der Klosterkirche Hornbach findet am Sonntag, dem 16. Juli, 17 Uhr, ein Benefizkonzert zugunsten der Orgel statt. Das Programm bietet Chor- und Orgelmusik des 19. und 20. Jahrhunderts, u.a. von Felix Mendelssohn Bartholdy, Antonin Dvor\u00e1k und\u2026","rel":"","context":"In &quot;Event&quot;","block_context":{"text":"Event","link":"https:\/\/evk-hornbach.de\/?cat=59"},"img":{"alt_text":"","src":"https:\/\/i0.wp.com\/evk-hornbach.de\/wp-content\/uploads\/2017\/06\/opus9-1024x451.jpg?resize=350%2C200&ssl=1","width":350,"height":200,"srcset":"https:\/\/i0.wp.com\/evk-hornbach.de\/wp-content\/uploads\/2017\/06\/opus9-1024x451.jpg?resize=350%2C200&ssl=1 1x, https:\/\/i0.wp.com\/evk-hornbach.de\/wp-content\/uploads\/2017\/06\/opus9-1024x451.jpg?resize=525%2C300&ssl=1 1.5x, https:\/\/i0.wp.com\/evk-hornbach.de\/wp-content\/uploads\/2017\/06\/opus9-1024x451.jpg?resize=700%2C400&ssl=1 2x"},"classes":[]},{"id":42846,"url":"https:\/\/evk-hornbach.de\/?p=42846","url_meta":{"origin":38037,"position":4},"title":"19. Benefizkonzert mit Sylviane Calcagno","author":"Patrick Gauter","date":"30. Oktober 2021","format":false,"excerpt":"[ujicountdown id=\"bigdate\" expire=\"2021\/10\/30 19:00\" hide=\"true\" url=\"\" subscr=\"undefined\" recurring=\"\" rectype=\"second\" repeats=\"\"] 30. Oktober 2021, 19 Uhr, in der Klosterkirche Hornbach Klicken Sie auf das untere Bild, wenn Sie den Konzert direkt auf YouTube ansehen wollen. Die Wiedergabe startet genau zum Konzertbeginn. Sylviane Calcagno (Klavier) spielt Werke von Xaver Scharwenka (1850-1924), Sergej\u2026","rel":"","context":"In &quot;Event&quot;","block_context":{"text":"Event","link":"https:\/\/evk-hornbach.de\/?cat=59"},"img":{"alt_text":"","src":"https:\/\/i0.wp.com\/evk-hornbach.de\/wp-content\/uploads\/2021\/10\/thumbnail_30102021mpb_ben19-1024x576.png?resize=350%2C200&ssl=1","width":350,"height":200,"srcset":"https:\/\/i0.wp.com\/evk-hornbach.de\/wp-content\/uploads\/2021\/10\/thumbnail_30102021mpb_ben19-1024x576.png?resize=350%2C200&ssl=1 1x, https:\/\/i0.wp.com\/evk-hornbach.de\/wp-content\/uploads\/2021\/10\/thumbnail_30102021mpb_ben19-1024x576.png?resize=525%2C300&ssl=1 1.5x, https:\/\/i0.wp.com\/evk-hornbach.de\/wp-content\/uploads\/2021\/10\/thumbnail_30102021mpb_ben19-1024x576.png?resize=700%2C400&ssl=1 2x"},"classes":[]},{"id":38347,"url":"https:\/\/evk-hornbach.de\/?p=38347","url_meta":{"origin":38037,"position":5},"title":"Wort und Klang &#8211; Mensch und Gott","author":"Christian G\u00fcnther","date":"25. Februar 2020","format":false,"excerpt":"Andacht am 28. Februar 2020, 18:30 bis 19:00 Uhr in der Klosterkirche zu Hornbach mit Robert L\u00fcttge, Liturgie und Daniel Seel, Klavier Mu\u00dfe Claude Debussy aus: Pr\u00e9ludes, Premier Livre (1910) Eintritt frei \u2013 Spenden erw\u00fcnscht Veranstalter: Protestantische Kirchengemeinde Hornbach in Kooperation mit dem Hotel Kloster Hornbach","rel":"","context":"In &quot;Event&quot;","block_context":{"text":"Event","link":"https:\/\/evk-hornbach.de\/?cat=59"},"img":{"alt_text":"","src":"https:\/\/i0.wp.com\/evk-hornbach.de\/wp-content\/uploads\/2020\/02\/guitar-1583480_640.jpg?resize=350%2C200&ssl=1","width":350,"height":200,"srcset":"https:\/\/i0.wp.com\/evk-hornbach.de\/wp-content\/uploads\/2020\/02\/guitar-1583480_640.jpg?resize=350%2C200&ssl=1 1x, https:\/\/i0.wp.com\/evk-hornbach.de\/wp-content\/uploads\/2020\/02\/guitar-1583480_640.jpg?resize=525%2C300&ssl=1 1.5x"},"classes":[]}],"jetpack_sharing_enabled":true,"publishpress_future_action":{"enabled":false,"date":"2026-05-06 22:02:10","action":"change-status","newStatus":"draft","terms":[],"taxonomy":"category","extraData":[]},"publishpress_future_workflow_manual_trigger":{"enabledWorkflows":[]},"_links":{"self":[{"href":"https:\/\/evk-hornbach.de\/index.php?rest_route=\/wp\/v2\/posts\/38037","targetHints":{"allow":["GET"]}}],"collection":[{"href":"https:\/\/evk-hornbach.de\/index.php?rest_route=\/wp\/v2\/posts"}],"about":[{"href":"https:\/\/evk-hornbach.de\/index.php?rest_route=\/wp\/v2\/types\/post"}],"author":[{"embeddable":true,"href":"https:\/\/evk-hornbach.de\/index.php?rest_route=\/wp\/v2\/users\/2"}],"replies":[{"embeddable":true,"href":"https:\/\/evk-hornbach.de\/index.php?rest_route=%2Fwp%2Fv2%2Fcomments&post=38037"}],"version-history":[{"count":1,"href":"https:\/\/evk-hornbach.de\/index.php?rest_route=\/wp\/v2\/posts\/38037\/revisions"}],"predecessor-version":[{"id":38039,"href":"https:\/\/evk-hornbach.de\/index.php?rest_route=\/wp\/v2\/posts\/38037\/revisions\/38039"}],"wp:attachment":[{"href":"https:\/\/evk-hornbach.de\/index.php?rest_route=%2Fwp%2Fv2%2Fmedia&parent=38037"}],"wp:term":[{"taxonomy":"category","embeddable":true,"href":"https:\/\/evk-hornbach.de\/index.php?rest_route=%2Fwp%2Fv2%2Fcategories&post=38037"},{"taxonomy":"post_tag","embeddable":true,"href":"https:\/\/evk-hornbach.de\/index.php?rest_route=%2Fwp%2Fv2%2Ftags&post=38037"},{"taxonomy":"series","embeddable":true,"href":"https:\/\/evk-hornbach.de\/index.php?rest_route=%2Fwp%2Fv2%2Fseries&post=38037"}],"curies":[{"name":"wp","href":"https:\/\/api.w.org\/{rel}","templated":true}]}}