{"id":3262,"date":"2019-01-10T16:39:21","date_gmt":"2019-01-10T15:39:21","guid":{"rendered":"https:\/\/evk-hornbach.de\/?p=3262"},"modified":"2018-12-15T23:48:17","modified_gmt":"2018-12-15T22:48:17","slug":"glaubenskurs-fuer-suchende-zweifler-neugierige","status":"publish","type":"post","link":"https:\/\/evk-hornbach.de\/?p=3262","title":{"rendered":"Glaubenskurs f\u00fcr Suchende, Zweifler, Neugierige &#8230;"},"content":{"rendered":"\n<figure class=\"wp-block-image\"><img decoding=\"async\" src=\"https:\/\/static1.squarespace.com\/static\/5880aaaa3a0411f1e5c9997b\/t\/58822ed0b3db2be5fc259a37\/1484926683853\/1.+Compass+banner+with+fade.jpg?format=2500w\" alt=\"\"\/><\/figure>\n\n\n\n<p><strong>Beginn: Dienstag, 29.1.2019, 19:30 Uhr im Jugendheim in Hornbach.<\/strong><br><strong>Danach dienstags, 19:30 Uhr.<\/strong><\/p>\n\n\n\n<p>Alle, die sich (wieder) neu mit den Kernthemen gelingenden Lebens und des christlichen Glaubens auseinandersetzen m\u00f6chten, k\u00f6nnen dies in gem\u00fctlicher Athmosph\u00e4re tun.<\/p>\n\n\n\n<p>Es werden Fragen behandelt wie<\/p>\n\n\n\n<ul class=\"wp-block-list\"><li>Hat mein Leben eine Bedeutung?<\/li><li>Macht Glaube gl\u00fccklich?<\/li><li>Was kann mir Gewissheit geben?<\/li><li>Gibt es Gott?<\/li><li>(Wie) f\u00fchrt uns Gott?<\/li><\/ul>\n\n\n\n<p>Weitere Informationen erhalten Sie, wenn Sie sich per Mail an die beiden Moderatoren des Kurses, <a href=\"mailto:Matthias.Schmitt@bistum-speyer.de\"><strong>Kaplan Matthias Schmitt<\/strong><\/a> bzw. <strong><a href=\"mailto:pfarramt@evk- hornbach.de\">Pfr. Daniel Seel<\/a><\/strong> wenden.\u00a0<br>Mehr zum Konzept dieses &#8222;Alpha&#8220;-Kurses finden Sie <strong><a href=\"https:\/\/alphakurs.de\/about\" target=\"_blank\" rel=\"noreferrer noopener\" aria-label=\"Weitere Informationen erhalten Sie, wenn Sie sich per Mail an die beiden Moderatoren des Kurses, Kaplan Matthias Schmitt bzw. Pfr. Daniel Seel wenden.\u00a0\nMehr zum Konzept dieses &quot;Alpha&quot;-Kurses finden Sie hier. (\u00f6ffnet in neuem Tab)\">hier<\/a><\/strong>.<\/p>\n","protected":false},"excerpt":{"rendered":"<p>Beginn: Dienstag, 29.1.2019, 19:30 Uhr im Jugendheim in Hornbach.Danach dienstags, 19:30 Uhr. Alle, die sich (wieder) neu mit den Kernthemen gelingenden Lebens und des christlichen Glaubens auseinandersetzen m\u00f6chten, k\u00f6nnen dies in gem\u00fctlicher Athmosph\u00e4re tun. Es werden Fragen behandelt wie Hat mein Leben eine Bedeutung? Macht Glaube gl\u00fccklich? Was kann mir Gewissheit geben? Gibt es Gott?&hellip; <a class=\"more-link\" href=\"https:\/\/evk-hornbach.de\/?p=3262\"><span class=\"screen-reader-text\">Glaubenskurs f\u00fcr Suchende, Zweifler, Neugierige &#8230;<\/span> weiterlesen<\/a><\/p>\n","protected":false},"author":2,"featured_media":0,"comment_status":"open","ping_status":"open","sticky":false,"template":"","format":"standard","meta":{"_uag_custom_page_level_css":"","advgb_blocks_editor_width":"","advgb_blocks_columns_visual_guide":"","episode_type":"","audio_file":"","podmotor_file_id":"","podmotor_episode_id":"","cover_image":"","cover_image_id":"","duration":"","filesize":"","filesize_raw":"","date_recorded":"","explicit":"","block":"","cybocfi_hide_featured_image":"","_jetpack_memberships_contains_paid_content":false,"footnotes":""},"categories":[157,181],"tags":[214,213,211,212],"series":[],"class_list":["post-3262","post","type-post","status-publish","format-standard","hentry","category-oekumene","category-workshop","tag-alpha","tag-gemuetlich","tag-glauben","tag-glaubenskurs","entry"],"episode_featured_image":false,"episode_player_image":"https:\/\/evk-hornbach.de\/wp-content\/uploads\/2017\/12\/losungandacht2026logov3.png","download_link":"","player_link":"","audio_player":false,"episode_data":{"playerMode":"dark","subscribeUrls":{"amazon":{"key":"amazon","url":"https:\/\/music.amazon.com\/podcasts\/46f9b0a9-b2db-4d5c-b947-5f5e4228a8e4\/losungsandachten-2022","label":"Amazon","class":"amazon","icon":"amazon.png"},"apple_podcasts":{"key":"apple_podcasts","url":"https:\/\/podcasts.apple.com\/de\/podcast\/losungsandachten-2022\/id1629150905","label":"Apple Podcasts","class":"apple_podcasts","icon":"apple-podcasts.png"},"deezer":{"key":"deezer","url":"","label":"Deezer","class":"deezer","icon":"deezer.png"},"podcast_de":{"key":"podcast_de","url":"","label":"Podcast.de","class":"podcast_de","icon":"podcast-de.png"},"rss":{"key":"rss","url":"https:\/\/evk-hornbach.de\/?cat=294&feed=rss2","label":"RSS","class":"rss","icon":"rss.png"},"rssradio":{"key":"rssradio","url":"","label":"RSSRadio","class":"rssradio","icon":"rssradio.png"},"spotify":{"key":"spotify","url":"https:\/\/open.spotify.com\/show\/5kJEFM4ESjFH2n1nivrIfi","label":"Spotify","class":"spotify","icon":"spotify.png"},"tunein":{"key":"tunein","url":"","label":"TuneIn","class":"tunein","icon":"tunein.png"},"fyyd_de":{"key":"fyyd_de","url":"https:\/\/fyyd.de\/podcast\/losungsandachten-2022\/0","label":"fyyd.de","class":"fyyd_de","icon":"fyyd-de.png"}},"rssFeedUrl":"https:\/\/evk-hornbach.de\/?feed=podcast&podcast_series=losungsandachten","embedCode":"<blockquote class=\"wp-embedded-content\" data-secret=\"NtI5u6J8hO\"><a href=\"https:\/\/evk-hornbach.de\/?p=3262\">Glaubenskurs f\u00fcr Suchende, Zweifler, Neugierige &#8230;<\/a><\/blockquote><iframe sandbox=\"allow-scripts\" security=\"restricted\" src=\"https:\/\/evk-hornbach.de\/?p=3262&#038;embed=true#?secret=NtI5u6J8hO\" width=\"500\" height=\"350\" title=\"&#8222;Glaubenskurs f\u00fcr Suchende, Zweifler, Neugierige &#8230;&#8220; &#8211; Prot. Kirchengemeinde Hornbachtal mit der prot. Kirchengemeinde Rimschweiler\" data-secret=\"NtI5u6J8hO\" frameborder=\"0\" marginwidth=\"0\" marginheight=\"0\" scrolling=\"no\" class=\"wp-embedded-content\"><\/iframe><script>\n\/*! This file is auto-generated *\/\n!function(d,l){\"use strict\";l.querySelector&&d.addEventListener&&\"undefined\"!=typeof URL&&(d.wp=d.wp||{},d.wp.receiveEmbedMessage||(d.wp.receiveEmbedMessage=function(e){var t=e.data;if((t||t.secret||t.message||t.value)&&!\/[^a-zA-Z0-9]\/.test(t.secret)){for(var s,r,n,a=l.querySelectorAll('iframe[data-secret=\"'+t.secret+'\"]'),o=l.querySelectorAll('blockquote[data-secret=\"'+t.secret+'\"]'),c=new RegExp(\"^https?:$\",\"i\"),i=0;i<o.length;i++)o[i].style.display=\"none\";for(i=0;i<a.length;i++)s=a[i],e.source===s.contentWindow&&(s.removeAttribute(\"style\"),\"height\"===t.message?(1e3<(r=parseInt(t.value,10))?r=1e3:~~r<200&&(r=200),s.height=r):\"link\"===t.message&&(r=new URL(s.getAttribute(\"src\")),n=new URL(t.value),c.test(n.protocol))&&n.host===r.host&&l.activeElement===s&&(d.top.location.href=t.value))}},d.addEventListener(\"message\",d.wp.receiveEmbedMessage,!1),l.addEventListener(\"DOMContentLoaded\",function(){for(var e,t,s=l.querySelectorAll(\"iframe.wp-embedded-content\"),r=0;r<s.length;r++)(t=(e=s[r]).getAttribute(\"data-secret\"))||(t=Math.random().toString(36).substring(2,12),e.src+=\"#?secret=\"+t,e.setAttribute(\"data-secret\",t)),e.contentWindow.postMessage({message:\"ready\",secret:t},\"*\")},!1)))}(window,document);\n\/\/# sourceURL=https:\/\/evk-hornbach.de\/wp-includes\/js\/wp-embed.min.js\n<\/script>\n"},"author_meta":{"display_name":"Christian G\u00fcnther","author_link":"https:\/\/evk-hornbach.de\/?author=2"},"featured_img":null,"jetpack_featured_media_url":"","uagb_featured_image_src":{"full":false,"thumbnail":false,"medium":false,"medium_large":false,"large":false,"ug_big":false,"1536x1536":false,"2048x2048":false,"post-thumbnail":false},"uagb_author_info":{"display_name":"Christian G\u00fcnther","author_link":"https:\/\/evk-hornbach.de\/?author=2"},"uagb_comment_info":0,"uagb_excerpt":"Beginn: Dienstag, 29.1.2019, 19:30 Uhr im Jugendheim in Hornbach.Danach dienstags, 19:30 Uhr. Alle, die sich (wieder) neu mit den Kernthemen gelingenden Lebens und des christlichen Glaubens auseinandersetzen m\u00f6chten, k\u00f6nnen dies in gem\u00fctlicher Athmosph\u00e4re tun. Es werden Fragen behandelt wie Hat mein Leben eine Bedeutung? Macht Glaube gl\u00fccklich? Was kann mir Gewissheit geben? Gibt es Gott?&hellip;&hellip;","coauthors":[],"tax_additional":{"categories":{"linked":["<a href=\"https:\/\/evk-hornbach.de\/?cat=157\" class=\"advgb-post-tax-term\">\u00d6kumene<\/a>","<a href=\"https:\/\/evk-hornbach.de\/?cat=181\" class=\"advgb-post-tax-term\">Workshop<\/a>"],"unlinked":["<span class=\"advgb-post-tax-term\">\u00d6kumene<\/span>","<span class=\"advgb-post-tax-term\">Workshop<\/span>"]},"tags":{"linked":["<a href=\"https:\/\/evk-hornbach.de\/?cat=181\" class=\"advgb-post-tax-term\">Alpha<\/a>","<a href=\"https:\/\/evk-hornbach.de\/?cat=181\" class=\"advgb-post-tax-term\">gem\u00fctlich<\/a>","<a href=\"https:\/\/evk-hornbach.de\/?cat=181\" class=\"advgb-post-tax-term\">Glauben<\/a>","<a href=\"https:\/\/evk-hornbach.de\/?cat=181\" class=\"advgb-post-tax-term\">Glaubenskurs<\/a>"],"unlinked":["<span class=\"advgb-post-tax-term\">Alpha<\/span>","<span class=\"advgb-post-tax-term\">gem\u00fctlich<\/span>","<span class=\"advgb-post-tax-term\">Glauben<\/span>","<span class=\"advgb-post-tax-term\">Glaubenskurs<\/span>"]}},"comment_count":"0","relative_dates":{"created":"Ver\u00f6ffentlicht 7\u00a0Jahren vor","modified":"Aktualisiert 7\u00a0Jahren vor"},"absolute_dates":{"created":"Ver\u00f6ffentlicht am 10. Januar 2019","modified":"Aktualisiert am 15. Dezember 2018"},"absolute_dates_time":{"created":"Ver\u00f6ffentlicht am 10. Januar 2019 16:39","modified":"Aktualisiert am 15. Dezember 2018 23:48"},"featured_img_caption":"","series_order":"","jetpack-related-posts":[{"id":1580,"url":"https:\/\/evk-hornbach.de\/?p=1580","url_meta":{"origin":3262,"position":0},"title":"Herzliche Einladung zu den Erntedank-Gottesdiensten in Hornbach und Brenschelbach!","author":"Christian G\u00fcnther","date":"20. September 2017","format":"aside","excerpt":"Hornbach, Klosterkirche: Am 1. Oktober ist Erntedankfest, und dieses wird wie immer mit einem Abendmahlsgottesdienst ab 10 Uhr in der Klosterkirche gefeiert. Er wird vom Hornbacher Chor Cantus Novus musikalisch mitgestaltet. Wir freuen uns, wenn Sie kommen und mit uns zusammen Gott daf\u00fcr danken, dass er uns in Deutschland trotz\u2026","rel":"","context":"In &quot;Event&quot;","block_context":{"text":"Event","link":"https:\/\/evk-hornbach.de\/?cat=59"},"img":{"alt_text":"","src":"https:\/\/i0.wp.com\/evk-hornbach.de\/wp-content\/uploads\/2016\/08\/herbstkorb800600.jpg?resize=350%2C200&ssl=1","width":350,"height":200,"srcset":"https:\/\/i0.wp.com\/evk-hornbach.de\/wp-content\/uploads\/2016\/08\/herbstkorb800600.jpg?resize=350%2C200&ssl=1 1x, https:\/\/i0.wp.com\/evk-hornbach.de\/wp-content\/uploads\/2016\/08\/herbstkorb800600.jpg?resize=525%2C300&ssl=1 1.5x, https:\/\/i0.wp.com\/evk-hornbach.de\/wp-content\/uploads\/2016\/08\/herbstkorb800600.jpg?resize=700%2C400&ssl=1 2x"},"classes":[]},{"id":40931,"url":"https:\/\/evk-hornbach.de\/?p=40931","url_meta":{"origin":3262,"position":1},"title":"Ein Sermon f\u00fcr Eltern und solche, die es werden wollen","author":"Christian G\u00fcnther","date":"3. M\u00e4rz 2021","format":false,"excerpt":"Eure Kinder sind nicht eure Kinder. Sie sind die S\u00f6hne und die T\u00f6chter der Sehnsucht des Lebens nach sich selber. Sie kommen durch euch, aber nicht von euch, Und obwohl sie mit euch sind, geh\u00f6ren sie euch doch nicht. Ihr d\u00fcrft ihnen eure Liebe geben, aber nicht eure Gedanken, Denn\u2026","rel":"","context":"In &quot;Traktat&quot;","block_context":{"text":"Traktat","link":"https:\/\/evk-hornbach.de\/?cat=86"},"img":{"alt_text":"","src":"https:\/\/i0.wp.com\/evk-hornbach.de\/wp-content\/uploads\/2021\/03\/elternkinder_1280.png?resize=350%2C200&ssl=1","width":350,"height":200,"srcset":"https:\/\/i0.wp.com\/evk-hornbach.de\/wp-content\/uploads\/2021\/03\/elternkinder_1280.png?resize=350%2C200&ssl=1 1x, https:\/\/i0.wp.com\/evk-hornbach.de\/wp-content\/uploads\/2021\/03\/elternkinder_1280.png?resize=525%2C300&ssl=1 1.5x, https:\/\/i0.wp.com\/evk-hornbach.de\/wp-content\/uploads\/2021\/03\/elternkinder_1280.png?resize=700%2C400&ssl=1 2x, https:\/\/i0.wp.com\/evk-hornbach.de\/wp-content\/uploads\/2021\/03\/elternkinder_1280.png?resize=1050%2C600&ssl=1 3x"},"classes":[]},{"id":943,"url":"https:\/\/evk-hornbach.de\/?p=943","url_meta":{"origin":3262,"position":2},"title":"Revival Night #1 am Freitag, 10.3.2017","author":"Christian G\u00fcnther","date":"27. Februar 2017","format":false,"excerpt":"Die Revival-Nights (=Wiederbelebende N\u00e4chte) waren urspr\u00fcnglich ein Projekt des Jugendleiters Johannes Fr\u00f6bel mit der Absicht, ein viertel Jahr nach den besinnlichen Abenden der Sommerfreizeit an bekennende Entscheidungen zu erinnern oder getroffenen Entschl\u00fcsse auf zu frischen, die im Laufe des Alltags oft untergehen. Dar\u00fcber hinaus bestand die Vision auch nach dem\u2026","rel":"","context":"Mit 5 Kommentaren","block_context":{"text":"Mit 5 Kommentaren","link":"https:\/\/evk-hornbach.de\/?p=943#comments"},"img":{"alt_text":"","src":"https:\/\/i0.wp.com\/evk-hornbach.de\/wp-content\/uploads\/2017\/02\/tree-great-basin-bristle-cone-pine-over-5000-years-old.jpg?resize=350%2C200&ssl=1","width":350,"height":200},"classes":[]},{"id":39950,"url":"https:\/\/evk-hornbach.de\/?p=39950","url_meta":{"origin":3262,"position":3},"title":"Andacht zum Erntedankfest am 4.10.2020","author":"Christian G\u00fcnther","date":"4. Oktober 2020","format":false,"excerpt":"Da der heutige Konfirmationsgottesdienst aus Datenschutzgr\u00fcnden nicht \u00fcbertragen werden darf, stellen wir diese Andacht ins Netz. Text und Musik: Pfn Suse G\u00fcnther SprecherInnen: Suse G\u00fcnther, Christian G\u00fcnther https:\/\/youtu.be\/Wew7F9qL4sE Nachdem man auf oben auf die \u00dcberschrift des heutigen Andachtsbeitrages klickt, wird dieser in einer eigenen Ansicht ge\u00f6ffnet, und man kann den\u2026","rel":"","context":"In &quot;Losungsandacht&quot;","block_context":{"text":"Losungsandacht","link":"https:\/\/evk-hornbach.de\/?cat=294"},"img":{"alt_text":"","src":"https:\/\/i0.wp.com\/evk-hornbach.de\/wp-content\/uploads\/2020\/10\/erntedankbild1.jpg?resize=350%2C200&ssl=1","width":350,"height":200,"srcset":"https:\/\/i0.wp.com\/evk-hornbach.de\/wp-content\/uploads\/2020\/10\/erntedankbild1.jpg?resize=350%2C200&ssl=1 1x, https:\/\/i0.wp.com\/evk-hornbach.de\/wp-content\/uploads\/2020\/10\/erntedankbild1.jpg?resize=525%2C300&ssl=1 1.5x, https:\/\/i0.wp.com\/evk-hornbach.de\/wp-content\/uploads\/2020\/10\/erntedankbild1.jpg?resize=700%2C400&ssl=1 2x"},"classes":[]},{"id":2041,"url":"https:\/\/evk-hornbach.de\/?p=2041","url_meta":{"origin":3262,"position":4},"title":"Passionszeit","author":"Christian G\u00fcnther","date":"2. Februar 2018","format":false,"excerpt":"Der Glauben ist nie umsonst. Aber manchmal ist er frei, leicht, ein Segen, und er macht einfach nur gl\u00fccklich. Es gibt auch andere Zeiten. Dann kostet der Glauben etwas: Geduld. Geld. Schmerzen. Viel, viel Vertrauen, denn es ist nicht mehr unmittelbar erkennbar, dass \"er sich lohnt\". Das sind Leidenszeiten, und\u2026","rel":"","context":"In &quot;Gottesdienst&quot;","block_context":{"text":"Gottesdienst","link":"https:\/\/evk-hornbach.de\/?cat=103"},"img":{"alt_text":"","src":"https:\/\/i0.wp.com\/evk-hornbach.de\/wp-content\/uploads\/2018\/01\/passionszeit.jpg?resize=350%2C200&ssl=1","width":350,"height":200,"srcset":"https:\/\/i0.wp.com\/evk-hornbach.de\/wp-content\/uploads\/2018\/01\/passionszeit.jpg?resize=350%2C200&ssl=1 1x, https:\/\/i0.wp.com\/evk-hornbach.de\/wp-content\/uploads\/2018\/01\/passionszeit.jpg?resize=525%2C300&ssl=1 1.5x, https:\/\/i0.wp.com\/evk-hornbach.de\/wp-content\/uploads\/2018\/01\/passionszeit.jpg?resize=700%2C400&ssl=1 2x, https:\/\/i0.wp.com\/evk-hornbach.de\/wp-content\/uploads\/2018\/01\/passionszeit.jpg?resize=1050%2C600&ssl=1 3x"},"classes":[]},{"id":40834,"url":"https:\/\/evk-hornbach.de\/?p=40834","url_meta":{"origin":3262,"position":5},"title":"Am Freitag, dem 5. M\u00e4rz 2021 ist Weltgebetstag!","author":"Christian G\u00fcnther","date":"23. Februar 2021","format":false,"excerpt":"Am Freitag, dem 5. M\u00e4rz 2021 um 18 Uhr ist Weltgebetstagsgottesdienst in der Klosterkirche Hornbach. Diesmal stammt die Liturgie aus Vanuatu, einem Inselstaat im Pazifik. Der Gottesdienst wird auch online \u00fcbertragen. Klicken Sie dazu unten auf die blaue Schaltfl\u00e4che! Mehr Information ... (Bitte hier anklicken, um auszuklappen) Herzliche Einladung f\u00fcr\u2026","rel":"","context":"\u00c4hnlicher Beitrag","block_context":{"text":"\u00c4hnlicher Beitrag","link":""},"img":{"alt_text":"","src":"","width":0,"height":0},"classes":[]}],"jetpack_sharing_enabled":true,"publishpress_future_action":{"enabled":false,"date":"2026-05-07 01:53:48","action":"change-status","newStatus":"draft","terms":[],"taxonomy":"category","extraData":[]},"publishpress_future_workflow_manual_trigger":{"enabledWorkflows":[]},"_links":{"self":[{"href":"https:\/\/evk-hornbach.de\/index.php?rest_route=\/wp\/v2\/posts\/3262","targetHints":{"allow":["GET"]}}],"collection":[{"href":"https:\/\/evk-hornbach.de\/index.php?rest_route=\/wp\/v2\/posts"}],"about":[{"href":"https:\/\/evk-hornbach.de\/index.php?rest_route=\/wp\/v2\/types\/post"}],"author":[{"embeddable":true,"href":"https:\/\/evk-hornbach.de\/index.php?rest_route=\/wp\/v2\/users\/2"}],"replies":[{"embeddable":true,"href":"https:\/\/evk-hornbach.de\/index.php?rest_route=%2Fwp%2Fv2%2Fcomments&post=3262"}],"version-history":[{"count":2,"href":"https:\/\/evk-hornbach.de\/index.php?rest_route=\/wp\/v2\/posts\/3262\/revisions"}],"predecessor-version":[{"id":3291,"href":"https:\/\/evk-hornbach.de\/index.php?rest_route=\/wp\/v2\/posts\/3262\/revisions\/3291"}],"wp:attachment":[{"href":"https:\/\/evk-hornbach.de\/index.php?rest_route=%2Fwp%2Fv2%2Fmedia&parent=3262"}],"wp:term":[{"taxonomy":"category","embeddable":true,"href":"https:\/\/evk-hornbach.de\/index.php?rest_route=%2Fwp%2Fv2%2Fcategories&post=3262"},{"taxonomy":"post_tag","embeddable":true,"href":"https:\/\/evk-hornbach.de\/index.php?rest_route=%2Fwp%2Fv2%2Ftags&post=3262"},{"taxonomy":"series","embeddable":true,"href":"https:\/\/evk-hornbach.de\/index.php?rest_route=%2Fwp%2Fv2%2Fseries&post=3262"}],"curies":[{"name":"wp","href":"https:\/\/api.w.org\/{rel}","templated":true}]}}