{"id":2900,"date":"2018-09-28T18:57:40","date_gmt":"2018-09-28T16:57:40","guid":{"rendered":"http:\/\/evk-hornbach.de\/?p=2900"},"modified":"2018-09-28T19:26:47","modified_gmt":"2018-09-28T17:26:47","slug":"gambia-vom-leben-und-dem-aufbau-einer-schule-im-inland","status":"publish","type":"post","link":"https:\/\/evk-hornbach.de\/?p=2900","title":{"rendered":"Gambia-Gemeindeabend: Vom Leben und dem Aufbau einer Schule im Inland"},"content":{"rendered":"<p>&#8230; dh. fern der Hauptstadt.<\/p>\n<p>Wer den Eindruck nicht los wird, dass die deutschen St\u00e4mme der Rheinland-Pf\u00e4lzer und Saarl\u00e4nder vom fernen Berlin aus stiefm\u00fctterlich behandelt werden, der sollte vielleicht mal nach Gambia reisen und sehen, wie riesig dort das Gef\u00e4lle zwischen den &#8222;regierenden St\u00e4mmen&#8220; rund um die Hauptstadt und den V\u00f6lkchen an dem Ort ist, an dem Christian Neumann half, den Aufbau einer Schule voranzutreiben.<\/p>\n<p>Was anderswo eine Routineaufgabe w\u00e4re, geriet im &#8222;Inland&#8220; von Gambia zum Abenteuer, das &#8222;unser Mann in Gambia&#8220;, <a href=\"https:\/\/christianneumann.lima-city.de\/\" target=\"_blank\" rel=\"noopener\">Christian Neumann<\/a>, hautnah miterlebt hat.<\/p>\n<p>Wer seine Geschichte in Bild und Ton miterleben m\u00f6chte, ist herzlich eingeladen,<\/p>\n<p><span style=\"color: #ff0000;\"><strong>am Mittwochabend, dem 24.10.2018 um 19 Uhr<\/strong><\/span><\/p>\n<p>ins Jugendheim zu kommen.<\/p>\n","protected":false},"excerpt":{"rendered":"<p>&#8230; dh. fern der Hauptstadt. Wer den Eindruck nicht los wird, dass die deutschen St\u00e4mme der Rheinland-Pf\u00e4lzer und Saarl\u00e4nder vom fernen Berlin aus stiefm\u00fctterlich behandelt werden, der sollte vielleicht mal nach Gambia reisen und sehen, wie riesig dort das Gef\u00e4lle zwischen den &#8222;regierenden St\u00e4mmen&#8220; rund um die Hauptstadt und den V\u00f6lkchen an dem Ort ist,&hellip; <a class=\"more-link\" href=\"https:\/\/evk-hornbach.de\/?p=2900\"><span class=\"screen-reader-text\">Gambia-Gemeindeabend: Vom Leben und dem Aufbau einer Schule im Inland<\/span> weiterlesen<\/a><\/p>\n","protected":false},"author":2,"featured_media":2902,"comment_status":"open","ping_status":"open","sticky":false,"template":"","format":"aside","meta":{"_uag_custom_page_level_css":"","advgb_blocks_editor_width":"","advgb_blocks_columns_visual_guide":"","episode_type":"","audio_file":"","podmotor_file_id":"","podmotor_episode_id":"","cover_image":"","cover_image_id":"","duration":"","filesize":"","filesize_raw":"","date_recorded":"","explicit":"","block":"","cybocfi_hide_featured_image":"","_jetpack_memberships_contains_paid_content":false,"footnotes":""},"categories":[1],"tags":[],"series":[],"class_list":["post-2900","post","type-post","status-publish","format-aside","has-post-thumbnail","hentry","category-uncategorized","post_format-post-format-aside","entry"],"episode_featured_image":"https:\/\/evk-hornbach.de\/wp-content\/uploads\/2018\/09\/gambia-schule.jpg","episode_player_image":"https:\/\/evk-hornbach.de\/wp-content\/uploads\/2017\/12\/losungandacht2026logov3.png","download_link":"","player_link":"","audio_player":false,"episode_data":{"playerMode":"dark","subscribeUrls":{"amazon":{"key":"amazon","url":"https:\/\/music.amazon.com\/podcasts\/46f9b0a9-b2db-4d5c-b947-5f5e4228a8e4\/losungsandachten-2022","label":"Amazon","class":"amazon","icon":"amazon.png"},"apple_podcasts":{"key":"apple_podcasts","url":"https:\/\/podcasts.apple.com\/de\/podcast\/losungsandachten-2022\/id1629150905","label":"Apple Podcasts","class":"apple_podcasts","icon":"apple-podcasts.png"},"deezer":{"key":"deezer","url":"","label":"Deezer","class":"deezer","icon":"deezer.png"},"podcast_de":{"key":"podcast_de","url":"","label":"Podcast.de","class":"podcast_de","icon":"podcast-de.png"},"rss":{"key":"rss","url":"https:\/\/evk-hornbach.de\/?cat=294&feed=rss2","label":"RSS","class":"rss","icon":"rss.png"},"rssradio":{"key":"rssradio","url":"","label":"RSSRadio","class":"rssradio","icon":"rssradio.png"},"spotify":{"key":"spotify","url":"https:\/\/open.spotify.com\/show\/5kJEFM4ESjFH2n1nivrIfi","label":"Spotify","class":"spotify","icon":"spotify.png"},"tunein":{"key":"tunein","url":"","label":"TuneIn","class":"tunein","icon":"tunein.png"},"fyyd_de":{"key":"fyyd_de","url":"https:\/\/fyyd.de\/podcast\/losungsandachten-2022\/0","label":"fyyd.de","class":"fyyd_de","icon":"fyyd-de.png"}},"rssFeedUrl":"https:\/\/evk-hornbach.de\/?feed=podcast&podcast_series=losungsandachten","embedCode":"<blockquote class=\"wp-embedded-content\" data-secret=\"9vjCq4TAI6\"><a href=\"https:\/\/evk-hornbach.de\/?p=2900\">Gambia-Gemeindeabend: Vom Leben und dem Aufbau einer Schule im Inland<\/a><\/blockquote><iframe sandbox=\"allow-scripts\" security=\"restricted\" src=\"https:\/\/evk-hornbach.de\/?p=2900&#038;embed=true#?secret=9vjCq4TAI6\" width=\"500\" height=\"350\" title=\"&#8222;Gambia-Gemeindeabend: Vom Leben und dem Aufbau einer Schule im Inland&#8220; &#8211; Prot. Kirchengemeinde Hornbachtal mit der prot. Kirchengemeinde Rimschweiler\" data-secret=\"9vjCq4TAI6\" frameborder=\"0\" marginwidth=\"0\" marginheight=\"0\" scrolling=\"no\" class=\"wp-embedded-content\"><\/iframe><script>\n\/*! This file is auto-generated *\/\n!function(d,l){\"use strict\";l.querySelector&&d.addEventListener&&\"undefined\"!=typeof URL&&(d.wp=d.wp||{},d.wp.receiveEmbedMessage||(d.wp.receiveEmbedMessage=function(e){var t=e.data;if((t||t.secret||t.message||t.value)&&!\/[^a-zA-Z0-9]\/.test(t.secret)){for(var s,r,n,a=l.querySelectorAll('iframe[data-secret=\"'+t.secret+'\"]'),o=l.querySelectorAll('blockquote[data-secret=\"'+t.secret+'\"]'),c=new RegExp(\"^https?:$\",\"i\"),i=0;i<o.length;i++)o[i].style.display=\"none\";for(i=0;i<a.length;i++)s=a[i],e.source===s.contentWindow&&(s.removeAttribute(\"style\"),\"height\"===t.message?(1e3<(r=parseInt(t.value,10))?r=1e3:~~r<200&&(r=200),s.height=r):\"link\"===t.message&&(r=new URL(s.getAttribute(\"src\")),n=new URL(t.value),c.test(n.protocol))&&n.host===r.host&&l.activeElement===s&&(d.top.location.href=t.value))}},d.addEventListener(\"message\",d.wp.receiveEmbedMessage,!1),l.addEventListener(\"DOMContentLoaded\",function(){for(var e,t,s=l.querySelectorAll(\"iframe.wp-embedded-content\"),r=0;r<s.length;r++)(t=(e=s[r]).getAttribute(\"data-secret\"))||(t=Math.random().toString(36).substring(2,12),e.src+=\"#?secret=\"+t,e.setAttribute(\"data-secret\",t)),e.contentWindow.postMessage({message:\"ready\",secret:t},\"*\")},!1)))}(window,document);\n\/\/# sourceURL=https:\/\/evk-hornbach.de\/wp-includes\/js\/wp-embed.min.js\n<\/script>\n"},"author_meta":{"display_name":"Christian G\u00fcnther","author_link":"https:\/\/evk-hornbach.de\/?author=2"},"featured_img":"https:\/\/evk-hornbach.de\/wp-content\/uploads\/2018\/09\/gambia-schule-300x74.jpg","jetpack_featured_media_url":"https:\/\/evk-hornbach.de\/wp-content\/uploads\/2018\/09\/gambia-schule.jpg","uagb_featured_image_src":{"full":["https:\/\/evk-hornbach.de\/wp-content\/uploads\/2018\/09\/gambia-schule.jpg",2340,576,false],"thumbnail":["https:\/\/evk-hornbach.de\/wp-content\/uploads\/2018\/09\/gambia-schule-150x150.jpg",150,150,true],"medium":["https:\/\/evk-hornbach.de\/wp-content\/uploads\/2018\/09\/gambia-schule-300x74.jpg",300,74,true],"medium_large":["https:\/\/evk-hornbach.de\/wp-content\/uploads\/2018\/09\/gambia-schule-768x189.jpg",750,185,true],"large":["https:\/\/evk-hornbach.de\/wp-content\/uploads\/2018\/09\/gambia-schule-1024x252.jpg",750,185,true],"ug_big":["https:\/\/evk-hornbach.de\/wp-content\/uploads\/2018\/09\/gambia-schule-768x189.jpg",768,189,true],"1536x1536":["https:\/\/evk-hornbach.de\/wp-content\/uploads\/2018\/09\/gambia-schule.jpg",1536,378,false],"2048x2048":["https:\/\/evk-hornbach.de\/wp-content\/uploads\/2018\/09\/gambia-schule.jpg",2048,504,false],"post-thumbnail":["https:\/\/evk-hornbach.de\/wp-content\/uploads\/2018\/09\/gambia-schule-1200x295.jpg",1200,295,true]},"uagb_author_info":{"display_name":"Christian G\u00fcnther","author_link":"https:\/\/evk-hornbach.de\/?author=2"},"uagb_comment_info":0,"uagb_excerpt":"&#8230; dh. fern der Hauptstadt. Wer den Eindruck nicht los wird, dass die deutschen St\u00e4mme der Rheinland-Pf\u00e4lzer und Saarl\u00e4nder vom fernen Berlin aus stiefm\u00fctterlich behandelt werden, der sollte vielleicht mal nach Gambia reisen und sehen, wie riesig dort das Gef\u00e4lle zwischen den &#8222;regierenden St\u00e4mmen&#8220; rund um die Hauptstadt und den V\u00f6lkchen an dem Ort ist,&hellip;&hellip;","coauthors":[],"tax_additional":{"categories":{"linked":["<a href=\"https:\/\/evk-hornbach.de\/?cat=1\" class=\"advgb-post-tax-term\">Uncategorized<\/a>"],"unlinked":["<span class=\"advgb-post-tax-term\">Uncategorized<\/span>"]}},"comment_count":"0","relative_dates":{"created":"Ver\u00f6ffentlicht 8\u00a0Jahren vor","modified":"Aktualisiert 8\u00a0Jahren vor"},"absolute_dates":{"created":"Ver\u00f6ffentlicht am 28. September 2018","modified":"Aktualisiert am 28. September 2018"},"absolute_dates_time":{"created":"Ver\u00f6ffentlicht am 28. September 2018 18:57","modified":"Aktualisiert am 28. September 2018 19:26"},"featured_img_caption":"","series_order":"","jetpack-related-posts":[{"id":1345,"url":"https:\/\/evk-hornbach.de\/?p=1345","url_meta":{"origin":2900,"position":0},"title":"Der Hermann-L\u00fcbbe-Sonderpreis 2017 &#8230; geht an unsere Homepageredaktion","author":"Christian G\u00fcnther","date":"10. Juni 2017","format":"aside","excerpt":"Und wieder einmal haben Leute aus unserer Kirchengemeinde einen Preis abger\u00e4umt. Diesmal trifft es uns (absolut unvorbereitet, aber es tut gut zu wissen, dass es diesen Preis gibt, der immerhin mit 500 Euro dotiert ist \ud83d\ude0e\ud83d\udcb0), also die Homepageredaktion, d.h. mich, Birgit Schery, Elisabeth Platz, die mich terminlich auf Trab\u2026","rel":"","context":"In &quot;Event&quot;","block_context":{"text":"Event","link":"https:\/\/evk-hornbach.de\/?cat=59"},"img":{"alt_text":"","src":"https:\/\/i0.wp.com\/evk-hornbach.de\/wp-content\/uploads\/2017\/06\/cup-1010909_640-300x300.jpg?resize=350%2C200&ssl=1","width":350,"height":200},"classes":[]},{"id":43380,"url":"https:\/\/evk-hornbach.de\/?p=43380","url_meta":{"origin":2900,"position":1},"title":"Losungsandacht f\u00fcr Montag, 17.01.2022","author":"Christian G\u00fcnther","date":"17. Januar 2022","format":false,"excerpt":"Wir begannen mit den Losungsandachten w\u00e4hrend der ersten Corona-Welle im M\u00e4rz 2020. Nun ist eine feste Einrichtung daraus geworden. Text und Sprecher: Pfr. Christian G\u00fcnther, Mauschbach Folgende Musikzitate wurden verwendet: Johann Sebastian Bach, Kantate ''Jauchzet Gott in allen Landen'', BWV 51, Lizenz: Public Domain. Quelle: Musopen Pepper Coat - \"This\u2026","rel":"","context":"In &quot;Losungsandacht&quot;","block_context":{"text":"Losungsandacht","link":"https:\/\/evk-hornbach.de\/?cat=294"},"img":{"alt_text":"","src":"https:\/\/i0.wp.com\/evk-hornbach.de\/wp-content\/uploads\/2022\/01\/losungen2022-2-900.png?resize=350%2C200&ssl=1","width":350,"height":200,"srcset":"https:\/\/i0.wp.com\/evk-hornbach.de\/wp-content\/uploads\/2022\/01\/losungen2022-2-900.png?resize=350%2C200&ssl=1 1x, https:\/\/i0.wp.com\/evk-hornbach.de\/wp-content\/uploads\/2022\/01\/losungen2022-2-900.png?resize=525%2C300&ssl=1 1.5x, https:\/\/i0.wp.com\/evk-hornbach.de\/wp-content\/uploads\/2022\/01\/losungen2022-2-900.png?resize=700%2C400&ssl=1 2x"},"classes":[]},{"id":39118,"url":"https:\/\/evk-hornbach.de\/?p=39118","url_meta":{"origin":2900,"position":2},"title":"Ist Pfingsten (wirklich) der Geburtstag der Kirche?","author":"Christian G\u00fcnther","date":"29. Mai 2020","format":false,"excerpt":"Dieser Artikel ist ein (wild heruntergeschriebener) Kommentar zu diesem Artikel aus dem Eulenmagazin: \"Pfingsten ist nicht der Geburtstag der Kirche\" Pfingsten ist der Geburtstag der Kirche. Basta. Die Apostelgeschichte erz\u00e4hlt von Pfingsten im gleichen Sinne, in dem die Sch\u00f6pfungsgeschichte von der Erschaffung der Welt, in dem das Buch Exodus von\u2026","rel":"","context":"In &quot;Traktat&quot;","block_context":{"text":"Traktat","link":"https:\/\/evk-hornbach.de\/?cat=86"},"img":{"alt_text":"","src":"https:\/\/i0.wp.com\/evk-hornbach.de\/wp-content\/uploads\/2020\/05\/kirchengeburtstag.jpg?resize=350%2C200&ssl=1","width":350,"height":200,"srcset":"https:\/\/i0.wp.com\/evk-hornbach.de\/wp-content\/uploads\/2020\/05\/kirchengeburtstag.jpg?resize=350%2C200&ssl=1 1x, https:\/\/i0.wp.com\/evk-hornbach.de\/wp-content\/uploads\/2020\/05\/kirchengeburtstag.jpg?resize=525%2C300&ssl=1 1.5x, https:\/\/i0.wp.com\/evk-hornbach.de\/wp-content\/uploads\/2020\/05\/kirchengeburtstag.jpg?resize=700%2C400&ssl=1 2x, https:\/\/i0.wp.com\/evk-hornbach.de\/wp-content\/uploads\/2020\/05\/kirchengeburtstag.jpg?resize=1050%2C600&ssl=1 3x"},"classes":[]},{"id":40834,"url":"https:\/\/evk-hornbach.de\/?p=40834","url_meta":{"origin":2900,"position":3},"title":"Am Freitag, dem 5. M\u00e4rz 2021 ist Weltgebetstag!","author":"Christian G\u00fcnther","date":"23. Februar 2021","format":false,"excerpt":"Am Freitag, dem 5. M\u00e4rz 2021 um 18 Uhr ist Weltgebetstagsgottesdienst in der Klosterkirche Hornbach. Diesmal stammt die Liturgie aus Vanuatu, einem Inselstaat im Pazifik. Der Gottesdienst wird auch online \u00fcbertragen. Klicken Sie dazu unten auf die blaue Schaltfl\u00e4che! Mehr Information ... (Bitte hier anklicken, um auszuklappen) Herzliche Einladung f\u00fcr\u2026","rel":"","context":"\u00c4hnlicher Beitrag","block_context":{"text":"\u00c4hnlicher Beitrag","link":""},"img":{"alt_text":"","src":"","width":0,"height":0},"classes":[]},{"id":47751,"url":"https:\/\/evk-hornbach.de\/?p=47751","url_meta":{"origin":2900,"position":4},"title":"Losungsandacht f\u00fcr Mittwoch, 23.08.2023","author":"Christian G\u00fcnther","date":"23. August 2023","format":false,"excerpt":"Text und Sprecher: Pfr. Christian G\u00fcnther, Mauschbach","rel":"","context":"In &quot;Losungsandacht&quot;","block_context":{"text":"Losungsandacht","link":"https:\/\/evk-hornbach.de\/?cat=294"},"img":{"alt_text":"","src":"https:\/\/i0.wp.com\/evk-hornbach.de\/wp-content\/uploads\/2017\/12\/230823-chapelle-st-joseph.jpg?resize=350%2C200&ssl=1","width":350,"height":200,"srcset":"https:\/\/i0.wp.com\/evk-hornbach.de\/wp-content\/uploads\/2017\/12\/230823-chapelle-st-joseph.jpg?resize=350%2C200&ssl=1 1x, https:\/\/i0.wp.com\/evk-hornbach.de\/wp-content\/uploads\/2017\/12\/230823-chapelle-st-joseph.jpg?resize=525%2C300&ssl=1 1.5x"},"classes":[]},{"id":42151,"url":"https:\/\/evk-hornbach.de\/?p=42151","url_meta":{"origin":2900,"position":5},"title":"Von der wundersamen Vermehrung","author":"Christian G\u00fcnther","date":"21. Juli 2021","format":false,"excerpt":"Suse G\u00fcnthers Bericht von einem Notfallseelsorge-Einsatz im Katastrophengebiet in der Nordeifel Es gibt wohl niemanden, der in diesen Tagen nicht fassungslos die Bilder aus unserer unmittelbaren N\u00e4he im Fernsehen verfolgt h\u00e4tte: Die \u00dcberschwemmungskatastrophe im Ahrtal macht uns alle sprachlos. Als die Anfrage von Pfarrer Hauth, Eisenberg, der die Notfallseelsorge unserer\u2026","rel":"","context":"In &quot;R\u00fcckblick&quot;","block_context":{"text":"R\u00fcckblick","link":"https:\/\/evk-hornbach.de\/?cat=74"},"img":{"alt_text":"","src":"https:\/\/i0.wp.com\/evk-hornbach.de\/wp-content\/uploads\/2021\/07\/stiefel1.jpg?resize=350%2C200&ssl=1","width":350,"height":200,"srcset":"https:\/\/i0.wp.com\/evk-hornbach.de\/wp-content\/uploads\/2021\/07\/stiefel1.jpg?resize=350%2C200&ssl=1 1x, https:\/\/i0.wp.com\/evk-hornbach.de\/wp-content\/uploads\/2021\/07\/stiefel1.jpg?resize=525%2C300&ssl=1 1.5x, https:\/\/i0.wp.com\/evk-hornbach.de\/wp-content\/uploads\/2021\/07\/stiefel1.jpg?resize=700%2C400&ssl=1 2x, https:\/\/i0.wp.com\/evk-hornbach.de\/wp-content\/uploads\/2021\/07\/stiefel1.jpg?resize=1050%2C600&ssl=1 3x, https:\/\/i0.wp.com\/evk-hornbach.de\/wp-content\/uploads\/2021\/07\/stiefel1.jpg?resize=1400%2C800&ssl=1 4x"},"classes":[]}],"jetpack_sharing_enabled":true,"publishpress_future_action":{"enabled":false,"date":"2026-05-04 13:25:30","action":"change-status","newStatus":"draft","terms":[],"taxonomy":"category","extraData":[]},"publishpress_future_workflow_manual_trigger":{"enabledWorkflows":[]},"_links":{"self":[{"href":"https:\/\/evk-hornbach.de\/index.php?rest_route=\/wp\/v2\/posts\/2900","targetHints":{"allow":["GET"]}}],"collection":[{"href":"https:\/\/evk-hornbach.de\/index.php?rest_route=\/wp\/v2\/posts"}],"about":[{"href":"https:\/\/evk-hornbach.de\/index.php?rest_route=\/wp\/v2\/types\/post"}],"author":[{"embeddable":true,"href":"https:\/\/evk-hornbach.de\/index.php?rest_route=\/wp\/v2\/users\/2"}],"replies":[{"embeddable":true,"href":"https:\/\/evk-hornbach.de\/index.php?rest_route=%2Fwp%2Fv2%2Fcomments&post=2900"}],"version-history":[{"count":5,"href":"https:\/\/evk-hornbach.de\/index.php?rest_route=\/wp\/v2\/posts\/2900\/revisions"}],"predecessor-version":[{"id":2910,"href":"https:\/\/evk-hornbach.de\/index.php?rest_route=\/wp\/v2\/posts\/2900\/revisions\/2910"}],"wp:featuredmedia":[{"embeddable":true,"href":"https:\/\/evk-hornbach.de\/index.php?rest_route=\/wp\/v2\/media\/2902"}],"wp:attachment":[{"href":"https:\/\/evk-hornbach.de\/index.php?rest_route=%2Fwp%2Fv2%2Fmedia&parent=2900"}],"wp:term":[{"taxonomy":"category","embeddable":true,"href":"https:\/\/evk-hornbach.de\/index.php?rest_route=%2Fwp%2Fv2%2Fcategories&post=2900"},{"taxonomy":"post_tag","embeddable":true,"href":"https:\/\/evk-hornbach.de\/index.php?rest_route=%2Fwp%2Fv2%2Ftags&post=2900"},{"taxonomy":"series","embeddable":true,"href":"https:\/\/evk-hornbach.de\/index.php?rest_route=%2Fwp%2Fv2%2Fseries&post=2900"}],"curies":[{"name":"wp","href":"https:\/\/api.w.org\/{rel}","templated":true}]}}