{"id":2885,"date":"2018-09-28T16:49:33","date_gmt":"2018-09-28T14:49:33","guid":{"rendered":"http:\/\/evk-hornbach.de\/?p=2885"},"modified":"2018-09-28T17:19:52","modified_gmt":"2018-09-28T15:19:52","slug":"taize-in-der-klosterstadt","status":"publish","type":"post","link":"https:\/\/evk-hornbach.de\/?p=2885","title":{"rendered":"Taiz\u00e9 in der Klosterstadt"},"content":{"rendered":"<p style=\"text-align: center;\"><span style=\"font-size: 24pt;\">Taiz\u00e9\u00a0 in der Klosterstadt<\/span><\/p>\n<p style=\"text-align: center;\"><img loading=\"lazy\" decoding=\"async\" class=\"alignnone size-full wp-image-2884\" src=\"https:\/\/evk-hornbach.de\/wp-content\/uploads\/2017\/12\/index.jpg\" alt=\"\" width=\"258\" height=\"195\" \/><\/p>\n<p style=\"text-align: center;\"><strong>Workshop am <\/strong><strong>27.10. und am 28.10.2018<\/strong><\/p>\n<p style=\"text-align: center;\">\u201eDer Geist weht, wo er will\u201c (Joh 3,8)<\/p>\n<p style=\"text-align: center;\">Am letzten Wochenende im Oktober will die Protestantische Kirchengemeinde Hornbach ein St\u00fcck Taiz\u00e9 in die Klosterstadt bringen.<\/p>\n<p style=\"text-align: center;\">Von Samstagvormittag bis Sonntagabend sind alle Interessierten gleich welcher Konfession und welchen Glaubens eingeladen, in Gemeinschaft den Geist von Taiz\u00e9 zu ersp\u00fcren. Je nach Interesse und Begabung, k\u00f6nnen sich die Teilnehmer an verschiedenen Gruppen beteiligen, die von kompetenten Mitarbeitern geleitet werden:<\/p>\n<p style=\"text-align: center;\"><u>Gruppe Ia:<\/u> Chorgesang, <u>Gruppe Ib:<\/u> Versgesang (in Kombination mit der Gruppe I,a Chorgesang), <u>Gruppe II:<\/u> Instrumentalbegleitung, <u>Gruppe III:<\/u> Liturgie \/ Visuelle Gestaltung.<\/p>\n<p style=\"text-align: center;\">Die Gruppen treffen sich \u00fcber die Klosterstadt verteilt im evangelischen Jugendheim, in der Klosterkirche und im Fabianstift, finden aber auch immer wieder zusammen, f\u00fcr Impulse, Mittagessen und gemeinsamen Austausch.<\/p>\n<p style=\"text-align: center;\">Der Tag beginnt und endet jeweils mit einer Impulsandacht. Den Abschluss des Wochenendes bildet am Sonntagabend ein Taiz\u00e9-Gottesdienst, der nat\u00fcrlich auf dem von den Teilnehmerinnen und Teilnehmern Erarbeiteten basiert.<\/p>\n<p style=\"text-align: center;\">Die musikalische Gesamtleitung hat Oliver Duymel. Pfarrer Daniel Seel wird die theologische Leitung \u00fcbernehmen.<\/p>\n<p style=\"text-align: center;\"><span style=\"font-size: 14pt;\"><strong>Unkostenbeitrag:<\/strong><\/span> 25,- \u20ac (alle Getr\u00e4nke, kleine \u00a0Snacks, zwei Mittagessen und ein offizielles Taiz\u00e9-Gesangbuch inklusive, Bezahlung am 1. Tag des Workshops)<\/p>\n<p style=\"text-align: center;\">Info-Tel.: 06338 \/ 993040<\/p>\n<p style=\"text-align: center;\">Weitere Informationen und Anmeldung: <a href=\"https:\/\/evk-hornbach.de\/wp-content\/uploads\/2017\/12\/Prospekt-Taiz\u00ae-Workshop-ed_.pdf\">Prospekt Taize in der Klosterstadt<\/a><\/p>\n","protected":false},"excerpt":{"rendered":"<p>Taiz\u00e9\u00a0 in der Klosterstadt Workshop am 27.10. und am 28.10.2018 \u201eDer Geist weht, wo er will\u201c (Joh 3,8) Am letzten Wochenende im Oktober will die Protestantische Kirchengemeinde Hornbach ein St\u00fcck Taiz\u00e9 in die Klosterstadt bringen. Von Samstagvormittag bis Sonntagabend sind alle Interessierten gleich welcher Konfession und welchen Glaubens eingeladen, in Gemeinschaft den Geist von Taiz\u00e9&hellip; <a class=\"more-link\" href=\"https:\/\/evk-hornbach.de\/?p=2885\"><span class=\"screen-reader-text\">Taiz\u00e9 in der Klosterstadt<\/span> weiterlesen<\/a><\/p>\n","protected":false},"author":4,"featured_media":0,"comment_status":"open","ping_status":"open","sticky":false,"template":"","format":"standard","meta":{"_uag_custom_page_level_css":"","advgb_blocks_editor_width":"","advgb_blocks_columns_visual_guide":"","episode_type":"","audio_file":"","podmotor_file_id":"","podmotor_episode_id":"","cover_image":"","cover_image_id":"","duration":"","filesize":"","filesize_raw":"","date_recorded":"","explicit":"","block":"","cybocfi_hide_featured_image":"","_jetpack_memberships_contains_paid_content":false,"footnotes":""},"categories":[97,34,1,181],"tags":[],"series":[],"class_list":["post-2885","post","type-post","status-publish","format-standard","hentry","category-kirchenmusik","category-neuigkeiten","category-uncategorized","category-workshop","entry"],"episode_featured_image":false,"episode_player_image":"https:\/\/evk-hornbach.de\/wp-content\/uploads\/2017\/12\/losungandacht2026logov3.png","download_link":"","player_link":"","audio_player":false,"episode_data":{"playerMode":"dark","subscribeUrls":{"amazon":{"key":"amazon","url":"https:\/\/music.amazon.com\/podcasts\/46f9b0a9-b2db-4d5c-b947-5f5e4228a8e4\/losungsandachten-2022","label":"Amazon","class":"amazon","icon":"amazon.png"},"apple_podcasts":{"key":"apple_podcasts","url":"https:\/\/podcasts.apple.com\/de\/podcast\/losungsandachten-2022\/id1629150905","label":"Apple Podcasts","class":"apple_podcasts","icon":"apple-podcasts.png"},"deezer":{"key":"deezer","url":"","label":"Deezer","class":"deezer","icon":"deezer.png"},"podcast_de":{"key":"podcast_de","url":"","label":"Podcast.de","class":"podcast_de","icon":"podcast-de.png"},"rss":{"key":"rss","url":"https:\/\/evk-hornbach.de\/?cat=294&feed=rss2","label":"RSS","class":"rss","icon":"rss.png"},"rssradio":{"key":"rssradio","url":"","label":"RSSRadio","class":"rssradio","icon":"rssradio.png"},"spotify":{"key":"spotify","url":"https:\/\/open.spotify.com\/show\/5kJEFM4ESjFH2n1nivrIfi","label":"Spotify","class":"spotify","icon":"spotify.png"},"tunein":{"key":"tunein","url":"","label":"TuneIn","class":"tunein","icon":"tunein.png"},"fyyd_de":{"key":"fyyd_de","url":"https:\/\/fyyd.de\/podcast\/losungsandachten-2022\/0","label":"fyyd.de","class":"fyyd_de","icon":"fyyd-de.png"}},"rssFeedUrl":"https:\/\/evk-hornbach.de\/?feed=podcast&podcast_series=losungsandachten","embedCode":"<blockquote class=\"wp-embedded-content\" data-secret=\"u47MCGQ0eT\"><a href=\"https:\/\/evk-hornbach.de\/?p=2885\">Taiz\u00e9 in der Klosterstadt<\/a><\/blockquote><iframe sandbox=\"allow-scripts\" security=\"restricted\" src=\"https:\/\/evk-hornbach.de\/?p=2885&#038;embed=true#?secret=u47MCGQ0eT\" width=\"500\" height=\"350\" title=\"&#8222;Taiz\u00e9 in der Klosterstadt&#8220; &#8211; Prot. Kirchengemeinde Hornbachtal mit der prot. Kirchengemeinde Rimschweiler\" data-secret=\"u47MCGQ0eT\" frameborder=\"0\" marginwidth=\"0\" marginheight=\"0\" scrolling=\"no\" class=\"wp-embedded-content\"><\/iframe><script>\n\/*! This file is auto-generated *\/\n!function(d,l){\"use strict\";l.querySelector&&d.addEventListener&&\"undefined\"!=typeof URL&&(d.wp=d.wp||{},d.wp.receiveEmbedMessage||(d.wp.receiveEmbedMessage=function(e){var t=e.data;if((t||t.secret||t.message||t.value)&&!\/[^a-zA-Z0-9]\/.test(t.secret)){for(var s,r,n,a=l.querySelectorAll('iframe[data-secret=\"'+t.secret+'\"]'),o=l.querySelectorAll('blockquote[data-secret=\"'+t.secret+'\"]'),c=new RegExp(\"^https?:$\",\"i\"),i=0;i<o.length;i++)o[i].style.display=\"none\";for(i=0;i<a.length;i++)s=a[i],e.source===s.contentWindow&&(s.removeAttribute(\"style\"),\"height\"===t.message?(1e3<(r=parseInt(t.value,10))?r=1e3:~~r<200&&(r=200),s.height=r):\"link\"===t.message&&(r=new URL(s.getAttribute(\"src\")),n=new URL(t.value),c.test(n.protocol))&&n.host===r.host&&l.activeElement===s&&(d.top.location.href=t.value))}},d.addEventListener(\"message\",d.wp.receiveEmbedMessage,!1),l.addEventListener(\"DOMContentLoaded\",function(){for(var e,t,s=l.querySelectorAll(\"iframe.wp-embedded-content\"),r=0;r<s.length;r++)(t=(e=s[r]).getAttribute(\"data-secret\"))||(t=Math.random().toString(36).substring(2,12),e.src+=\"#?secret=\"+t,e.setAttribute(\"data-secret\",t)),e.contentWindow.postMessage({message:\"ready\",secret:t},\"*\")},!1)))}(window,document);\n\/\/# sourceURL=https:\/\/evk-hornbach.de\/wp-includes\/js\/wp-embed.min.js\n<\/script>\n"},"author_meta":{"display_name":"Patrick Gauter","author_link":"https:\/\/evk-hornbach.de\/?author=4"},"featured_img":null,"jetpack_featured_media_url":"","uagb_featured_image_src":{"full":false,"thumbnail":false,"medium":false,"medium_large":false,"large":false,"ug_big":false,"1536x1536":false,"2048x2048":false,"post-thumbnail":false},"uagb_author_info":{"display_name":"Patrick Gauter","author_link":"https:\/\/evk-hornbach.de\/?author=4"},"uagb_comment_info":0,"uagb_excerpt":"Taiz\u00e9\u00a0 in der Klosterstadt Workshop am 27.10. und am 28.10.2018 \u201eDer Geist weht, wo er will\u201c (Joh 3,8) Am letzten Wochenende im Oktober will die Protestantische Kirchengemeinde Hornbach ein St\u00fcck Taiz\u00e9 in die Klosterstadt bringen. Von Samstagvormittag bis Sonntagabend sind alle Interessierten gleich welcher Konfession und welchen Glaubens eingeladen, in Gemeinschaft den Geist von Taiz\u00e9&hellip;&hellip;","coauthors":[],"tax_additional":{"categories":{"linked":["<a href=\"https:\/\/evk-hornbach.de\/?cat=97\" class=\"advgb-post-tax-term\">Kirchenmusik<\/a>","<a href=\"https:\/\/evk-hornbach.de\/?cat=34\" class=\"advgb-post-tax-term\">Neuigkeiten<\/a>","<a href=\"https:\/\/evk-hornbach.de\/?cat=1\" class=\"advgb-post-tax-term\">Uncategorized<\/a>","<a href=\"https:\/\/evk-hornbach.de\/?cat=181\" class=\"advgb-post-tax-term\">Workshop<\/a>"],"unlinked":["<span class=\"advgb-post-tax-term\">Kirchenmusik<\/span>","<span class=\"advgb-post-tax-term\">Neuigkeiten<\/span>","<span class=\"advgb-post-tax-term\">Uncategorized<\/span>","<span class=\"advgb-post-tax-term\">Workshop<\/span>"]}},"comment_count":"0","relative_dates":{"created":"Ver\u00f6ffentlicht 8\u00a0Jahren vor","modified":"Aktualisiert 8\u00a0Jahren vor"},"absolute_dates":{"created":"Ver\u00f6ffentlicht am 28. September 2018","modified":"Aktualisiert am 28. September 2018"},"absolute_dates_time":{"created":"Ver\u00f6ffentlicht am 28. September 2018 16:49","modified":"Aktualisiert am 28. September 2018 17:19"},"featured_img_caption":"","series_order":"","jetpack-related-posts":[{"id":39469,"url":"https:\/\/evk-hornbach.de\/?p=39469","url_meta":{"origin":2885,"position":0},"title":"Losungsandacht f\u00fcr Dienstag, 11.08.2020","author":"Stina Esser","date":"11. August 2020","format":false,"excerpt":"F\u00fcr die Zeit, in der wir alle wegen der Epidemie in Isolation festsitzen, stellen wir t\u00e4glich eine 5-Minuten-Losungs-Andacht ins Netz. Text und Sprecher: Pfr. Christian G\u00fcnther, Mauschbach Die Ansprache zum Nachlesen kann man hier herunterladen. Um mehr als nur kluges Zeug von der Freude zu h\u00f6ren, sondern sie auch zu\u2026","rel":"","context":"In &quot;Losungsandacht&quot;","block_context":{"text":"Losungsandacht","link":"https:\/\/evk-hornbach.de\/?cat=294"},"img":{"alt_text":"","src":"https:\/\/i0.wp.com\/evk-hornbach.de\/wp-content\/uploads\/2016\/07\/divider-weiss-300x1.png?resize=350%2C200&ssl=1","width":350,"height":200},"classes":[]},{"id":40793,"url":"https:\/\/evk-hornbach.de\/?p=40793","url_meta":{"origin":2885,"position":1},"title":"Losungsandacht f\u00fcr Mittwoch, 17.02.2021","author":"Christian G\u00fcnther","date":"17. Februar 2021","format":false,"excerpt":"F\u00fcr die Zeit, in der wir alle wegen der Epidemie in Isolation festsitzen, stellen wir t\u00e4glich eine 5-Minuten-Losungs-Andacht ins Netz. Text und Sprecherin: Pfarrerin Suse G\u00fcnther, Mauschbach Die Ansprache zum Nachlesen kann man\u00a0hier herunterladen. NEU: Man kann die Andacht auch ganz ohne Internet unter der Telefonnummer 06338-993044 anh\u00f6ren. Nachdem man\u2026","rel":"","context":"In &quot;Losungsandacht&quot;","block_context":{"text":"Losungsandacht","link":"https:\/\/evk-hornbach.de\/?cat=294"},"img":{"alt_text":"","src":"https:\/\/i0.wp.com\/evk-hornbach.de\/wp-content\/uploads\/2021\/02\/losungen-2021cover1-900.png?resize=350%2C200&ssl=1","width":350,"height":200,"srcset":"https:\/\/i0.wp.com\/evk-hornbach.de\/wp-content\/uploads\/2021\/02\/losungen-2021cover1-900.png?resize=350%2C200&ssl=1 1x, https:\/\/i0.wp.com\/evk-hornbach.de\/wp-content\/uploads\/2021\/02\/losungen-2021cover1-900.png?resize=525%2C300&ssl=1 1.5x, https:\/\/i0.wp.com\/evk-hornbach.de\/wp-content\/uploads\/2021\/02\/losungen-2021cover1-900.png?resize=700%2C400&ssl=1 2x"},"classes":[]},{"id":38081,"url":"https:\/\/evk-hornbach.de\/?p=38081","url_meta":{"origin":2885,"position":2},"title":"Taiz\u00e9 in der Klosterstadt","author":"Patrick Gauter","date":"13. Oktober 2019","format":false,"excerpt":"Diese Jahr laden wir Sie wieder herzlich zu unserem Workshop ein. Anmeldeformular zum ausdrucken und anmelden: \u00a0","rel":"","context":"\u00c4hnlicher Beitrag","block_context":{"text":"\u00c4hnlicher Beitrag","link":""},"img":{"alt_text":"","src":"","width":0,"height":0},"classes":[]},{"id":42881,"url":"https:\/\/evk-hornbach.de\/?p=42881","url_meta":{"origin":2885,"position":3},"title":"Losungsandacht f\u00fcr Samstag, 06.11.2021","author":"Christian G\u00fcnther","date":"6. November 2021","format":false,"excerpt":"Wir begannen mit den Losungsandachten w\u00e4hrend der ersten Corona-Welle im M\u00e4rz 2020. Nun ist eine feste Einrichtung daraus geworden. Text und Sprecher: Pfr. Christian G\u00fcnther, Mauschbach Die Ansprache zum Nachlesen kann man\u00a0hier herunterladen. Man kann die Andacht auch ganz ohne Internet unter der Telefonnummer 06338-993044 anh\u00f6ren Man kann die Andachten\u2026","rel":"","context":"In &quot;Losungsandacht&quot;","block_context":{"text":"Losungsandacht","link":"https:\/\/evk-hornbach.de\/?cat=294"},"img":{"alt_text":"","src":"https:\/\/i0.wp.com\/evk-hornbach.de\/wp-content\/uploads\/2021\/02\/losungen-2021cover1-900.png?resize=350%2C200&ssl=1","width":350,"height":200,"srcset":"https:\/\/i0.wp.com\/evk-hornbach.de\/wp-content\/uploads\/2021\/02\/losungen-2021cover1-900.png?resize=350%2C200&ssl=1 1x, https:\/\/i0.wp.com\/evk-hornbach.de\/wp-content\/uploads\/2021\/02\/losungen-2021cover1-900.png?resize=525%2C300&ssl=1 1.5x, https:\/\/i0.wp.com\/evk-hornbach.de\/wp-content\/uploads\/2021\/02\/losungen-2021cover1-900.png?resize=700%2C400&ssl=1 2x"},"classes":[]},{"id":46340,"url":"https:\/\/evk-hornbach.de\/?p=46340","url_meta":{"origin":2885,"position":4},"title":"Losungsandacht f\u00fcr Donnerstag, 09.02.2023","author":"Christian G\u00fcnther","date":"9. Februar 2023","format":false,"excerpt":"Taiz\u00e9 Community Choir \u00b7 Wait for the Lord Text und Sprecherin: Pfrn. Suse G\u00fcnther, Mauschbach","rel":"","context":"In &quot;Losungsandacht&quot;","block_context":{"text":"Losungsandacht","link":"https:\/\/evk-hornbach.de\/?cat=294"},"img":{"alt_text":"","src":"https:\/\/i0.wp.com\/evk-hornbach.de\/wp-content\/uploads\/2017\/12\/Losungsandachten23-logo-flach800.png?resize=350%2C200&ssl=1","width":350,"height":200,"srcset":"https:\/\/i0.wp.com\/evk-hornbach.de\/wp-content\/uploads\/2017\/12\/Losungsandachten23-logo-flach800.png?resize=350%2C200&ssl=1 1x, https:\/\/i0.wp.com\/evk-hornbach.de\/wp-content\/uploads\/2017\/12\/Losungsandachten23-logo-flach800.png?resize=525%2C300&ssl=1 1.5x, https:\/\/i0.wp.com\/evk-hornbach.de\/wp-content\/uploads\/2017\/12\/Losungsandachten23-logo-flach800.png?resize=700%2C400&ssl=1 2x"},"classes":[]},{"id":44563,"url":"https:\/\/evk-hornbach.de\/?p=44563","url_meta":{"origin":2885,"position":5},"title":"Losungsandacht f\u00fcr Dienstag, 21.06.2022","author":"Christian G\u00fcnther","date":"21. Juni 2022","format":false,"excerpt":"Text und Sprecher: Pfr. Christian G\u00fcnther, Mauschbach","rel":"","context":"In &quot;Losungsandacht&quot;","block_context":{"text":"Losungsandacht","link":"https:\/\/evk-hornbach.de\/?cat=294"},"img":{"alt_text":"","src":"https:\/\/i0.wp.com\/evk-hornbach.de\/wp-content\/uploads\/2022\/04\/Hornbacher-Losungsandachten22.png?resize=350%2C200&ssl=1","width":350,"height":200,"srcset":"https:\/\/i0.wp.com\/evk-hornbach.de\/wp-content\/uploads\/2022\/04\/Hornbacher-Losungsandachten22.png?resize=350%2C200&ssl=1 1x, https:\/\/i0.wp.com\/evk-hornbach.de\/wp-content\/uploads\/2022\/04\/Hornbacher-Losungsandachten22.png?resize=525%2C300&ssl=1 1.5x, https:\/\/i0.wp.com\/evk-hornbach.de\/wp-content\/uploads\/2022\/04\/Hornbacher-Losungsandachten22.png?resize=700%2C400&ssl=1 2x"},"classes":[]}],"jetpack_sharing_enabled":true,"publishpress_future_action":{"enabled":false,"date":"2026-05-07 03:13:41","action":"change-status","newStatus":"draft","terms":[],"taxonomy":"category","extraData":[]},"publishpress_future_workflow_manual_trigger":{"enabledWorkflows":[]},"_links":{"self":[{"href":"https:\/\/evk-hornbach.de\/index.php?rest_route=\/wp\/v2\/posts\/2885","targetHints":{"allow":["GET"]}}],"collection":[{"href":"https:\/\/evk-hornbach.de\/index.php?rest_route=\/wp\/v2\/posts"}],"about":[{"href":"https:\/\/evk-hornbach.de\/index.php?rest_route=\/wp\/v2\/types\/post"}],"author":[{"embeddable":true,"href":"https:\/\/evk-hornbach.de\/index.php?rest_route=\/wp\/v2\/users\/4"}],"replies":[{"embeddable":true,"href":"https:\/\/evk-hornbach.de\/index.php?rest_route=%2Fwp%2Fv2%2Fcomments&post=2885"}],"version-history":[{"count":4,"href":"https:\/\/evk-hornbach.de\/index.php?rest_route=\/wp\/v2\/posts\/2885\/revisions"}],"predecessor-version":[{"id":2890,"href":"https:\/\/evk-hornbach.de\/index.php?rest_route=\/wp\/v2\/posts\/2885\/revisions\/2890"}],"wp:attachment":[{"href":"https:\/\/evk-hornbach.de\/index.php?rest_route=%2Fwp%2Fv2%2Fmedia&parent=2885"}],"wp:term":[{"taxonomy":"category","embeddable":true,"href":"https:\/\/evk-hornbach.de\/index.php?rest_route=%2Fwp%2Fv2%2Fcategories&post=2885"},{"taxonomy":"post_tag","embeddable":true,"href":"https:\/\/evk-hornbach.de\/index.php?rest_route=%2Fwp%2Fv2%2Ftags&post=2885"},{"taxonomy":"series","embeddable":true,"href":"https:\/\/evk-hornbach.de\/index.php?rest_route=%2Fwp%2Fv2%2Fseries&post=2885"}],"curies":[{"name":"wp","href":"https:\/\/api.w.org\/{rel}","templated":true}]}}