{"id":2879,"date":"2018-09-28T16:38:51","date_gmt":"2018-09-28T14:38:51","guid":{"rendered":"http:\/\/evk-hornbach.de\/?p=2879"},"modified":"2018-09-28T16:38:51","modified_gmt":"2018-09-28T14:38:51","slug":"kleidersammlung-fuer-bethel-im-oktober-2016-2-2","status":"publish","type":"post","link":"https:\/\/evk-hornbach.de\/?p=2879","title":{"rendered":"Kleidersammlung im Oktober 2018"},"content":{"rendered":"<p>Wie jedes Jahr wird\u00a0auch 2018 eine (Alt-)<a href=\"http:\/\/www.brockensammlung-bethel.de\/kleiderspenden.html\" target=\"_blank\" rel=\"noopener\">Kleidersammlung f\u00fcr die Bodelschwinghschen Anstalten in Bethel<\/a> durchgef\u00fchrt.<br \/>\nDabei gibt es einige Regeln:<\/p>\n<p>Bitte nur gut erhaltene Kleidung und W\u00e4sche, Schuhe, Handtaschen, Pl\u00fcschtiere, Federbetten und paarweise geb\u00fcndelte Schuhe in den Kleidersack geben.<br \/>\n<strong>Nicht hinein geh\u00f6ren:<\/strong> <em>Lumpen, nasse, stark verschmutzte oder stark besch\u00e4digte Kleidung und W\u00e4sche, Textilreste, abgetragene Schuhe, Einzelschuhe, Gummistiefel, Skischuhe, Klein- und Elektroger\u00e4te.<\/em><\/p>\n<p><strong>F\u00fcr Ihre Unterst\u00fctzung danken Ihnen: die v. Bodelschwinghschen <\/strong><br \/>\n<strong>Stiftungen Bethel sowie die Prot. Kirchengem. Hornbach-Brenschelbach<\/strong><\/p>\n<h3>In Brenschelbach:<\/h3>\n<p><span style=\"color: #ff0000;\"><strong>Abgabestelle<\/strong><\/span>: Ev. Kirche, Glockengasse (s. Hinweisschild)<\/p>\n<p><span style=\"color: #0000ff;\"><strong>Abgabezeitraum<\/strong><\/span>: 13. bis 15. Oktober<\/p>\n<h3>In Hornbach, Mauschbach und Dietrichingen:<\/h3>\n<p><span style=\"color: #ff0000;\"><strong>Abgabestellen<\/strong><\/span>:<\/p>\n<ul>\n<li><strong>Hornbach<\/strong>:\u00a0Prot. Kindergarten, Talstr. 32 (w\u00e4hrend der \u00d6ffnungszeiten), und\u00a0bei\u00a0Fam. Elisabeth Platz, Zinselstr. 22 (im Hof \u2013siehe Hinweisschilder)<\/li>\n<li><strong>Mauschbach<\/strong>:\u00a0Fam. Walter Weber (Radio), Schulstra\u00dfe 1<\/li>\n<li><strong>Dietrichingen<\/strong>: Fam. Ilona Seegm\u00fcller, Hauptstr. 29<\/li>\n<\/ul>\n<p><span style=\"color: #0000ff;\"><strong>Abgabezeitraum<\/strong><\/span>: 9. &#8211; 15. Oktober<\/p>\n<h3>In Althornbach:<\/h3>\n<p><span style=\"color: #ff0000;\"><strong>Abgabestelle<\/strong><\/span>: Klaus-Dieter Ziemerle (Allianz), Luitpoldstr. 1, \u00a0(S\u00e4cke in die Garage stellen &#8211; siehe Hinweisschild)<\/p>\n<p><span style=\"color: #0000ff;\"><strong>Abgabezeitraum<\/strong><\/span>: 9. &#8211; 15. Oktober<\/p>\n","protected":false},"excerpt":{"rendered":"<p>Wie jedes Jahr wird\u00a0auch 2018 eine (Alt-)Kleidersammlung f\u00fcr die Bodelschwinghschen Anstalten in Bethel durchgef\u00fchrt. Dabei gibt es einige Regeln: Bitte nur gut erhaltene Kleidung und W\u00e4sche, Schuhe, Handtaschen, Pl\u00fcschtiere, Federbetten und paarweise geb\u00fcndelte Schuhe in den Kleidersack geben. Nicht hinein geh\u00f6ren: Lumpen, nasse, stark verschmutzte oder stark besch\u00e4digte Kleidung und W\u00e4sche, Textilreste, abgetragene Schuhe, Einzelschuhe,&hellip; <a class=\"more-link\" href=\"https:\/\/evk-hornbach.de\/?p=2879\"><span class=\"screen-reader-text\">Kleidersammlung im Oktober 2018<\/span> weiterlesen<\/a><\/p>\n","protected":false},"author":2,"featured_media":379,"comment_status":"open","ping_status":"open","sticky":false,"template":"","format":"standard","meta":{"_uag_custom_page_level_css":"","advgb_blocks_editor_width":"","advgb_blocks_columns_visual_guide":"","episode_type":"","audio_file":"","podmotor_file_id":"","podmotor_episode_id":"","cover_image":"","cover_image_id":"","duration":"","filesize":"","filesize_raw":"","date_recorded":"","explicit":"","block":"","cybocfi_hide_featured_image":"","_jetpack_memberships_contains_paid_content":false,"footnotes":""},"categories":[53,42],"tags":[127,125,126],"series":[],"class_list":["post-2879","post","type-post","status-publish","format-standard","has-post-thumbnail","hentry","category-kleidersammlung","category-vorankuendigung","tag-altkleider","tag-bodelschwinghsche-anstalten","tag-kleidersammlung","entry"],"episode_featured_image":"https:\/\/evk-hornbach.de\/wp-content\/uploads\/2016\/09\/dresses-816033_640.jpg","episode_player_image":"https:\/\/evk-hornbach.de\/wp-content\/uploads\/2017\/12\/losungandacht2026logov3.png","download_link":"","player_link":"","audio_player":false,"episode_data":{"playerMode":"dark","subscribeUrls":{"amazon":{"key":"amazon","url":"https:\/\/music.amazon.com\/podcasts\/46f9b0a9-b2db-4d5c-b947-5f5e4228a8e4\/losungsandachten-2022","label":"Amazon","class":"amazon","icon":"amazon.png"},"apple_podcasts":{"key":"apple_podcasts","url":"https:\/\/podcasts.apple.com\/de\/podcast\/losungsandachten-2022\/id1629150905","label":"Apple Podcasts","class":"apple_podcasts","icon":"apple-podcasts.png"},"deezer":{"key":"deezer","url":"","label":"Deezer","class":"deezer","icon":"deezer.png"},"podcast_de":{"key":"podcast_de","url":"","label":"Podcast.de","class":"podcast_de","icon":"podcast-de.png"},"rss":{"key":"rss","url":"https:\/\/evk-hornbach.de\/?cat=294&feed=rss2","label":"RSS","class":"rss","icon":"rss.png"},"rssradio":{"key":"rssradio","url":"","label":"RSSRadio","class":"rssradio","icon":"rssradio.png"},"spotify":{"key":"spotify","url":"https:\/\/open.spotify.com\/show\/5kJEFM4ESjFH2n1nivrIfi","label":"Spotify","class":"spotify","icon":"spotify.png"},"tunein":{"key":"tunein","url":"","label":"TuneIn","class":"tunein","icon":"tunein.png"},"fyyd_de":{"key":"fyyd_de","url":"https:\/\/fyyd.de\/podcast\/losungsandachten-2022\/0","label":"fyyd.de","class":"fyyd_de","icon":"fyyd-de.png"}},"rssFeedUrl":"https:\/\/evk-hornbach.de\/?feed=podcast&podcast_series=losungsandachten","embedCode":"<blockquote class=\"wp-embedded-content\" data-secret=\"C7Yrrjt2z0\"><a href=\"https:\/\/evk-hornbach.de\/?p=2879\">Kleidersammlung im Oktober 2018<\/a><\/blockquote><iframe sandbox=\"allow-scripts\" security=\"restricted\" src=\"https:\/\/evk-hornbach.de\/?p=2879&#038;embed=true#?secret=C7Yrrjt2z0\" width=\"500\" height=\"350\" title=\"&#8222;Kleidersammlung im Oktober 2018&#8220; &#8211; Prot. Kirchengemeinde Hornbachtal mit der prot. Kirchengemeinde Rimschweiler\" data-secret=\"C7Yrrjt2z0\" frameborder=\"0\" marginwidth=\"0\" marginheight=\"0\" scrolling=\"no\" class=\"wp-embedded-content\"><\/iframe><script>\n\/*! This file is auto-generated *\/\n!function(d,l){\"use strict\";l.querySelector&&d.addEventListener&&\"undefined\"!=typeof URL&&(d.wp=d.wp||{},d.wp.receiveEmbedMessage||(d.wp.receiveEmbedMessage=function(e){var t=e.data;if((t||t.secret||t.message||t.value)&&!\/[^a-zA-Z0-9]\/.test(t.secret)){for(var s,r,n,a=l.querySelectorAll('iframe[data-secret=\"'+t.secret+'\"]'),o=l.querySelectorAll('blockquote[data-secret=\"'+t.secret+'\"]'),c=new RegExp(\"^https?:$\",\"i\"),i=0;i<o.length;i++)o[i].style.display=\"none\";for(i=0;i<a.length;i++)s=a[i],e.source===s.contentWindow&&(s.removeAttribute(\"style\"),\"height\"===t.message?(1e3<(r=parseInt(t.value,10))?r=1e3:~~r<200&&(r=200),s.height=r):\"link\"===t.message&&(r=new URL(s.getAttribute(\"src\")),n=new URL(t.value),c.test(n.protocol))&&n.host===r.host&&l.activeElement===s&&(d.top.location.href=t.value))}},d.addEventListener(\"message\",d.wp.receiveEmbedMessage,!1),l.addEventListener(\"DOMContentLoaded\",function(){for(var e,t,s=l.querySelectorAll(\"iframe.wp-embedded-content\"),r=0;r<s.length;r++)(t=(e=s[r]).getAttribute(\"data-secret\"))||(t=Math.random().toString(36).substring(2,12),e.src+=\"#?secret=\"+t,e.setAttribute(\"data-secret\",t)),e.contentWindow.postMessage({message:\"ready\",secret:t},\"*\")},!1)))}(window,document);\n\/\/# sourceURL=https:\/\/evk-hornbach.de\/wp-includes\/js\/wp-embed.min.js\n<\/script>\n"},"author_meta":{"display_name":"Christian G\u00fcnther","author_link":"https:\/\/evk-hornbach.de\/?author=2"},"featured_img":"https:\/\/evk-hornbach.de\/wp-content\/uploads\/2016\/09\/dresses-816033_640-300x200.jpg","jetpack_featured_media_url":"https:\/\/evk-hornbach.de\/wp-content\/uploads\/2016\/09\/dresses-816033_640.jpg","uagb_featured_image_src":{"full":["https:\/\/evk-hornbach.de\/wp-content\/uploads\/2016\/09\/dresses-816033_640.jpg",640,426,false],"thumbnail":["https:\/\/evk-hornbach.de\/wp-content\/uploads\/2016\/09\/dresses-816033_640-150x150.jpg",150,150,true],"medium":["https:\/\/evk-hornbach.de\/wp-content\/uploads\/2016\/09\/dresses-816033_640-300x200.jpg",300,200,true],"medium_large":["https:\/\/evk-hornbach.de\/wp-content\/uploads\/2016\/09\/dresses-816033_640.jpg",640,426,false],"large":["https:\/\/evk-hornbach.de\/wp-content\/uploads\/2016\/09\/dresses-816033_640.jpg",640,426,false],"ug_big":["https:\/\/evk-hornbach.de\/wp-content\/uploads\/2016\/09\/dresses-816033_640.jpg",640,426,false],"1536x1536":["https:\/\/evk-hornbach.de\/wp-content\/uploads\/2016\/09\/dresses-816033_640.jpg",640,426,false],"2048x2048":["https:\/\/evk-hornbach.de\/wp-content\/uploads\/2016\/09\/dresses-816033_640.jpg",640,426,false],"post-thumbnail":["https:\/\/evk-hornbach.de\/wp-content\/uploads\/2016\/09\/dresses-816033_640.jpg",640,426,false]},"uagb_author_info":{"display_name":"Christian G\u00fcnther","author_link":"https:\/\/evk-hornbach.de\/?author=2"},"uagb_comment_info":0,"uagb_excerpt":"Wie jedes Jahr wird\u00a0auch 2018 eine (Alt-)Kleidersammlung f\u00fcr die Bodelschwinghschen Anstalten in Bethel durchgef\u00fchrt. Dabei gibt es einige Regeln: Bitte nur gut erhaltene Kleidung und W\u00e4sche, Schuhe, Handtaschen, Pl\u00fcschtiere, Federbetten und paarweise geb\u00fcndelte Schuhe in den Kleidersack geben. Nicht hinein geh\u00f6ren: Lumpen, nasse, stark verschmutzte oder stark besch\u00e4digte Kleidung und W\u00e4sche, Textilreste, abgetragene Schuhe, Einzelschuhe,&hellip;&hellip;","coauthors":[],"tax_additional":{"categories":{"linked":["<a href=\"https:\/\/evk-hornbach.de\/?cat=53\" class=\"advgb-post-tax-term\">Kleidersammlung<\/a>","<a href=\"https:\/\/evk-hornbach.de\/?cat=42\" class=\"advgb-post-tax-term\">Vorank\u00fcndigung<\/a>"],"unlinked":["<span class=\"advgb-post-tax-term\">Kleidersammlung<\/span>","<span class=\"advgb-post-tax-term\">Vorank\u00fcndigung<\/span>"]},"tags":{"linked":["<a href=\"https:\/\/evk-hornbach.de\/?cat=42\" class=\"advgb-post-tax-term\">Altkleider<\/a>","<a href=\"https:\/\/evk-hornbach.de\/?cat=42\" class=\"advgb-post-tax-term\">Bodelschwinghsche Anstalten<\/a>","<a href=\"https:\/\/evk-hornbach.de\/?cat=42\" class=\"advgb-post-tax-term\">Kleidersammlung<\/a>"],"unlinked":["<span class=\"advgb-post-tax-term\">Altkleider<\/span>","<span class=\"advgb-post-tax-term\">Bodelschwinghsche Anstalten<\/span>","<span class=\"advgb-post-tax-term\">Kleidersammlung<\/span>"]}},"comment_count":"0","relative_dates":{"created":"Ver\u00f6ffentlicht 8\u00a0Jahren vor","modified":"Aktualisiert 8\u00a0Jahren vor"},"absolute_dates":{"created":"Ver\u00f6ffentlicht am 28. September 2018","modified":"Aktualisiert am 28. September 2018"},"absolute_dates_time":{"created":"Ver\u00f6ffentlicht am 28. September 2018 16:38","modified":"Aktualisiert am 28. September 2018 16:38"},"featured_img_caption":"","series_order":"","jetpack-related-posts":[{"id":1626,"url":"https:\/\/evk-hornbach.de\/?p=1626","url_meta":{"origin":2879,"position":0},"title":"Kleidersammlung im Oktober 2017","author":"Christian G\u00fcnther","date":"2. Oktober 2017","format":false,"excerpt":"Wie jedes Jahr wird\u00a0auch 2017 eine (Alt-)Kleidersammlung f\u00fcr die Bodelschwinghschen Anstalten in Bethel durchgef\u00fchrt. Dabei gibt es einige Regeln: Bitte nur gut erhaltene Kleidung und W\u00e4sche, Schuhe, Handtaschen, Pl\u00fcschtiere, Federbetten und paarweise geb\u00fcndelte Schuhe in den Kleidersack geben. Nicht hinein geh\u00f6ren: Lumpen, nasse, stark verschmutzte oder stark besch\u00e4digte Kleidung und\u2026","rel":"","context":"In &quot;Kleidersammlung&quot;","block_context":{"text":"Kleidersammlung","link":"https:\/\/evk-hornbach.de\/?cat=53"},"img":{"alt_text":"","src":"https:\/\/i0.wp.com\/evk-hornbach.de\/wp-content\/uploads\/2016\/09\/dresses-816033_640.jpg?resize=350%2C200&ssl=1","width":350,"height":200,"srcset":"https:\/\/i0.wp.com\/evk-hornbach.de\/wp-content\/uploads\/2016\/09\/dresses-816033_640.jpg?resize=350%2C200&ssl=1 1x, https:\/\/i0.wp.com\/evk-hornbach.de\/wp-content\/uploads\/2016\/09\/dresses-816033_640.jpg?resize=525%2C300&ssl=1 1.5x"},"classes":[]},{"id":377,"url":"https:\/\/evk-hornbach.de\/?p=377","url_meta":{"origin":2879,"position":1},"title":"Kleidersammlung im Oktober 2016","author":"Christian G\u00fcnther","date":"23. September 2016","format":false,"excerpt":"Wie jedes Jahr wird\u00a0auch 2016 eine (Alt-)Kleidersammlung f\u00fcr die Bodelschwinghschen Anstalten in Bethel durchgef\u00fchrt. Dabei gibt es einige Regeln: Bitte nur gut erhaltene Kleidung und W\u00e4sche, Schuhe, Handtaschen, Pl\u00fcschtiere, Federbetten und paarweise geb\u00fcndelte Schuhe in den Kleidersack geben. Nicht hinein geh\u00f6ren: Lumpen, nasse, stark verschmutzte oder stark besch\u00e4digte Kleidung und\u2026","rel":"","context":"In &quot;Kleidersammlung&quot;","block_context":{"text":"Kleidersammlung","link":"https:\/\/evk-hornbach.de\/?cat=53"},"img":{"alt_text":"","src":"https:\/\/i0.wp.com\/evk-hornbach.de\/wp-content\/uploads\/2016\/09\/dresses-816033_640.jpg?resize=350%2C200&ssl=1","width":350,"height":200,"srcset":"https:\/\/i0.wp.com\/evk-hornbach.de\/wp-content\/uploads\/2016\/09\/dresses-816033_640.jpg?resize=350%2C200&ssl=1 1x, https:\/\/i0.wp.com\/evk-hornbach.de\/wp-content\/uploads\/2016\/09\/dresses-816033_640.jpg?resize=525%2C300&ssl=1 1.5x"},"classes":[]},{"id":1580,"url":"https:\/\/evk-hornbach.de\/?p=1580","url_meta":{"origin":2879,"position":2},"title":"Herzliche Einladung zu den Erntedank-Gottesdiensten in Hornbach und Brenschelbach!","author":"Christian G\u00fcnther","date":"20. September 2017","format":"aside","excerpt":"Hornbach, Klosterkirche: Am 1. Oktober ist Erntedankfest, und dieses wird wie immer mit einem Abendmahlsgottesdienst ab 10 Uhr in der Klosterkirche gefeiert. Er wird vom Hornbacher Chor Cantus Novus musikalisch mitgestaltet. Wir freuen uns, wenn Sie kommen und mit uns zusammen Gott daf\u00fcr danken, dass er uns in Deutschland trotz\u2026","rel":"","context":"In &quot;Event&quot;","block_context":{"text":"Event","link":"https:\/\/evk-hornbach.de\/?cat=59"},"img":{"alt_text":"","src":"https:\/\/i0.wp.com\/evk-hornbach.de\/wp-content\/uploads\/2016\/08\/herbstkorb800600.jpg?resize=350%2C200&ssl=1","width":350,"height":200,"srcset":"https:\/\/i0.wp.com\/evk-hornbach.de\/wp-content\/uploads\/2016\/08\/herbstkorb800600.jpg?resize=350%2C200&ssl=1 1x, https:\/\/i0.wp.com\/evk-hornbach.de\/wp-content\/uploads\/2016\/08\/herbstkorb800600.jpg?resize=525%2C300&ssl=1 1.5x, https:\/\/i0.wp.com\/evk-hornbach.de\/wp-content\/uploads\/2016\/08\/herbstkorb800600.jpg?resize=700%2C400&ssl=1 2x"},"classes":[]},{"id":451,"url":"https:\/\/evk-hornbach.de\/?p=451","url_meta":{"origin":2879,"position":3},"title":"Adventsbasar in Brenschelbach am Ewigkeitssonntag, 20.11.","author":"Christian G\u00fcnther","date":"27. Oktober 2016","format":false,"excerpt":"Am 20. November 2016 findet ab 14 Uhr wieder der\u00a0traditionelle Basar der Kirchengemeinde Brenschelbach in der ev. Kirche statt. Angeboten werden wieder Adventskr\u00e4nze, T\u00fcrkr\u00e4nze, Gestecke, Kerzen und andere Weihnachtsbasteleien. Die Kinder der Kindergruppe \"Wolke 7\" werden sich auch wieder beteiligen. Es gibt Kaffee und Kuchen. Der Erl\u00f6s wird f\u00fcr verschiedene\u2026","rel":"","context":"In &quot;Event&quot;","block_context":{"text":"Event","link":"https:\/\/evk-hornbach.de\/?cat=59"},"img":{"alt_text":"","src":"https:\/\/i0.wp.com\/evk-hornbach.de\/wp-content\/uploads\/2016\/10\/armeleutekrippe-bb.jpg?resize=350%2C200&ssl=1","width":350,"height":200,"srcset":"https:\/\/i0.wp.com\/evk-hornbach.de\/wp-content\/uploads\/2016\/10\/armeleutekrippe-bb.jpg?resize=350%2C200&ssl=1 1x, https:\/\/i0.wp.com\/evk-hornbach.de\/wp-content\/uploads\/2016\/10\/armeleutekrippe-bb.jpg?resize=525%2C300&ssl=1 1.5x, https:\/\/i0.wp.com\/evk-hornbach.de\/wp-content\/uploads\/2016\/10\/armeleutekrippe-bb.jpg?resize=700%2C400&ssl=1 2x"},"classes":[]},{"id":42661,"url":"https:\/\/evk-hornbach.de\/?p=42661","url_meta":{"origin":2879,"position":4},"title":"Musikalische Andacht am 1. Oktober 2021, 19:00 Uhr","author":"Christian G\u00fcnther","date":"29. September 2021","format":false,"excerpt":"[ujicountdown id=\"bigdate\" expire=\"2021\/10\/01 19:00\" hide=\"true\" url=\"\" subscr=\"undefined\" recurring=\"\" rectype=\"second\" repeats=\"\"] Klicken Sie auf das untere Bild, wenn Sie die Musikandacht direkt auf YouTube ansehen wollen. Die Wiedergabe startet genau zum Musikandachtsbeginn. in der Klosterkirche zu Hornbach Ulrich Heil, Liturgie und Klavier und Birgit Wenzel-Heil, Sprecherin Musikalische Andacht zum Erntedankfest mit\u2026","rel":"","context":"In &quot;Event&quot;","block_context":{"text":"Event","link":"https:\/\/evk-hornbach.de\/?cat=59"},"img":{"alt_text":"","src":"https:\/\/i0.wp.com\/evk-hornbach.de\/wp-content\/uploads\/2021\/09\/thumbnail_andacht_01102021mpb-1024x576.png?resize=350%2C200&ssl=1","width":350,"height":200,"srcset":"https:\/\/i0.wp.com\/evk-hornbach.de\/wp-content\/uploads\/2021\/09\/thumbnail_andacht_01102021mpb-1024x576.png?resize=350%2C200&ssl=1 1x, https:\/\/i0.wp.com\/evk-hornbach.de\/wp-content\/uploads\/2021\/09\/thumbnail_andacht_01102021mpb-1024x576.png?resize=525%2C300&ssl=1 1.5x, https:\/\/i0.wp.com\/evk-hornbach.de\/wp-content\/uploads\/2021\/09\/thumbnail_andacht_01102021mpb-1024x576.png?resize=700%2C400&ssl=1 2x"},"classes":[]},{"id":40581,"url":"https:\/\/evk-hornbach.de\/?p=40581","url_meta":{"origin":2879,"position":5},"title":"Presbyterium der Kirchengemeinde Hornbach-Brenschelbach ins Amt eingef\u00fchrt","author":"Christian G\u00fcnther","date":"10. Januar 2021","format":false,"excerpt":"Gestern (ab 17 Uhr in der Ev. Kirche Brenschelbach) und heute (ab 10 Uhr in der Klosterkirche Hornbach) wurden die frisch gew\u00e4hlten Presbyterinnen und Presbyter im Rahmen zweier feierlicher Gottesdienste in ihr neues Amt eingef\u00fchrt und die nicht mehr kandidierenden (nun ehemaligen) PresbyterInnen verabschiedet. Auch die Ersatzpresbyterinnen und -presbyter wurden\u2026","rel":"","context":"In &quot;Online&quot;","block_context":{"text":"Online","link":"https:\/\/evk-hornbach.de\/?cat=269"},"img":{"alt_text":"","src":"https:\/\/i0.wp.com\/evk-hornbach.de\/wp-content\/uploads\/2021\/01\/p-einfuehrung.jpg?resize=350%2C200&ssl=1","width":350,"height":200,"srcset":"https:\/\/i0.wp.com\/evk-hornbach.de\/wp-content\/uploads\/2021\/01\/p-einfuehrung.jpg?resize=350%2C200&ssl=1 1x, https:\/\/i0.wp.com\/evk-hornbach.de\/wp-content\/uploads\/2021\/01\/p-einfuehrung.jpg?resize=525%2C300&ssl=1 1.5x"},"classes":[]}],"jetpack_sharing_enabled":true,"publishpress_future_action":{"enabled":false,"date":"2026-05-07 04:32:46","action":"change-status","newStatus":"draft","terms":[],"taxonomy":"category","extraData":[]},"publishpress_future_workflow_manual_trigger":{"enabledWorkflows":[]},"_links":{"self":[{"href":"https:\/\/evk-hornbach.de\/index.php?rest_route=\/wp\/v2\/posts\/2879","targetHints":{"allow":["GET"]}}],"collection":[{"href":"https:\/\/evk-hornbach.de\/index.php?rest_route=\/wp\/v2\/posts"}],"about":[{"href":"https:\/\/evk-hornbach.de\/index.php?rest_route=\/wp\/v2\/types\/post"}],"author":[{"embeddable":true,"href":"https:\/\/evk-hornbach.de\/index.php?rest_route=\/wp\/v2\/users\/2"}],"replies":[{"embeddable":true,"href":"https:\/\/evk-hornbach.de\/index.php?rest_route=%2Fwp%2Fv2%2Fcomments&post=2879"}],"version-history":[{"count":1,"href":"https:\/\/evk-hornbach.de\/index.php?rest_route=\/wp\/v2\/posts\/2879\/revisions"}],"predecessor-version":[{"id":2880,"href":"https:\/\/evk-hornbach.de\/index.php?rest_route=\/wp\/v2\/posts\/2879\/revisions\/2880"}],"wp:featuredmedia":[{"embeddable":true,"href":"https:\/\/evk-hornbach.de\/index.php?rest_route=\/wp\/v2\/media\/379"}],"wp:attachment":[{"href":"https:\/\/evk-hornbach.de\/index.php?rest_route=%2Fwp%2Fv2%2Fmedia&parent=2879"}],"wp:term":[{"taxonomy":"category","embeddable":true,"href":"https:\/\/evk-hornbach.de\/index.php?rest_route=%2Fwp%2Fv2%2Fcategories&post=2879"},{"taxonomy":"post_tag","embeddable":true,"href":"https:\/\/evk-hornbach.de\/index.php?rest_route=%2Fwp%2Fv2%2Ftags&post=2879"},{"taxonomy":"series","embeddable":true,"href":"https:\/\/evk-hornbach.de\/index.php?rest_route=%2Fwp%2Fv2%2Fseries&post=2879"}],"curies":[{"name":"wp","href":"https:\/\/api.w.org\/{rel}","templated":true}]}}