{"id":2740,"date":"2018-08-23T07:50:59","date_gmt":"2018-08-23T05:50:59","guid":{"rendered":"http:\/\/evk-hornbach.de\/?p=2740"},"modified":"2018-08-25T16:36:45","modified_gmt":"2018-08-25T14:36:45","slug":"benefizkonzert-mit-musik-fuer-violoncello-solo-am-1-september-2018","status":"publish","type":"post","link":"https:\/\/evk-hornbach.de\/?p=2740","title":{"rendered":"Benefizkonzert mit Musik f\u00fcr Violoncello solo am 1. September 2018"},"content":{"rendered":"<p>zugunsten der Jugend- und Gemeindearbeit Hornbach.<\/p>\n<h3>in der St. Fabianskirche, 19:00 Uhr<\/h3>\n<p>Interpret: <strong>Jakob Seel, Violoncello<\/strong><br \/>\nWerke von<strong> J.S.Bach und G.Crumb<\/strong><\/p>\n<p><img loading=\"lazy\" decoding=\"async\" class=\" alignleft\" src=\"https:\/\/pbs.twimg.com\/profile_images\/757950112354140160\/lsArxtGw_400x400.jpg\" width=\"335\" height=\"335\" \/>Jakob Daniel Seel, Jahrgang 1999, bekam als Jugendlicher Violoncellounterricht bei Mario Blaumer in Saarbr\u00fccken, gewann mehrfach auf Landes- und Bundesebene Preise bei Jugend Musiziert, spielte als Stimmf\u00fchrer beim Landesjugendorchester Saar und absolvierte Meisterkurse und Workshops bei Wen Sinn Yang und Daniel M\u00fcller Schott. Kammermusik lernte er auch u.a. bei Mitgliedern des Faur\u00e9 Quartetts und des Artemis Quartetts, bei Frank-Immo Zichner und Pascal Devoyon. Derzeit studiert er an der Universit\u00e4t der K\u00fcnste Berlin mit Hauptfach Violoncello bei Konstantin Heidrich. Gefragt als Kammer- und Orchestermusiker spielte er schon bei prominenten Anl\u00e4ssen und Urauff\u00fchrungen renommierter Komponisten. Im Herbst 2018 wird er mit einem Ensemble der UdK Berlin China bereisen. Im Fabianstift bringt er die Cellosuiten in d-moll und C-dur von Johann Sebastian Bach und die Sonata for Cello solo von George Crumb zur Auff\u00fchrung.<\/p>\n<p><em><strong>Eintritt frei &#8211; Spende wird erbeten<\/strong><\/em><\/p>\n","protected":false},"excerpt":{"rendered":"<p>zugunsten der Jugend- und Gemeindearbeit Hornbach. in der St. Fabianskirche, 19:00 Uhr Interpret: Jakob Seel, Violoncello Werke von J.S.Bach und G.Crumb Jakob Daniel Seel, Jahrgang 1999, bekam als Jugendlicher Violoncellounterricht bei Mario Blaumer in Saarbr\u00fccken, gewann mehrfach auf Landes- und Bundesebene Preise bei Jugend Musiziert, spielte als Stimmf\u00fchrer beim Landesjugendorchester Saar und absolvierte Meisterkurse und&hellip; <a class=\"more-link\" href=\"https:\/\/evk-hornbach.de\/?p=2740\"><span class=\"screen-reader-text\">Benefizkonzert mit Musik f\u00fcr Violoncello solo am 1. September 2018<\/span> weiterlesen<\/a><\/p>\n","protected":false},"author":2,"featured_media":0,"comment_status":"open","ping_status":"open","sticky":false,"template":"","format":"aside","meta":{"_uag_custom_page_level_css":"","advgb_blocks_editor_width":"","advgb_blocks_columns_visual_guide":"","episode_type":"","audio_file":"","podmotor_file_id":"","podmotor_episode_id":"","cover_image":"","cover_image_id":"","duration":"","filesize":"","filesize_raw":"","date_recorded":"","explicit":"","block":"","cybocfi_hide_featured_image":"","_jetpack_memberships_contains_paid_content":false,"footnotes":""},"categories":[1],"tags":[],"series":[],"class_list":["post-2740","post","type-post","status-publish","format-aside","hentry","category-uncategorized","post_format-post-format-aside","entry"],"episode_featured_image":false,"episode_player_image":"https:\/\/evk-hornbach.de\/wp-content\/uploads\/2017\/12\/losungandacht2026logov3.png","download_link":"","player_link":"","audio_player":false,"episode_data":{"playerMode":"dark","subscribeUrls":{"amazon":{"key":"amazon","url":"https:\/\/music.amazon.com\/podcasts\/46f9b0a9-b2db-4d5c-b947-5f5e4228a8e4\/losungsandachten-2022","label":"Amazon","class":"amazon","icon":"amazon.png"},"apple_podcasts":{"key":"apple_podcasts","url":"https:\/\/podcasts.apple.com\/de\/podcast\/losungsandachten-2022\/id1629150905","label":"Apple Podcasts","class":"apple_podcasts","icon":"apple-podcasts.png"},"deezer":{"key":"deezer","url":"","label":"Deezer","class":"deezer","icon":"deezer.png"},"podcast_de":{"key":"podcast_de","url":"","label":"Podcast.de","class":"podcast_de","icon":"podcast-de.png"},"rss":{"key":"rss","url":"https:\/\/evk-hornbach.de\/?cat=294&feed=rss2","label":"RSS","class":"rss","icon":"rss.png"},"rssradio":{"key":"rssradio","url":"","label":"RSSRadio","class":"rssradio","icon":"rssradio.png"},"spotify":{"key":"spotify","url":"https:\/\/open.spotify.com\/show\/5kJEFM4ESjFH2n1nivrIfi","label":"Spotify","class":"spotify","icon":"spotify.png"},"tunein":{"key":"tunein","url":"","label":"TuneIn","class":"tunein","icon":"tunein.png"},"fyyd_de":{"key":"fyyd_de","url":"https:\/\/fyyd.de\/podcast\/losungsandachten-2022\/0","label":"fyyd.de","class":"fyyd_de","icon":"fyyd-de.png"}},"rssFeedUrl":"https:\/\/evk-hornbach.de\/?feed=podcast&podcast_series=losungsandachten","embedCode":"<blockquote class=\"wp-embedded-content\" data-secret=\"gF34dTIcYM\"><a href=\"https:\/\/evk-hornbach.de\/?p=2740\">Benefizkonzert mit Musik f\u00fcr Violoncello solo am 1. September 2018<\/a><\/blockquote><iframe sandbox=\"allow-scripts\" security=\"restricted\" src=\"https:\/\/evk-hornbach.de\/?p=2740&#038;embed=true#?secret=gF34dTIcYM\" width=\"500\" height=\"350\" title=\"&#8222;Benefizkonzert mit Musik f\u00fcr Violoncello solo am 1. September 2018&#8220; &#8211; Prot. Kirchengemeinde Hornbachtal mit der prot. Kirchengemeinde Rimschweiler\" data-secret=\"gF34dTIcYM\" frameborder=\"0\" marginwidth=\"0\" marginheight=\"0\" scrolling=\"no\" class=\"wp-embedded-content\"><\/iframe><script>\n\/*! This file is auto-generated *\/\n!function(d,l){\"use strict\";l.querySelector&&d.addEventListener&&\"undefined\"!=typeof URL&&(d.wp=d.wp||{},d.wp.receiveEmbedMessage||(d.wp.receiveEmbedMessage=function(e){var t=e.data;if((t||t.secret||t.message||t.value)&&!\/[^a-zA-Z0-9]\/.test(t.secret)){for(var s,r,n,a=l.querySelectorAll('iframe[data-secret=\"'+t.secret+'\"]'),o=l.querySelectorAll('blockquote[data-secret=\"'+t.secret+'\"]'),c=new RegExp(\"^https?:$\",\"i\"),i=0;i<o.length;i++)o[i].style.display=\"none\";for(i=0;i<a.length;i++)s=a[i],e.source===s.contentWindow&&(s.removeAttribute(\"style\"),\"height\"===t.message?(1e3<(r=parseInt(t.value,10))?r=1e3:~~r<200&&(r=200),s.height=r):\"link\"===t.message&&(r=new URL(s.getAttribute(\"src\")),n=new URL(t.value),c.test(n.protocol))&&n.host===r.host&&l.activeElement===s&&(d.top.location.href=t.value))}},d.addEventListener(\"message\",d.wp.receiveEmbedMessage,!1),l.addEventListener(\"DOMContentLoaded\",function(){for(var e,t,s=l.querySelectorAll(\"iframe.wp-embedded-content\"),r=0;r<s.length;r++)(t=(e=s[r]).getAttribute(\"data-secret\"))||(t=Math.random().toString(36).substring(2,12),e.src+=\"#?secret=\"+t,e.setAttribute(\"data-secret\",t)),e.contentWindow.postMessage({message:\"ready\",secret:t},\"*\")},!1)))}(window,document);\n\/\/# sourceURL=https:\/\/evk-hornbach.de\/wp-includes\/js\/wp-embed.min.js\n<\/script>\n"},"author_meta":{"display_name":"Christian G\u00fcnther","author_link":"https:\/\/evk-hornbach.de\/?author=2"},"featured_img":null,"jetpack_featured_media_url":"","uagb_featured_image_src":{"full":false,"thumbnail":false,"medium":false,"medium_large":false,"large":false,"ug_big":false,"1536x1536":false,"2048x2048":false,"post-thumbnail":false},"uagb_author_info":{"display_name":"Christian G\u00fcnther","author_link":"https:\/\/evk-hornbach.de\/?author=2"},"uagb_comment_info":0,"uagb_excerpt":"zugunsten der Jugend- und Gemeindearbeit Hornbach. in der St. Fabianskirche, 19:00 Uhr Interpret: Jakob Seel, Violoncello Werke von J.S.Bach und G.Crumb Jakob Daniel Seel, Jahrgang 1999, bekam als Jugendlicher Violoncellounterricht bei Mario Blaumer in Saarbr\u00fccken, gewann mehrfach auf Landes- und Bundesebene Preise bei Jugend Musiziert, spielte als Stimmf\u00fchrer beim Landesjugendorchester Saar und absolvierte Meisterkurse und&hellip;&hellip;","coauthors":[],"tax_additional":{"categories":{"linked":["<a href=\"https:\/\/evk-hornbach.de\/?cat=1\" class=\"advgb-post-tax-term\">Uncategorized<\/a>"],"unlinked":["<span class=\"advgb-post-tax-term\">Uncategorized<\/span>"]}},"comment_count":"0","relative_dates":{"created":"Ver\u00f6ffentlicht 8\u00a0Jahren vor","modified":"Aktualisiert 8\u00a0Jahren vor"},"absolute_dates":{"created":"Ver\u00f6ffentlicht am 23. August 2018","modified":"Aktualisiert am 25. August 2018"},"absolute_dates_time":{"created":"Ver\u00f6ffentlicht am 23. August 2018 7:50","modified":"Aktualisiert am 25. August 2018 16:36"},"featured_img_caption":"","series_order":"","jetpack-related-posts":[{"id":42518,"url":"https:\/\/evk-hornbach.de\/?p=42518","url_meta":{"origin":2740,"position":0},"title":"18. Benefizkonzert mit Benjamin Jup\u00e9 (Violoncello)","author":"Christian G\u00fcnther","date":"25. September 2021","format":false,"excerpt":"24. September 2021, 19 Uhr, in der Matthiaskirche zu Althornbach 25. September 2021, 19 Uhr, im Fabianstift zu Hornbach Benjamin Jup\u00e9 (Violoncello) spielt Werke von Johann Sebastian Bach, Gy\u00f6rgi Ligeti, Gaspar Cassad\u00f3 und Giovanni Sollima Benjamin Jup\u00e9 geb. in Frankfurt\/Main. 2001 Solocellist im Weltjugendorchester, 2003 bis 2006 Solocellist im Staatsorchester\u2026","rel":"","context":"In &quot;Event&quot;","block_context":{"text":"Event","link":"https:\/\/evk-hornbach.de\/?cat=59"},"img":{"alt_text":"","src":"https:\/\/i0.wp.com\/evk-hornbach.de\/wp-content\/uploads\/2021\/09\/Benjamin-Juppe.png?resize=350%2C200&ssl=1","width":350,"height":200,"srcset":"https:\/\/i0.wp.com\/evk-hornbach.de\/wp-content\/uploads\/2021\/09\/Benjamin-Juppe.png?resize=350%2C200&ssl=1 1x, https:\/\/i0.wp.com\/evk-hornbach.de\/wp-content\/uploads\/2021\/09\/Benjamin-Juppe.png?resize=525%2C300&ssl=1 1.5x"},"classes":[]},{"id":3599,"url":"https:\/\/evk-hornbach.de\/?p=3599","url_meta":{"origin":2740,"position":1},"title":"Benefizkonzerte f\u00fcr den neuen Fl\u00fcgel in der Klosterkirche zu Hornbach","author":"Patrick Gauter","date":"1. M\u00e4rz 2019","format":false,"excerpt":"Im Februar hat die Gemeinde Hornbach-Brenschelbach sich dazu entschlossen, einen Fl\u00fcgel der Firma Boston anzuschaffen, ein ausgezeichnetes Instrument mittlerer Preisklasse, das k\u00fcnftig f\u00fcr Gottesdienste und Konzerte gleicherma\u00dfen genutzt werden soll. Um Ihnen dieses Instrument vorzustellen (und das Geld f\u00fcr den Fl\u00fcgel wieder einzuspielen), haben wir ein Programm mit Benefizkonzerten zusammengestellt,\u2026","rel":"","context":"In \"Benefiz\"","block_context":{"text":"Benefiz","link":"https:\/\/evk-hornbach.de\/?tag=benefiz"},"img":{"alt_text":"Fl\u00fcgel, Klavier, Fluegel","src":"https:\/\/i0.wp.com\/evk-hornbach.de\/wp-content\/uploads\/2019\/03\/Konzertreihe-Seel-Kern-mit-Anmerkungen.png?resize=350%2C200&ssl=1","width":350,"height":200,"srcset":"https:\/\/i0.wp.com\/evk-hornbach.de\/wp-content\/uploads\/2019\/03\/Konzertreihe-Seel-Kern-mit-Anmerkungen.png?resize=350%2C200&ssl=1 1x, https:\/\/i0.wp.com\/evk-hornbach.de\/wp-content\/uploads\/2019\/03\/Konzertreihe-Seel-Kern-mit-Anmerkungen.png?resize=525%2C300&ssl=1 1.5x"},"classes":[]},{"id":43484,"url":"https:\/\/evk-hornbach.de\/?p=43484","url_meta":{"origin":2740,"position":2},"title":"23. Benefizkonzert in der Klosterkirche am Samstag, 5. Februar, 19 Uhr","author":"Christian G\u00fcnther","date":"29. Januar 2022","format":false,"excerpt":"\u201eNun schein, du Glanz der Herrlichkeit\u201c mit Bezirkskantor Helge Schulz und Ensemble Werke u.a. von Leonhard Lechner, Heinrich Sch\u00fctz, Charles Villiers Stanford und Bob Chilcott Der Eintritt zu den Konzertreihen ist kostenlos. Wegen der Corona-Bedingungen wird um Anmeldung gebeten. Es gilt die 2G+-Regel. Bitte bringen Sie Ihren Impf- bzw. Genesungsnachweis,\u00a0einen\u2026","rel":"","context":"In &quot;Event&quot;","block_context":{"text":"Event","link":"https:\/\/evk-hornbach.de\/?cat=59"},"img":{"alt_text":"Fl\u00fcgel, Klavier, Fluegel","src":"https:\/\/i0.wp.com\/evk-hornbach.de\/wp-content\/uploads\/2019\/03\/Konzertreihe-Seel-Kern-mit-Anmerkungen.png?resize=350%2C200&ssl=1","width":350,"height":200,"srcset":"https:\/\/i0.wp.com\/evk-hornbach.de\/wp-content\/uploads\/2019\/03\/Konzertreihe-Seel-Kern-mit-Anmerkungen.png?resize=350%2C200&ssl=1 1x, https:\/\/i0.wp.com\/evk-hornbach.de\/wp-content\/uploads\/2019\/03\/Konzertreihe-Seel-Kern-mit-Anmerkungen.png?resize=525%2C300&ssl=1 1.5x"},"classes":[]},{"id":45591,"url":"https:\/\/evk-hornbach.de\/?p=45591","url_meta":{"origin":2740,"position":3},"title":"33. Benefizkonzert am Samstag, 5.11.22 um 17 Uhr in der Klosterkirche","author":"Patrick Gauter","date":"3. November 2022","format":false,"excerpt":"[ujicountdown id=\"countdown\" expire=\"2022\/11\/05 17:00\" hide=\"true\" rectype=\"second\"] Veranstalterin: Protestantische Kirchengemeinde Hornbach-Brenschelbach in Kooperation mit dem Hotel Kloster Hornbach Eintritt kostenlos. Spenden erw\u00fcnscht! Prot. Kirchengemeinde IBAN: DE66 5425 0010 0075 0302 96, BIC: MALADE51SWP. Verwendungszweck: Jugend Hornbach","rel":"","context":"In &quot;Kirchenmusik&quot;","block_context":{"text":"Kirchenmusik","link":"https:\/\/evk-hornbach.de\/?cat=97"},"img":{"alt_text":"","src":"https:\/\/i0.wp.com\/evk-hornbach.de\/wp-content\/uploads\/2022\/11\/thumbnail_ben3305112022mpb-1024x576.png?resize=350%2C200&ssl=1","width":350,"height":200,"srcset":"https:\/\/i0.wp.com\/evk-hornbach.de\/wp-content\/uploads\/2022\/11\/thumbnail_ben3305112022mpb-1024x576.png?resize=350%2C200&ssl=1 1x, https:\/\/i0.wp.com\/evk-hornbach.de\/wp-content\/uploads\/2022\/11\/thumbnail_ben3305112022mpb-1024x576.png?resize=525%2C300&ssl=1 1.5x, https:\/\/i0.wp.com\/evk-hornbach.de\/wp-content\/uploads\/2022\/11\/thumbnail_ben3305112022mpb-1024x576.png?resize=700%2C400&ssl=1 2x"},"classes":[]},{"id":1122,"url":"https:\/\/evk-hornbach.de\/?p=1122","url_meta":{"origin":2740,"position":4},"title":"Revue: Jesus Inside #100 am 7. April 2017","author":"Christian G\u00fcnther","date":"14. April 2017","format":false,"excerpt":"Der Monster-Event n\u00e4herte sich unaufhaltsam. Sollten sie \u00fcber die Grenze abhauen oder sich verstecken? Nein! Tapfer stellten sich die M\u00e4dels und Jungs der Ev. Jugend Hornbach auch dieser Herausforderung und rackerten sich schon im Vorfeld der Veranstaltung ab, damit die Sache ein Erfolg wird. Und sie machten das richtig, richtig\u2026","rel":"","context":"In &quot;Event&quot;","block_context":{"text":"Event","link":"https:\/\/evk-hornbach.de\/?cat=59"},"img":{"alt_text":"","src":"https:\/\/i0.wp.com\/evk-hornbach.de\/wp-content\/uploads\/2017\/04\/jesus-inside-100-3.jpg?resize=350%2C200&ssl=1","width":350,"height":200,"srcset":"https:\/\/i0.wp.com\/evk-hornbach.de\/wp-content\/uploads\/2017\/04\/jesus-inside-100-3.jpg?resize=350%2C200&ssl=1 1x, https:\/\/i0.wp.com\/evk-hornbach.de\/wp-content\/uploads\/2017\/04\/jesus-inside-100-3.jpg?resize=525%2C300&ssl=1 1.5x, https:\/\/i0.wp.com\/evk-hornbach.de\/wp-content\/uploads\/2017\/04\/jesus-inside-100-3.jpg?resize=700%2C400&ssl=1 2x"},"classes":[]},{"id":42963,"url":"https:\/\/evk-hornbach.de\/?p=42963","url_meta":{"origin":2740,"position":5},"title":"20. Benefizkonzert  in der Klosterkirche Hornbach","author":"Christian G\u00fcnther","date":"16. November 2021","format":false,"excerpt":"Klicken Sie auf das untere Bild, wenn Sie das Benefizkonzert direkt auf YouTube ansehen wollen. Die Wiedergabe startet genau zum Konzertbeginn. [ujicountdown id=\"bigdate\" expire=\"2021\/11\/20 19:00\" hide=\"true\" url=\"\" subscr=\"undefined\" recurring=\"\" rectype=\"second\" repeats=\"\"] Samstag, 20. November 2021, 19 Uhr Franz Schubert: Winterreise Ein Liederabend mit Frank W\u00f6rner und Orsolya Nagy Der Eintritt\u2026","rel":"","context":"In &quot;Konzert&quot;","block_context":{"text":"Konzert","link":"https:\/\/evk-hornbach.de\/?cat=252"},"img":{"alt_text":"Fl\u00fcgel, Klavier, Fluegel","src":"https:\/\/i0.wp.com\/evk-hornbach.de\/wp-content\/uploads\/2019\/03\/Konzertreihe-Seel-Kern-mit-Anmerkungen.png?resize=350%2C200&ssl=1","width":350,"height":200,"srcset":"https:\/\/i0.wp.com\/evk-hornbach.de\/wp-content\/uploads\/2019\/03\/Konzertreihe-Seel-Kern-mit-Anmerkungen.png?resize=350%2C200&ssl=1 1x, https:\/\/i0.wp.com\/evk-hornbach.de\/wp-content\/uploads\/2019\/03\/Konzertreihe-Seel-Kern-mit-Anmerkungen.png?resize=525%2C300&ssl=1 1.5x"},"classes":[]}],"jetpack_sharing_enabled":true,"publishpress_future_action":{"enabled":false,"date":"2026-05-05 01:00:49","action":"change-status","newStatus":"draft","terms":[],"taxonomy":"category","extraData":[]},"publishpress_future_workflow_manual_trigger":{"enabledWorkflows":[]},"_links":{"self":[{"href":"https:\/\/evk-hornbach.de\/index.php?rest_route=\/wp\/v2\/posts\/2740","targetHints":{"allow":["GET"]}}],"collection":[{"href":"https:\/\/evk-hornbach.de\/index.php?rest_route=\/wp\/v2\/posts"}],"about":[{"href":"https:\/\/evk-hornbach.de\/index.php?rest_route=\/wp\/v2\/types\/post"}],"author":[{"embeddable":true,"href":"https:\/\/evk-hornbach.de\/index.php?rest_route=\/wp\/v2\/users\/2"}],"replies":[{"embeddable":true,"href":"https:\/\/evk-hornbach.de\/index.php?rest_route=%2Fwp%2Fv2%2Fcomments&post=2740"}],"version-history":[{"count":8,"href":"https:\/\/evk-hornbach.de\/index.php?rest_route=\/wp\/v2\/posts\/2740\/revisions"}],"predecessor-version":[{"id":2796,"href":"https:\/\/evk-hornbach.de\/index.php?rest_route=\/wp\/v2\/posts\/2740\/revisions\/2796"}],"wp:attachment":[{"href":"https:\/\/evk-hornbach.de\/index.php?rest_route=%2Fwp%2Fv2%2Fmedia&parent=2740"}],"wp:term":[{"taxonomy":"category","embeddable":true,"href":"https:\/\/evk-hornbach.de\/index.php?rest_route=%2Fwp%2Fv2%2Fcategories&post=2740"},{"taxonomy":"post_tag","embeddable":true,"href":"https:\/\/evk-hornbach.de\/index.php?rest_route=%2Fwp%2Fv2%2Ftags&post=2740"},{"taxonomy":"series","embeddable":true,"href":"https:\/\/evk-hornbach.de\/index.php?rest_route=%2Fwp%2Fv2%2Fseries&post=2740"}],"curies":[{"name":"wp","href":"https:\/\/api.w.org\/{rel}","templated":true}]}}