{"id":23343,"date":"2019-04-12T12:16:32","date_gmt":"2019-04-12T10:16:32","guid":{"rendered":"https:\/\/evk-hornbach.de\/?p=23343"},"modified":"2019-04-12T12:16:32","modified_gmt":"2019-04-12T10:16:32","slug":"karfreitag-in-der-klosterkirche","status":"publish","type":"post","link":"https:\/\/evk-hornbach.de\/?p=23343","title":{"rendered":"Karfreitag in der Klosterkirche"},"content":{"rendered":"<h2>15:00 Uhr: Karfreitagsgottesdienst mit Abendmahl<\/h2>\n<p>Predigt: Pfr. D. Seel<\/p>\n<figure id=\"attachment_23372\" aria-describedby=\"caption-attachment-23372\" style=\"width: 476px\" class=\"wp-caption aligncenter\"><img loading=\"lazy\" decoding=\"async\" class=\"wp-image-23372\" src=\"https:\/\/evk-hornbach.de\/wp-content\/uploads\/2019\/04\/stabatmater-pieta.jpg\" alt=\"\" width=\"476\" height=\"541\" srcset=\"https:\/\/evk-hornbach.de\/wp-content\/uploads\/2019\/04\/stabatmater-pieta.jpg 440w, https:\/\/evk-hornbach.de\/wp-content\/uploads\/2019\/04\/stabatmater-pieta-264x300.jpg 264w\" sizes=\"auto, (max-width: 476px) 100vw, 476px\" \/><figcaption id=\"caption-attachment-23372\" class=\"wp-caption-text\">Piet\u00e0, Adolphe Bourguereau (1876)<\/figcaption><\/figure>\n<h2>18:00 Uhr: Stabat Mater <a href=\"https:\/\/de.wikipedia.org\/wiki\/Stabat_mater\" target=\"_blank\" rel=\"noopener noreferrer\"><i id=\"fac_69f275bd55114\" class=\"fa fa-link\"><\/i>\n<\/a><\/h2>\n<h6><b>Geistliches Konzert <\/b><b>des Oratorienchors Musikverein Pirmasens e.V.<\/b><\/h6>\n<p><strong>Giovanni Battista Pergolesi (1710-1736): <\/strong><strong>Stabat Mater (1736)<\/strong><\/p>\n<p>Seine Vertonung des Stabat Mater schuf der italienische Komponist Giovanni Battista Pergolesi auf dem Krankenlager im Franziskanerkloster der s\u00fcditalienischen Hafenstadt Pozzuoli, das wenige Wochen sp\u00e4ter sein Sterbebett werden sollte. Das Werk f\u00fcr zwei Solostimmen und ein Streicher-Ensemble wurde seine bekannteste Komposition.<\/p>\n<p><strong>Josef Gabriel Rheinberger (1839-1901): Stabat Mater, op. 138 (1885)<\/strong><\/p>\n<p>Im Anschluss an dieses Werk erklingt das Stabat Mater noch einmal, dieses Mal als eine innige romantische Komposition f\u00fcr Chor und Streicher des M\u00fcnchner Komponisten Josef Gabriel Rheinberger.<\/p>\n<p>Mitwirkende dieses Konzerts sind<\/p>\n<ul>\n<li style=\"list-style-type: none;\">\n<ul style=\"list-style-type: square;\">\n<li><strong>Christina Roterberg<\/strong>, Sopran,<\/li>\n<li><strong>Angela L\u00f6sch<\/strong>, Alt,<\/li>\n<li>der <strong>Oratorienchor Pirmasens<\/strong>,<\/li>\n<li>ein <strong>Instrumentalensemble<\/strong> und<\/li>\n<li><strong>Maurice Croissant<\/strong>, Orgel.<\/li>\n<li>Die Leitung hat <strong>Helfried Steckel<\/strong>.<\/li>\n<\/ul>\n<\/li>\n<\/ul>\n<p>Karten zum Preis von <strong>16 \u20ac<\/strong> (erm\u00e4\u00dfigt 10 \u20ac f\u00fcr Sch\u00fcler, Studierende und Schwerbehinderte mit Ausweis) sind im Vorverkauf beim Kulturamt der Stadt Pirmasens (06331 84-2352) und an der Abendkasse erh\u00e4ltlich.<\/p>\n","protected":false},"excerpt":{"rendered":"<p>15:00 Uhr: Karfreitagsgottesdienst mit Abendmahl Predigt: Pfr. D. Seel 18:00 Uhr: Stabat Mater Geistliches Konzert des Oratorienchors Musikverein Pirmasens e.V. Giovanni Battista Pergolesi (1710-1736): Stabat Mater (1736) Seine Vertonung des Stabat Mater schuf der italienische Komponist Giovanni Battista Pergolesi auf dem Krankenlager im Franziskanerkloster der s\u00fcditalienischen Hafenstadt Pozzuoli, das wenige Wochen sp\u00e4ter sein Sterbebett werden&hellip; <a class=\"more-link\" href=\"https:\/\/evk-hornbach.de\/?p=23343\"><span class=\"screen-reader-text\">Karfreitag in der Klosterkirche<\/span> weiterlesen<\/a><\/p>\n","protected":false},"author":2,"featured_media":0,"comment_status":"open","ping_status":"open","sticky":false,"template":"","format":"standard","meta":{"_uag_custom_page_level_css":"","advgb_blocks_editor_width":"","advgb_blocks_columns_visual_guide":"","episode_type":"","audio_file":"","podmotor_file_id":"","podmotor_episode_id":"","cover_image":"","cover_image_id":"","duration":"","filesize":"","filesize_raw":"","date_recorded":"","explicit":"","block":"","cybocfi_hide_featured_image":"","_jetpack_memberships_contains_paid_content":false,"footnotes":""},"categories":[59,97,34,1,42],"tags":[],"series":[],"class_list":["post-23343","post","type-post","status-publish","format-standard","hentry","category-event","category-kirchenmusik","category-neuigkeiten","category-uncategorized","category-vorankuendigung","entry"],"episode_featured_image":false,"episode_player_image":"https:\/\/evk-hornbach.de\/wp-content\/uploads\/2017\/12\/losungandacht2026logov3.png","download_link":"","player_link":"","audio_player":false,"episode_data":{"playerMode":"dark","subscribeUrls":{"amazon":{"key":"amazon","url":"https:\/\/music.amazon.com\/podcasts\/46f9b0a9-b2db-4d5c-b947-5f5e4228a8e4\/losungsandachten-2022","label":"Amazon","class":"amazon","icon":"amazon.png"},"apple_podcasts":{"key":"apple_podcasts","url":"https:\/\/podcasts.apple.com\/de\/podcast\/losungsandachten-2022\/id1629150905","label":"Apple Podcasts","class":"apple_podcasts","icon":"apple-podcasts.png"},"deezer":{"key":"deezer","url":"","label":"Deezer","class":"deezer","icon":"deezer.png"},"podcast_de":{"key":"podcast_de","url":"","label":"Podcast.de","class":"podcast_de","icon":"podcast-de.png"},"rss":{"key":"rss","url":"https:\/\/evk-hornbach.de\/?cat=294&feed=rss2","label":"RSS","class":"rss","icon":"rss.png"},"rssradio":{"key":"rssradio","url":"","label":"RSSRadio","class":"rssradio","icon":"rssradio.png"},"spotify":{"key":"spotify","url":"https:\/\/open.spotify.com\/show\/5kJEFM4ESjFH2n1nivrIfi","label":"Spotify","class":"spotify","icon":"spotify.png"},"tunein":{"key":"tunein","url":"","label":"TuneIn","class":"tunein","icon":"tunein.png"},"fyyd_de":{"key":"fyyd_de","url":"https:\/\/fyyd.de\/podcast\/losungsandachten-2022\/0","label":"fyyd.de","class":"fyyd_de","icon":"fyyd-de.png"}},"rssFeedUrl":"https:\/\/evk-hornbach.de\/?feed=podcast&podcast_series=losungsandachten","embedCode":"<blockquote class=\"wp-embedded-content\" data-secret=\"hkephF4gww\"><a href=\"https:\/\/evk-hornbach.de\/?p=23343\">Karfreitag in der Klosterkirche<\/a><\/blockquote><iframe sandbox=\"allow-scripts\" security=\"restricted\" src=\"https:\/\/evk-hornbach.de\/?p=23343&#038;embed=true#?secret=hkephF4gww\" width=\"500\" height=\"350\" title=\"&#8222;Karfreitag in der Klosterkirche&#8220; &#8211; Prot. Kirchengemeinde Hornbachtal mit der prot. Kirchengemeinde Rimschweiler\" data-secret=\"hkephF4gww\" frameborder=\"0\" marginwidth=\"0\" marginheight=\"0\" scrolling=\"no\" class=\"wp-embedded-content\"><\/iframe><script>\n\/*! This file is auto-generated *\/\n!function(d,l){\"use strict\";l.querySelector&&d.addEventListener&&\"undefined\"!=typeof URL&&(d.wp=d.wp||{},d.wp.receiveEmbedMessage||(d.wp.receiveEmbedMessage=function(e){var t=e.data;if((t||t.secret||t.message||t.value)&&!\/[^a-zA-Z0-9]\/.test(t.secret)){for(var s,r,n,a=l.querySelectorAll('iframe[data-secret=\"'+t.secret+'\"]'),o=l.querySelectorAll('blockquote[data-secret=\"'+t.secret+'\"]'),c=new RegExp(\"^https?:$\",\"i\"),i=0;i<o.length;i++)o[i].style.display=\"none\";for(i=0;i<a.length;i++)s=a[i],e.source===s.contentWindow&&(s.removeAttribute(\"style\"),\"height\"===t.message?(1e3<(r=parseInt(t.value,10))?r=1e3:~~r<200&&(r=200),s.height=r):\"link\"===t.message&&(r=new URL(s.getAttribute(\"src\")),n=new URL(t.value),c.test(n.protocol))&&n.host===r.host&&l.activeElement===s&&(d.top.location.href=t.value))}},d.addEventListener(\"message\",d.wp.receiveEmbedMessage,!1),l.addEventListener(\"DOMContentLoaded\",function(){for(var e,t,s=l.querySelectorAll(\"iframe.wp-embedded-content\"),r=0;r<s.length;r++)(t=(e=s[r]).getAttribute(\"data-secret\"))||(t=Math.random().toString(36).substring(2,12),e.src+=\"#?secret=\"+t,e.setAttribute(\"data-secret\",t)),e.contentWindow.postMessage({message:\"ready\",secret:t},\"*\")},!1)))}(window,document);\n\/\/# sourceURL=https:\/\/evk-hornbach.de\/wp-includes\/js\/wp-embed.min.js\n<\/script>\n"},"author_meta":{"display_name":"Christian G\u00fcnther","author_link":"https:\/\/evk-hornbach.de\/?author=2"},"featured_img":null,"jetpack_featured_media_url":"","uagb_featured_image_src":{"full":false,"thumbnail":false,"medium":false,"medium_large":false,"large":false,"ug_big":false,"1536x1536":false,"2048x2048":false,"post-thumbnail":false},"uagb_author_info":{"display_name":"Christian G\u00fcnther","author_link":"https:\/\/evk-hornbach.de\/?author=2"},"uagb_comment_info":0,"uagb_excerpt":"15:00 Uhr: Karfreitagsgottesdienst mit Abendmahl Predigt: Pfr. D. Seel 18:00 Uhr: Stabat Mater Geistliches Konzert des Oratorienchors Musikverein Pirmasens e.V. Giovanni Battista Pergolesi (1710-1736): Stabat Mater (1736) Seine Vertonung des Stabat Mater schuf der italienische Komponist Giovanni Battista Pergolesi auf dem Krankenlager im Franziskanerkloster der s\u00fcditalienischen Hafenstadt Pozzuoli, das wenige Wochen sp\u00e4ter sein Sterbebett werden&hellip;&hellip;","coauthors":[],"tax_additional":{"categories":{"linked":["<a href=\"https:\/\/evk-hornbach.de\/?cat=59\" class=\"advgb-post-tax-term\">Event<\/a>","<a href=\"https:\/\/evk-hornbach.de\/?cat=97\" class=\"advgb-post-tax-term\">Kirchenmusik<\/a>","<a href=\"https:\/\/evk-hornbach.de\/?cat=34\" class=\"advgb-post-tax-term\">Neuigkeiten<\/a>","<a href=\"https:\/\/evk-hornbach.de\/?cat=1\" class=\"advgb-post-tax-term\">Uncategorized<\/a>","<a href=\"https:\/\/evk-hornbach.de\/?cat=42\" class=\"advgb-post-tax-term\">Vorank\u00fcndigung<\/a>"],"unlinked":["<span class=\"advgb-post-tax-term\">Event<\/span>","<span class=\"advgb-post-tax-term\">Kirchenmusik<\/span>","<span class=\"advgb-post-tax-term\">Neuigkeiten<\/span>","<span class=\"advgb-post-tax-term\">Uncategorized<\/span>","<span class=\"advgb-post-tax-term\">Vorank\u00fcndigung<\/span>"]}},"comment_count":"0","relative_dates":{"created":"Ver\u00f6ffentlicht 7\u00a0Jahren vor","modified":"Aktualisiert 7\u00a0Jahren vor"},"absolute_dates":{"created":"Ver\u00f6ffentlicht am 12. April 2019","modified":"Aktualisiert am 12. April 2019"},"absolute_dates_time":{"created":"Ver\u00f6ffentlicht am 12. April 2019 12:16","modified":"Aktualisiert am 12. April 2019 12:16"},"featured_img_caption":"","series_order":"","jetpack-related-posts":[{"id":913,"url":"https:\/\/evk-hornbach.de\/?p=913","url_meta":{"origin":23343,"position":0},"title":"Hornbach hat (ab M\u00e4rz) einen neuen Pfarrer","author":"Christian G\u00fcnther","date":"23. Februar 2017","format":"aside","excerpt":"Er hei\u00dft Daniel Seel, ist von Hause aus Musiker, und hat auf seine alten Tage noch die Strapaze des Theologiestudiums samt Pfarrer-Ausbildung auf sich genommen und erfolgreich abgeschlossen.\u00a0\ud83d\ude18 Mit der Entsendung Seels nach Hornbach erf\u00fcllt sich ein Wunsch der Presbyterien der beiden Kirchengemeinden sowie des Dekanats. Alle hatten gehofft und\u2026","rel":"","context":"In &quot;Event&quot;","block_context":{"text":"Event","link":"https:\/\/evk-hornbach.de\/?cat=59"},"img":{"alt_text":"","src":"https:\/\/i0.wp.com\/evk-hornbach.de\/wp-content\/uploads\/2017\/02\/breakingnews.png?resize=350%2C200&ssl=1","width":350,"height":200,"srcset":"https:\/\/i0.wp.com\/evk-hornbach.de\/wp-content\/uploads\/2017\/02\/breakingnews.png?resize=350%2C200&ssl=1 1x, https:\/\/i0.wp.com\/evk-hornbach.de\/wp-content\/uploads\/2017\/02\/breakingnews.png?resize=525%2C300&ssl=1 1.5x"},"classes":[]},{"id":1654,"url":"https:\/\/evk-hornbach.de\/?p=1654","url_meta":{"origin":23343,"position":1},"title":"Festwoche 50 Jahre Ev. Jugendheim vom 20.-28.10.2017","author":"Christian G\u00fcnther","date":"12. Oktober 2017","format":false,"excerpt":"50 Jahre ev. Jugendheim in Hornbach \u2013 Offene Jugend- und Gemeindearbeit Sie sind herzlich eingeladen in die verschiedenen Gruppen- und Kreise hineinzuschauen und dadurch unsere Arbeit und vor allem unser Jugendheim wahrzunehmen. Dadurch wollen wir ganz bewusst eine Festwoche veranstalten und werden am Samstag, 28. Okt. ein kleines Gemeindefest um\u2026","rel":"","context":"In &quot;Event&quot;","block_context":{"text":"Event","link":"https:\/\/evk-hornbach.de\/?cat=59"},"img":{"alt_text":"","src":"https:\/\/i0.wp.com\/evk-hornbach.de\/wp-content\/uploads\/2016\/12\/13422270_1239072799470987_6451934227313816156_o.jpg?resize=350%2C200&ssl=1","width":350,"height":200,"srcset":"https:\/\/i0.wp.com\/evk-hornbach.de\/wp-content\/uploads\/2016\/12\/13422270_1239072799470987_6451934227313816156_o.jpg?resize=350%2C200&ssl=1 1x, https:\/\/i0.wp.com\/evk-hornbach.de\/wp-content\/uploads\/2016\/12\/13422270_1239072799470987_6451934227313816156_o.jpg?resize=525%2C300&ssl=1 1.5x, https:\/\/i0.wp.com\/evk-hornbach.de\/wp-content\/uploads\/2016\/12\/13422270_1239072799470987_6451934227313816156_o.jpg?resize=700%2C400&ssl=1 2x, https:\/\/i0.wp.com\/evk-hornbach.de\/wp-content\/uploads\/2016\/12\/13422270_1239072799470987_6451934227313816156_o.jpg?resize=1050%2C600&ssl=1 3x, https:\/\/i0.wp.com\/evk-hornbach.de\/wp-content\/uploads\/2016\/12\/13422270_1239072799470987_6451934227313816156_o.jpg?resize=1400%2C800&ssl=1 4x"},"classes":[]},{"id":38945,"url":"https:\/\/evk-hornbach.de\/?p=38945","url_meta":{"origin":23343,"position":2},"title":"Papst steht vor der gleichen Entscheidung wie wir","author":"Christian G\u00fcnther","date":"9. Mai 2020","format":false,"excerpt":"Diese fast schon lustige Entdeckung machte ich gerade, als ich eine Meldung des K\u00f6lner Domradios las: Papst-Fr\u00fchmesse erweist sich als Quotenrenner - Franziskus beschert TV-Sendern Rekord-Marktanteile Wegen des Gottesdienstverbotes aufgrund der Covid-19-Pandemie entschloss man sich im Vatikan, die 7-Uhr-Fr\u00fchmessen, die der Papst in der Kapelle des Tagungshauses Santa Marta t\u00e4glich\u2026","rel":"","context":"\u00c4hnlicher Beitrag","block_context":{"text":"\u00c4hnlicher Beitrag","link":""},"img":{"alt_text":"","src":"https:\/\/i0.wp.com\/img.youtube.com\/vi\/N3vQLR9fn0Q\/0.jpg?resize=350%2C200","width":350,"height":200},"classes":[]},{"id":2900,"url":"https:\/\/evk-hornbach.de\/?p=2900","url_meta":{"origin":23343,"position":3},"title":"Gambia-Gemeindeabend: Vom Leben und dem Aufbau einer Schule im Inland","author":"Christian G\u00fcnther","date":"28. September 2018","format":"aside","excerpt":"... dh. fern der Hauptstadt. Wer den Eindruck nicht los wird, dass die deutschen St\u00e4mme der Rheinland-Pf\u00e4lzer und Saarl\u00e4nder vom fernen Berlin aus stiefm\u00fctterlich behandelt werden, der sollte vielleicht mal nach Gambia reisen und sehen, wie riesig dort das Gef\u00e4lle zwischen den \"regierenden St\u00e4mmen\" rund um die Hauptstadt und den\u2026","rel":"","context":"\u00c4hnlicher Beitrag","block_context":{"text":"\u00c4hnlicher Beitrag","link":""},"img":{"alt_text":"","src":"https:\/\/i0.wp.com\/evk-hornbach.de\/wp-content\/uploads\/2018\/09\/gambia-schule.jpg?resize=350%2C200&ssl=1","width":350,"height":200,"srcset":"https:\/\/i0.wp.com\/evk-hornbach.de\/wp-content\/uploads\/2018\/09\/gambia-schule.jpg?resize=350%2C200&ssl=1 1x, https:\/\/i0.wp.com\/evk-hornbach.de\/wp-content\/uploads\/2018\/09\/gambia-schule.jpg?resize=525%2C300&ssl=1 1.5x, https:\/\/i0.wp.com\/evk-hornbach.de\/wp-content\/uploads\/2018\/09\/gambia-schule.jpg?resize=700%2C400&ssl=1 2x, https:\/\/i0.wp.com\/evk-hornbach.de\/wp-content\/uploads\/2018\/09\/gambia-schule.jpg?resize=1050%2C600&ssl=1 3x, https:\/\/i0.wp.com\/evk-hornbach.de\/wp-content\/uploads\/2018\/09\/gambia-schule.jpg?resize=1400%2C800&ssl=1 4x"},"classes":[]},{"id":375,"url":"https:\/\/evk-hornbach.de\/?p=375","url_meta":{"origin":23343,"position":4},"title":"Seniorentreff in Brenschelbach am Mittwoch, 12.10.2016","author":"Christian G\u00fcnther","date":"23. September 2016","format":"aside","excerpt":"Um 14:00 Uhr (!) findet im Dorfgemeinschaftshaus (DGH) Brenschelbach der Seniorentreff statt. Pfr. Hoffmann h\u00e4lt einen Vortrag, bei dem er zur\u00fcckblickt auf seine Arbeit: \"Lernerfahrungen eines Pfarrers (pers\u00f6nliche Erkenntnisse)\"","rel":"","context":"\u00c4hnlicher Beitrag","block_context":{"text":"\u00c4hnlicher Beitrag","link":""},"img":{"alt_text":"","src":"","width":0,"height":0},"classes":[]},{"id":44729,"url":"https:\/\/evk-hornbach.de\/?p=44729","url_meta":{"origin":23343,"position":5},"title":"29. Benefizkonzert in der Klosterkirche, 09.07.2022, 18 Uhr","author":"Patrick Gauter","date":"9. Juli 2022","format":false,"excerpt":"[ujicountdown id=\"countdown\" expire=\"2022\/07\/09 18:00\" hide=\"true\" rectype=\"second\"]","rel":"","context":"In &quot;Event&quot;","block_context":{"text":"Event","link":"https:\/\/evk-hornbach.de\/?cat=59"},"img":{"alt_text":"","src":"https:\/\/i0.wp.com\/evk-hornbach.de\/wp-content\/uploads\/2022\/07\/beitrag_ben29.png?resize=350%2C200&ssl=1","width":350,"height":200,"srcset":"https:\/\/i0.wp.com\/evk-hornbach.de\/wp-content\/uploads\/2022\/07\/beitrag_ben29.png?resize=350%2C200&ssl=1 1x, https:\/\/i0.wp.com\/evk-hornbach.de\/wp-content\/uploads\/2022\/07\/beitrag_ben29.png?resize=525%2C300&ssl=1 1.5x, https:\/\/i0.wp.com\/evk-hornbach.de\/wp-content\/uploads\/2022\/07\/beitrag_ben29.png?resize=700%2C400&ssl=1 2x"},"classes":[]}],"jetpack_sharing_enabled":true,"publishpress_future_action":{"enabled":false,"date":"2026-05-06 23:18:53","action":"change-status","newStatus":"draft","terms":[],"taxonomy":"category","extraData":[]},"publishpress_future_workflow_manual_trigger":{"enabledWorkflows":[]},"_links":{"self":[{"href":"https:\/\/evk-hornbach.de\/index.php?rest_route=\/wp\/v2\/posts\/23343","targetHints":{"allow":["GET"]}}],"collection":[{"href":"https:\/\/evk-hornbach.de\/index.php?rest_route=\/wp\/v2\/posts"}],"about":[{"href":"https:\/\/evk-hornbach.de\/index.php?rest_route=\/wp\/v2\/types\/post"}],"author":[{"embeddable":true,"href":"https:\/\/evk-hornbach.de\/index.php?rest_route=\/wp\/v2\/users\/2"}],"replies":[{"embeddable":true,"href":"https:\/\/evk-hornbach.de\/index.php?rest_route=%2Fwp%2Fv2%2Fcomments&post=23343"}],"version-history":[{"count":4,"href":"https:\/\/evk-hornbach.de\/index.php?rest_route=\/wp\/v2\/posts\/23343\/revisions"}],"predecessor-version":[{"id":23405,"href":"https:\/\/evk-hornbach.de\/index.php?rest_route=\/wp\/v2\/posts\/23343\/revisions\/23405"}],"wp:attachment":[{"href":"https:\/\/evk-hornbach.de\/index.php?rest_route=%2Fwp%2Fv2%2Fmedia&parent=23343"}],"wp:term":[{"taxonomy":"category","embeddable":true,"href":"https:\/\/evk-hornbach.de\/index.php?rest_route=%2Fwp%2Fv2%2Fcategories&post=23343"},{"taxonomy":"post_tag","embeddable":true,"href":"https:\/\/evk-hornbach.de\/index.php?rest_route=%2Fwp%2Fv2%2Ftags&post=23343"},{"taxonomy":"series","embeddable":true,"href":"https:\/\/evk-hornbach.de\/index.php?rest_route=%2Fwp%2Fv2%2Fseries&post=23343"}],"curies":[{"name":"wp","href":"https:\/\/api.w.org\/{rel}","templated":true}]}}