{"id":1952,"date":"2017-12-22T17:39:23","date_gmt":"2017-12-22T16:39:23","guid":{"rendered":"http:\/\/evk-hornbach.de\/?p=1952"},"modified":"2017-12-22T17:39:23","modified_gmt":"2017-12-22T16:39:23","slug":"oekumenischer-gottesdienst-in-volmunster-am-samstagabend-27-1-2018","status":"publish","type":"post","link":"https:\/\/evk-hornbach.de\/?p=1952","title":{"rendered":"\u00d6kumenischer Gottesdienst in Volmunster am Samstagabend, 27.1.2018"},"content":{"rendered":"<p><strong>&#8230; um 18:30 Uhr in der\u00a0\u00c9glise Saint-Pierre de Volmunster.<\/strong><\/p>\n<p><img loading=\"lazy\" decoding=\"async\" class=\"alignnone size-full\" src=\"http:\/\/www.bitscherland.fr\/Canton-de-Volmunster\/Volmunster\/Images\/Eglise\/eglise-1.jpg\" width=\"1600\" height=\"1064\" \/><\/p>\n<p>Der Gottesdienst wird von <strong>P\u00e8re Pontello<\/strong> und <strong>Pfr. Seel<\/strong> gehalten.<br \/>\nPfr. Seel h\u00e4lt im Rahmen des Kanzeltausches die Predigt.<\/p>\n<p>Das Pfarramt organisiert Fahrtgemeinschaften zu diesem Gottesdienst.<br \/>\nInteressierte k\u00f6nnen sich melden unter\u00a0<i id=\"fac_69efd6afbd95f\" class=\"fa fa-phone\"><\/i>\n 06338-393<\/p>\n<p>&nbsp;<\/p>\n","protected":false},"excerpt":{"rendered":"<p>&#8230; um 18:30 Uhr in der\u00a0\u00c9glise Saint-Pierre de Volmunster. Der Gottesdienst wird von P\u00e8re Pontello und Pfr. Seel gehalten. Pfr. Seel h\u00e4lt im Rahmen des Kanzeltausches die Predigt. Das Pfarramt organisiert Fahrtgemeinschaften zu diesem Gottesdienst. Interessierte k\u00f6nnen sich melden unter\u00a0 06338-393 &nbsp;<\/p>\n","protected":false},"author":2,"featured_media":0,"comment_status":"open","ping_status":"open","sticky":false,"template":"","format":"standard","meta":{"_uag_custom_page_level_css":"","advgb_blocks_editor_width":"","advgb_blocks_columns_visual_guide":"","episode_type":"","audio_file":"","podmotor_file_id":"","podmotor_episode_id":"","cover_image":"","cover_image_id":"","duration":"","filesize":"","filesize_raw":"","date_recorded":"","explicit":"","block":"","cybocfi_hide_featured_image":"","_jetpack_memberships_contains_paid_content":false,"footnotes":""},"categories":[103],"tags":[],"series":[],"class_list":["post-1952","post","type-post","status-publish","format-standard","hentry","category-gottesdienst","entry"],"episode_featured_image":false,"episode_player_image":"https:\/\/evk-hornbach.de\/wp-content\/uploads\/2017\/12\/losungandacht2026logov3.png","download_link":"","player_link":"","audio_player":false,"episode_data":{"playerMode":"dark","subscribeUrls":{"amazon":{"key":"amazon","url":"https:\/\/music.amazon.com\/podcasts\/46f9b0a9-b2db-4d5c-b947-5f5e4228a8e4\/losungsandachten-2022","label":"Amazon","class":"amazon","icon":"amazon.png"},"apple_podcasts":{"key":"apple_podcasts","url":"https:\/\/podcasts.apple.com\/de\/podcast\/losungsandachten-2022\/id1629150905","label":"Apple Podcasts","class":"apple_podcasts","icon":"apple-podcasts.png"},"deezer":{"key":"deezer","url":"","label":"Deezer","class":"deezer","icon":"deezer.png"},"podcast_de":{"key":"podcast_de","url":"","label":"Podcast.de","class":"podcast_de","icon":"podcast-de.png"},"rss":{"key":"rss","url":"https:\/\/evk-hornbach.de\/?cat=294&feed=rss2","label":"RSS","class":"rss","icon":"rss.png"},"rssradio":{"key":"rssradio","url":"","label":"RSSRadio","class":"rssradio","icon":"rssradio.png"},"spotify":{"key":"spotify","url":"https:\/\/open.spotify.com\/show\/5kJEFM4ESjFH2n1nivrIfi","label":"Spotify","class":"spotify","icon":"spotify.png"},"tunein":{"key":"tunein","url":"","label":"TuneIn","class":"tunein","icon":"tunein.png"},"fyyd_de":{"key":"fyyd_de","url":"https:\/\/fyyd.de\/podcast\/losungsandachten-2022\/0","label":"fyyd.de","class":"fyyd_de","icon":"fyyd-de.png"}},"rssFeedUrl":"https:\/\/evk-hornbach.de\/?feed=podcast&podcast_series=losungsandachten","embedCode":"<blockquote class=\"wp-embedded-content\" data-secret=\"6q6d1zYkcO\"><a href=\"https:\/\/evk-hornbach.de\/?p=1952\">\u00d6kumenischer Gottesdienst in Volmunster am Samstagabend, 27.1.2018<\/a><\/blockquote><iframe sandbox=\"allow-scripts\" security=\"restricted\" src=\"https:\/\/evk-hornbach.de\/?p=1952&#038;embed=true#?secret=6q6d1zYkcO\" width=\"500\" height=\"350\" title=\"&#8222;\u00d6kumenischer Gottesdienst in Volmunster am Samstagabend, 27.1.2018&#8220; &#8211; Prot. Kirchengemeinde Hornbachtal mit der prot. Kirchengemeinde Rimschweiler\" data-secret=\"6q6d1zYkcO\" frameborder=\"0\" marginwidth=\"0\" marginheight=\"0\" scrolling=\"no\" class=\"wp-embedded-content\"><\/iframe><script>\n\/*! This file is auto-generated *\/\n!function(d,l){\"use strict\";l.querySelector&&d.addEventListener&&\"undefined\"!=typeof URL&&(d.wp=d.wp||{},d.wp.receiveEmbedMessage||(d.wp.receiveEmbedMessage=function(e){var t=e.data;if((t||t.secret||t.message||t.value)&&!\/[^a-zA-Z0-9]\/.test(t.secret)){for(var s,r,n,a=l.querySelectorAll('iframe[data-secret=\"'+t.secret+'\"]'),o=l.querySelectorAll('blockquote[data-secret=\"'+t.secret+'\"]'),c=new RegExp(\"^https?:$\",\"i\"),i=0;i<o.length;i++)o[i].style.display=\"none\";for(i=0;i<a.length;i++)s=a[i],e.source===s.contentWindow&&(s.removeAttribute(\"style\"),\"height\"===t.message?(1e3<(r=parseInt(t.value,10))?r=1e3:~~r<200&&(r=200),s.height=r):\"link\"===t.message&&(r=new URL(s.getAttribute(\"src\")),n=new URL(t.value),c.test(n.protocol))&&n.host===r.host&&l.activeElement===s&&(d.top.location.href=t.value))}},d.addEventListener(\"message\",d.wp.receiveEmbedMessage,!1),l.addEventListener(\"DOMContentLoaded\",function(){for(var e,t,s=l.querySelectorAll(\"iframe.wp-embedded-content\"),r=0;r<s.length;r++)(t=(e=s[r]).getAttribute(\"data-secret\"))||(t=Math.random().toString(36).substring(2,12),e.src+=\"#?secret=\"+t,e.setAttribute(\"data-secret\",t)),e.contentWindow.postMessage({message:\"ready\",secret:t},\"*\")},!1)))}(window,document);\n\/\/# sourceURL=https:\/\/evk-hornbach.de\/wp-includes\/js\/wp-embed.min.js\n<\/script>\n"},"author_meta":{"display_name":"Christian G\u00fcnther","author_link":"https:\/\/evk-hornbach.de\/?author=2"},"featured_img":null,"jetpack_featured_media_url":"","uagb_featured_image_src":{"full":false,"thumbnail":false,"medium":false,"medium_large":false,"large":false,"ug_big":false,"1536x1536":false,"2048x2048":false,"post-thumbnail":false},"uagb_author_info":{"display_name":"Christian G\u00fcnther","author_link":"https:\/\/evk-hornbach.de\/?author=2"},"uagb_comment_info":0,"uagb_excerpt":"&#8230; um 18:30 Uhr in der\u00a0\u00c9glise Saint-Pierre de Volmunster. Der Gottesdienst wird von P\u00e8re Pontello und Pfr. Seel gehalten. Pfr. Seel h\u00e4lt im Rahmen des Kanzeltausches die Predigt. Das Pfarramt organisiert Fahrtgemeinschaften zu diesem Gottesdienst. Interessierte k\u00f6nnen sich melden unter\u00a0 06338-393 &nbsp;","coauthors":[],"tax_additional":{"categories":{"linked":["<a href=\"https:\/\/evk-hornbach.de\/?cat=103\" class=\"advgb-post-tax-term\">Gottesdienst<\/a>"],"unlinked":["<span class=\"advgb-post-tax-term\">Gottesdienst<\/span>"]}},"comment_count":"0","relative_dates":{"created":"Ver\u00f6ffentlicht 8\u00a0Jahren vor","modified":"Aktualisiert 8\u00a0Jahren vor"},"absolute_dates":{"created":"Ver\u00f6ffentlicht am 22. Dezember 2017","modified":"Aktualisiert am 22. Dezember 2017"},"absolute_dates_time":{"created":"Ver\u00f6ffentlicht am 22. Dezember 2017 17:39","modified":"Aktualisiert am 22. Dezember 2017 17:39"},"featured_img_caption":"","series_order":"","jetpack-related-posts":[{"id":43933,"url":"https:\/\/evk-hornbach.de\/?p=43933","url_meta":{"origin":1952,"position":0},"title":"Gottesdienst in der Kita Althornbach","author":"Christian G\u00fcnther","date":"8. April 2022","format":false,"excerpt":"Am 11. April um 10 Uhr feiert Pfr. Seel mit den Kindern und Erzieherinnen in der Kita Storchennest am Gr\u00fcndonnerstag einen Oster-Gottesdienst.","rel":"","context":"In &quot;Gottesdienst&quot;","block_context":{"text":"Gottesdienst","link":"https:\/\/evk-hornbach.de\/?cat=103"},"img":{"alt_text":"","src":"https:\/\/i0.wp.com\/kitaalthornbach.de\/wp-content\/uploads\/2020\/07\/IMG_2351-768x512.jpg?resize=350%2C200&ssl=1","width":350,"height":200,"srcset":"https:\/\/i0.wp.com\/kitaalthornbach.de\/wp-content\/uploads\/2020\/07\/IMG_2351-768x512.jpg?resize=350%2C200&ssl=1 1x, https:\/\/i0.wp.com\/kitaalthornbach.de\/wp-content\/uploads\/2020\/07\/IMG_2351-768x512.jpg?resize=525%2C300&ssl=1 1.5x"},"classes":[]},{"id":46980,"url":"https:\/\/evk-hornbach.de\/?p=46980","url_meta":{"origin":1952,"position":1},"title":"Gottesdienst an Kantate, 07. Mai 2023, 10:00 Uhr","author":"Patrick Gauter","date":"6. Mai 2023","format":false,"excerpt":"Der Gottesdienst wird live im Internet \u00fcbertragen. Klicken Sie unten auf das Bild, wenn Sie den Gottesdienst direkt auf YouTube ansehen wollen. Die Wiedergabe startet genau zum Gottesdienstbeginn. Die Predigt von Pfr. Seel als PDF-Datei: [ujicountdown id=\"countdown\" expire=\"2023\/05\/07 10:00\" hide=\"true\" rectype=\"second\"]","rel":"","context":"In &quot;Gottesdienst&quot;","block_context":{"text":"Gottesdienst","link":"https:\/\/evk-hornbach.de\/?cat=103"},"img":{"alt_text":"","src":"https:\/\/i0.wp.com\/evk-hornbach.de\/wp-content\/uploads\/2017\/12\/Sonntagspredigtklein.png?resize=350%2C200&ssl=1","width":350,"height":200},"classes":[]},{"id":47051,"url":"https:\/\/evk-hornbach.de\/?p=47051","url_meta":{"origin":1952,"position":2},"title":"Gottesdienst an Rogate, 14. Mai 2023, 10:00 Uhr","author":"Patrick Gauter","date":"13. Mai 2023","format":false,"excerpt":"Der Gottesdienst wird live im Internet \u00fcbertragen. Klicken Sie unten auf das Bild, wenn Sie den Gottesdienst direkt auf YouTube ansehen wollen. Die Wiedergabe startet genau zum Gottesdienstbeginn. Die Predigt von Pfr. Seel als PDF-Datei: [ujicountdown id=\"countdown\" expire=\"2023\/05\/14 10:00\" hide=\"true\" rectype=\"second\"]","rel":"","context":"In &quot;Gottesdienst&quot;","block_context":{"text":"Gottesdienst","link":"https:\/\/evk-hornbach.de\/?cat=103"},"img":{"alt_text":"","src":"https:\/\/i0.wp.com\/evk-hornbach.de\/wp-content\/uploads\/2017\/12\/Sonntagspredigtklein.png?resize=350%2C200&ssl=1","width":350,"height":200},"classes":[]},{"id":47096,"url":"https:\/\/evk-hornbach.de\/?p=47096","url_meta":{"origin":1952,"position":3},"title":"Gottesdienst an Exaudi, 21. Mai 2023, 10:00 Uhr","author":"Patrick Gauter","date":"21. Mai 2023","format":false,"excerpt":"Der Gottesdienst wird live im Internet \u00fcbertragen. Klicken Sie unten auf das Bild, wenn Sie den Gottesdienst direkt auf YouTube ansehen wollen. Die Wiedergabe startet genau zum Gottesdienstbeginn. Die Predigt von Pfr. Seel als PDF-Datei: [ujicountdown id=\"countdown\" expire=\"2023\/05\/21 10:00\" hide=\"true\" rectype=\"second\"]","rel":"","context":"In &quot;Gottesdienst&quot;","block_context":{"text":"Gottesdienst","link":"https:\/\/evk-hornbach.de\/?cat=103"},"img":{"alt_text":"","src":"https:\/\/i0.wp.com\/evk-hornbach.de\/wp-content\/uploads\/2017\/12\/Sonntagspredigtklein.png?resize=350%2C200&ssl=1","width":350,"height":200},"classes":[]},{"id":47257,"url":"https:\/\/evk-hornbach.de\/?p=47257","url_meta":{"origin":1952,"position":4},"title":"Gottesdienst an 1. Sonntag nach Trinitatis, 11. Juni 2023, 10:00 Uhr","author":"Patrick Gauter","date":"11. Juni 2023","format":false,"excerpt":"Der Gottesdienst wird live im Internet \u00fcbertragen. Klicken Sie unten auf das Bild, wenn Sie den Gottesdienst direkt auf YouTube ansehen wollen. Die Wiedergabe startet genau zum Gottesdienstbeginn. [ujicountdown id=\"countdown\" expire=\"2023\/06\/11 10:00\" hide=\"true\" rectype=\"second\"] Die Predigt von Pfr. Seel als PDF-Datei:","rel":"","context":"In &quot;Gottesdienst&quot;","block_context":{"text":"Gottesdienst","link":"https:\/\/evk-hornbach.de\/?cat=103"},"img":{"alt_text":"","src":"https:\/\/i0.wp.com\/evk-hornbach.de\/wp-content\/uploads\/2023\/06\/thumbnail_11062023mpb-1024x576.png?resize=350%2C200&ssl=1","width":350,"height":200,"srcset":"https:\/\/i0.wp.com\/evk-hornbach.de\/wp-content\/uploads\/2023\/06\/thumbnail_11062023mpb-1024x576.png?resize=350%2C200&ssl=1 1x, https:\/\/i0.wp.com\/evk-hornbach.de\/wp-content\/uploads\/2023\/06\/thumbnail_11062023mpb-1024x576.png?resize=525%2C300&ssl=1 1.5x, https:\/\/i0.wp.com\/evk-hornbach.de\/wp-content\/uploads\/2023\/06\/thumbnail_11062023mpb-1024x576.png?resize=700%2C400&ssl=1 2x"},"classes":[]},{"id":47290,"url":"https:\/\/evk-hornbach.de\/?p=47290","url_meta":{"origin":1952,"position":5},"title":"Gottesdienst am 2. Sonntag nach Trinitatis, 18. Juni 2023, 10:00 Uhr","author":"Patrick Gauter","date":"17. Juni 2023","format":false,"excerpt":"Der Gottesdienst wird live im Internet \u00fcbertragen. Klicken Sie unten auf das Bild, wenn Sie den Gottesdienst direkt auf YouTube ansehen wollen. Die Wiedergabe startet genau zum Gottesdienstbeginn. [ujicountdown id=\"countdown\" expire=\"2023\/06\/18 10:00\" hide=\"true\" rectype=\"second\"] Die Predigt von Pfr. Seel als PDF-Datei:","rel":"","context":"In &quot;Gottesdienst&quot;","block_context":{"text":"Gottesdienst","link":"https:\/\/evk-hornbach.de\/?cat=103"},"img":{"alt_text":"","src":"https:\/\/i0.wp.com\/evk-hornbach.de\/wp-content\/uploads\/2023\/06\/thumbnail_18062023mpb-1024x576.png?resize=350%2C200&ssl=1","width":350,"height":200,"srcset":"https:\/\/i0.wp.com\/evk-hornbach.de\/wp-content\/uploads\/2023\/06\/thumbnail_18062023mpb-1024x576.png?resize=350%2C200&ssl=1 1x, https:\/\/i0.wp.com\/evk-hornbach.de\/wp-content\/uploads\/2023\/06\/thumbnail_18062023mpb-1024x576.png?resize=525%2C300&ssl=1 1.5x, https:\/\/i0.wp.com\/evk-hornbach.de\/wp-content\/uploads\/2023\/06\/thumbnail_18062023mpb-1024x576.png?resize=700%2C400&ssl=1 2x"},"classes":[]}],"jetpack_sharing_enabled":true,"publishpress_future_action":{"enabled":false,"date":"2026-05-04 23:35:44","action":"change-status","newStatus":"draft","terms":[],"taxonomy":"category","extraData":[]},"publishpress_future_workflow_manual_trigger":{"enabledWorkflows":[]},"_links":{"self":[{"href":"https:\/\/evk-hornbach.de\/index.php?rest_route=\/wp\/v2\/posts\/1952","targetHints":{"allow":["GET"]}}],"collection":[{"href":"https:\/\/evk-hornbach.de\/index.php?rest_route=\/wp\/v2\/posts"}],"about":[{"href":"https:\/\/evk-hornbach.de\/index.php?rest_route=\/wp\/v2\/types\/post"}],"author":[{"embeddable":true,"href":"https:\/\/evk-hornbach.de\/index.php?rest_route=\/wp\/v2\/users\/2"}],"replies":[{"embeddable":true,"href":"https:\/\/evk-hornbach.de\/index.php?rest_route=%2Fwp%2Fv2%2Fcomments&post=1952"}],"version-history":[{"count":1,"href":"https:\/\/evk-hornbach.de\/index.php?rest_route=\/wp\/v2\/posts\/1952\/revisions"}],"predecessor-version":[{"id":1953,"href":"https:\/\/evk-hornbach.de\/index.php?rest_route=\/wp\/v2\/posts\/1952\/revisions\/1953"}],"wp:attachment":[{"href":"https:\/\/evk-hornbach.de\/index.php?rest_route=%2Fwp%2Fv2%2Fmedia&parent=1952"}],"wp:term":[{"taxonomy":"category","embeddable":true,"href":"https:\/\/evk-hornbach.de\/index.php?rest_route=%2Fwp%2Fv2%2Fcategories&post=1952"},{"taxonomy":"post_tag","embeddable":true,"href":"https:\/\/evk-hornbach.de\/index.php?rest_route=%2Fwp%2Fv2%2Ftags&post=1952"},{"taxonomy":"series","embeddable":true,"href":"https:\/\/evk-hornbach.de\/index.php?rest_route=%2Fwp%2Fv2%2Fseries&post=1952"}],"curies":[{"name":"wp","href":"https:\/\/api.w.org\/{rel}","templated":true}]}}