{"id":1553,"date":"2017-09-05T16:52:12","date_gmt":"2017-09-05T14:52:12","guid":{"rendered":"http:\/\/evk-hornbach.de\/?p=1553"},"modified":"2017-09-05T17:01:35","modified_gmt":"2017-09-05T15:01:35","slug":"rueckblick-sommerfreizeit-der-ev-jugend-hornbach","status":"publish","type":"post","link":"https:\/\/evk-hornbach.de\/?p=1553","title":{"rendered":"R\u00fcckblick: Sommerfreizeit der Ev. Jugend Hornbach"},"content":{"rendered":"<blockquote><p><span style=\"font-size: 8pt; font-family: terminal, monaco, monospace;\"><strong><span style=\"color: #000000;\">Hinweis<\/span>:<\/strong> Dies ist ein eingebetteter Artikel von der Facebookseite der Ev. Jugend:<br \/>\nSobald man dort auf &#8222;<em>Mehr anzeigen<\/em>&#8220; klickt, wird man zu Facebook weitergeleitet.<\/span><\/p><\/blockquote>\n<p><iframe loading=\"lazy\" style=\"border: none; overflow: hidden;\" src=\"https:\/\/www.facebook.com\/plugins\/post.php?href=https%3A%2F%2Fwww.facebook.com%2Fevjugendhornbach%2Fposts%2F1709051209139808&amp;width=500\" width=\"500\" height=\"762\" frameborder=\"0\" scrolling=\"no\"><\/iframe><\/p>\n","protected":false},"excerpt":{"rendered":"<p>Hinweis: Dies ist ein eingebetteter Artikel von der Facebookseite der Ev. Jugend: Sobald man dort auf &#8222;Mehr anzeigen&#8220; klickt, wird man zu Facebook weitergeleitet.<\/p>\n","protected":false},"author":2,"featured_media":0,"comment_status":"open","ping_status":"open","sticky":false,"template":"","format":"aside","meta":{"_uag_custom_page_level_css":"","advgb_blocks_editor_width":"","advgb_blocks_columns_visual_guide":"","episode_type":"","audio_file":"","podmotor_file_id":"","podmotor_episode_id":"","cover_image":"","cover_image_id":"","duration":"","filesize":"","filesize_raw":"","date_recorded":"","explicit":"","block":"","cybocfi_hide_featured_image":"","_jetpack_memberships_contains_paid_content":false,"footnotes":""},"categories":[59,83],"tags":[118,117],"series":[],"class_list":["post-1553","post","type-post","status-publish","format-aside","hentry","category-event","category-jugendarbeit","tag-norwegen","tag-sommerfreizeit","post_format-post-format-aside","entry"],"episode_featured_image":false,"episode_player_image":"https:\/\/evk-hornbach.de\/wp-content\/uploads\/2017\/12\/losungandacht2026logov3.png","download_link":"","player_link":"","audio_player":false,"episode_data":{"playerMode":"dark","subscribeUrls":{"amazon":{"key":"amazon","url":"https:\/\/music.amazon.com\/podcasts\/46f9b0a9-b2db-4d5c-b947-5f5e4228a8e4\/losungsandachten-2022","label":"Amazon","class":"amazon","icon":"amazon.png"},"apple_podcasts":{"key":"apple_podcasts","url":"https:\/\/podcasts.apple.com\/de\/podcast\/losungsandachten-2022\/id1629150905","label":"Apple Podcasts","class":"apple_podcasts","icon":"apple-podcasts.png"},"deezer":{"key":"deezer","url":"","label":"Deezer","class":"deezer","icon":"deezer.png"},"podcast_de":{"key":"podcast_de","url":"","label":"Podcast.de","class":"podcast_de","icon":"podcast-de.png"},"rss":{"key":"rss","url":"https:\/\/evk-hornbach.de\/?cat=294&feed=rss2","label":"RSS","class":"rss","icon":"rss.png"},"rssradio":{"key":"rssradio","url":"","label":"RSSRadio","class":"rssradio","icon":"rssradio.png"},"spotify":{"key":"spotify","url":"https:\/\/open.spotify.com\/show\/5kJEFM4ESjFH2n1nivrIfi","label":"Spotify","class":"spotify","icon":"spotify.png"},"tunein":{"key":"tunein","url":"","label":"TuneIn","class":"tunein","icon":"tunein.png"},"fyyd_de":{"key":"fyyd_de","url":"https:\/\/fyyd.de\/podcast\/losungsandachten-2022\/0","label":"fyyd.de","class":"fyyd_de","icon":"fyyd-de.png"}},"rssFeedUrl":"https:\/\/evk-hornbach.de\/?feed=podcast&podcast_series=losungsandachten","embedCode":"<blockquote class=\"wp-embedded-content\" data-secret=\"GQZ1PEo5Mj\"><a href=\"https:\/\/evk-hornbach.de\/?p=1553\">R\u00fcckblick: Sommerfreizeit der Ev. Jugend Hornbach<\/a><\/blockquote><iframe sandbox=\"allow-scripts\" security=\"restricted\" src=\"https:\/\/evk-hornbach.de\/?p=1553&#038;embed=true#?secret=GQZ1PEo5Mj\" width=\"500\" height=\"350\" title=\"&#8222;R\u00fcckblick: Sommerfreizeit der Ev. Jugend Hornbach&#8220; &#8211; Prot. Kirchengemeinde Hornbachtal mit der prot. Kirchengemeinde Rimschweiler\" data-secret=\"GQZ1PEo5Mj\" frameborder=\"0\" marginwidth=\"0\" marginheight=\"0\" scrolling=\"no\" class=\"wp-embedded-content\"><\/iframe><script>\n\/*! This file is auto-generated *\/\n!function(d,l){\"use strict\";l.querySelector&&d.addEventListener&&\"undefined\"!=typeof URL&&(d.wp=d.wp||{},d.wp.receiveEmbedMessage||(d.wp.receiveEmbedMessage=function(e){var t=e.data;if((t||t.secret||t.message||t.value)&&!\/[^a-zA-Z0-9]\/.test(t.secret)){for(var s,r,n,a=l.querySelectorAll('iframe[data-secret=\"'+t.secret+'\"]'),o=l.querySelectorAll('blockquote[data-secret=\"'+t.secret+'\"]'),c=new RegExp(\"^https?:$\",\"i\"),i=0;i<o.length;i++)o[i].style.display=\"none\";for(i=0;i<a.length;i++)s=a[i],e.source===s.contentWindow&&(s.removeAttribute(\"style\"),\"height\"===t.message?(1e3<(r=parseInt(t.value,10))?r=1e3:~~r<200&&(r=200),s.height=r):\"link\"===t.message&&(r=new URL(s.getAttribute(\"src\")),n=new URL(t.value),c.test(n.protocol))&&n.host===r.host&&l.activeElement===s&&(d.top.location.href=t.value))}},d.addEventListener(\"message\",d.wp.receiveEmbedMessage,!1),l.addEventListener(\"DOMContentLoaded\",function(){for(var e,t,s=l.querySelectorAll(\"iframe.wp-embedded-content\"),r=0;r<s.length;r++)(t=(e=s[r]).getAttribute(\"data-secret\"))||(t=Math.random().toString(36).substring(2,12),e.src+=\"#?secret=\"+t,e.setAttribute(\"data-secret\",t)),e.contentWindow.postMessage({message:\"ready\",secret:t},\"*\")},!1)))}(window,document);\n\/\/# sourceURL=https:\/\/evk-hornbach.de\/wp-includes\/js\/wp-embed.min.js\n<\/script>\n"},"author_meta":{"display_name":"Christian G\u00fcnther","author_link":"https:\/\/evk-hornbach.de\/?author=2"},"featured_img":null,"jetpack_featured_media_url":"","uagb_featured_image_src":{"full":false,"thumbnail":false,"medium":false,"medium_large":false,"large":false,"ug_big":false,"1536x1536":false,"2048x2048":false,"post-thumbnail":false},"uagb_author_info":{"display_name":"Christian G\u00fcnther","author_link":"https:\/\/evk-hornbach.de\/?author=2"},"uagb_comment_info":0,"uagb_excerpt":"Hinweis: Dies ist ein eingebetteter Artikel von der Facebookseite der Ev. Jugend: Sobald man dort auf &#8222;Mehr anzeigen&#8220; klickt, wird man zu Facebook weitergeleitet.","coauthors":[],"tax_additional":{"categories":{"linked":["<a href=\"https:\/\/evk-hornbach.de\/?cat=59\" class=\"advgb-post-tax-term\">Event<\/a>","<a href=\"https:\/\/evk-hornbach.de\/?cat=83\" class=\"advgb-post-tax-term\">Jugendarbeit<\/a>"],"unlinked":["<span class=\"advgb-post-tax-term\">Event<\/span>","<span class=\"advgb-post-tax-term\">Jugendarbeit<\/span>"]},"tags":{"linked":["<a href=\"https:\/\/evk-hornbach.de\/?cat=83\" class=\"advgb-post-tax-term\">Norwegen<\/a>","<a href=\"https:\/\/evk-hornbach.de\/?cat=83\" class=\"advgb-post-tax-term\">Sommerfreizeit<\/a>"],"unlinked":["<span class=\"advgb-post-tax-term\">Norwegen<\/span>","<span class=\"advgb-post-tax-term\">Sommerfreizeit<\/span>"]}},"comment_count":"0","relative_dates":{"created":"Ver\u00f6ffentlicht 9\u00a0Jahren vor","modified":"Aktualisiert 9\u00a0Jahren vor"},"absolute_dates":{"created":"Ver\u00f6ffentlicht am 5. September 2017","modified":"Aktualisiert am 5. September 2017"},"absolute_dates_time":{"created":"Ver\u00f6ffentlicht am 5. September 2017 16:52","modified":"Aktualisiert am 5. September 2017 17:01"},"featured_img_caption":"","series_order":"","jetpack-related-posts":[{"id":38329,"url":"https:\/\/evk-hornbach.de\/?p=38329","url_meta":{"origin":1553,"position":0},"title":"Sommerfreizeit 2020 Jugend","author":"Patrick Gauter","date":"29. Januar 2020","format":false,"excerpt":"Anmeldungen ab heute im Jugendheim, der Kirche und auf der neuen Homepage der ev. Jugend Hornbach unten dem untenstehenden Link verf\u00fcgbar http:\/\/evj-hornbach.de\/?p=238","rel":"","context":"\u00c4hnlicher Beitrag","block_context":{"text":"\u00c4hnlicher Beitrag","link":""},"img":{"alt_text":"","src":"https:\/\/i0.wp.com\/evk-hornbach.de\/wp-content\/uploads\/2020\/01\/SI_20200128_193426.jpg?resize=350%2C200&ssl=1","width":350,"height":200,"srcset":"https:\/\/i0.wp.com\/evk-hornbach.de\/wp-content\/uploads\/2020\/01\/SI_20200128_193426.jpg?resize=350%2C200&ssl=1 1x, https:\/\/i0.wp.com\/evk-hornbach.de\/wp-content\/uploads\/2020\/01\/SI_20200128_193426.jpg?resize=525%2C300&ssl=1 1.5x, https:\/\/i0.wp.com\/evk-hornbach.de\/wp-content\/uploads\/2020\/01\/SI_20200128_193426.jpg?resize=700%2C400&ssl=1 2x, https:\/\/i0.wp.com\/evk-hornbach.de\/wp-content\/uploads\/2020\/01\/SI_20200128_193426.jpg?resize=1050%2C600&ssl=1 3x, https:\/\/i0.wp.com\/evk-hornbach.de\/wp-content\/uploads\/2020\/01\/SI_20200128_193426.jpg?resize=1400%2C800&ssl=1 4x"},"classes":[]},{"id":43750,"url":"https:\/\/evk-hornbach.de\/?p=43750","url_meta":{"origin":1553,"position":1},"title":"Sommerfreizeit der Ev. Jugend Hornbach in Griechenland!","author":"Christian G\u00fcnther","date":"6. M\u00e4rz 2022","format":false,"excerpt":"Vom 19. August bis 3. September in Griechenland!","rel":"","context":"In &quot;Jugendarbeit&quot;","block_context":{"text":"Jugendarbeit","link":"https:\/\/evk-hornbach.de\/?cat=83"},"img":{"alt_text":"","src":"https:\/\/i0.wp.com\/evk-hornbach.de\/wp-content\/uploads\/2022\/03\/flyer_klickmich.png?resize=350%2C200&ssl=1","width":350,"height":200,"srcset":"https:\/\/i0.wp.com\/evk-hornbach.de\/wp-content\/uploads\/2022\/03\/flyer_klickmich.png?resize=350%2C200&ssl=1 1x, https:\/\/i0.wp.com\/evk-hornbach.de\/wp-content\/uploads\/2022\/03\/flyer_klickmich.png?resize=525%2C300&ssl=1 1.5x"},"classes":[]},{"id":46609,"url":"https:\/\/evk-hornbach.de\/?p=46609","url_meta":{"origin":1553,"position":2},"title":"Sommerfreizeit der Ev. Jugend Hornbach in Norwegen!","author":"Christian G\u00fcnther","date":"18. M\u00e4rz 2023","format":false,"excerpt":"Freizeit ausgebucht! Warteliste ge\u00f6ffnet! Vom 06. August bis 20. August in Norwegen!","rel":"","context":"\u00c4hnlicher Beitrag","block_context":{"text":"\u00c4hnlicher Beitrag","link":""},"img":{"alt_text":"","src":"https:\/\/i0.wp.com\/evk-hornbach.de\/wp-content\/uploads\/2023\/03\/thumbnailJuFreiNorge23.png?resize=350%2C200&ssl=1","width":350,"height":200},"classes":[]},{"id":49156,"url":"https:\/\/evk-hornbach.de\/?p=49156","url_meta":{"origin":1553,"position":3},"title":"Sommerfreizeit 2024 der evangelischen Jugend Hornbach in Norwegen","author":"Patrick Gauter","date":"27. Februar 2024","format":false,"excerpt":"Vom 29.07. bis 13.08.2024 F\u00fcr Jugendliche von 11 bis 17 Jahren nur 599,- \u20ac \u00a0","rel":"","context":"In &quot;Jugendarbeit&quot;","block_context":{"text":"Jugendarbeit","link":"https:\/\/evk-hornbach.de\/?cat=83"},"img":{"alt_text":"","src":"https:\/\/i0.wp.com\/evk-hornbach.de\/wp-content\/uploads\/2023\/03\/klickmichanmeldung-300x112.png?resize=350%2C200&ssl=1","width":350,"height":200},"classes":[]},{"id":51939,"url":"https:\/\/evk-hornbach.de\/?p=51939","url_meta":{"origin":1553,"position":4},"title":"Sommerfreizeit 2025 der evangelischen Jugend Hornbach in D\u00e4nemark","author":"Patrick Gauter","date":"7. Februar 2025","format":false,"excerpt":"Vom 24.07. bis 05.08.2024 F\u00fcr Jugendliche von 13 bis 17 Jahren nur 679,- \u20ac","rel":"","context":"In &quot;Jugendarbeit&quot;","block_context":{"text":"Jugendarbeit","link":"https:\/\/evk-hornbach.de\/?cat=83"},"img":{"alt_text":"","src":"https:\/\/i0.wp.com\/evk-hornbach.de\/wp-content\/uploads\/2023\/03\/klickmichanmeldung-300x112.png?resize=350%2C200&ssl=1","width":350,"height":200},"classes":[]},{"id":51947,"url":"https:\/\/evk-hornbach.de\/?p=51947","url_meta":{"origin":1553,"position":5},"title":"Jugend-Sommerfreizeit Bornholm: Anmeldestart!","author":"Christian G\u00fcnther","date":"7. Februar 2025","format":false,"excerpt":"(Bildquelle: Joe Dyndale auf Flickr)\u00a0 Am 8. Februar um 10:36 Uhr beginnt die Anmeldephase f\u00fcr die diesj\u00e4hrige Sommerfreizeit, w\u00e4hrend derer es uns vom 24.7. bis zum 5.8. auf die d\u00e4nische Ostseeinsel Bornholm verschlagen wird. Ich empfehle eine z\u00fcgige Anmeldung, denn es ist zu erwarten, dass die Freizeit wegen der begrenzten\u2026","rel":"","context":"In &quot;Aktuell&quot;","block_context":{"text":"Aktuell","link":"https:\/\/evk-hornbach.de\/?cat=379"},"img":{"alt_text":"","src":"https:\/\/i0.wp.com\/evk-hornbach.de\/wp-content\/uploads\/2025\/02\/9428518266_4b75722a88_c.jpg?resize=350%2C200&ssl=1","width":350,"height":200,"srcset":"https:\/\/i0.wp.com\/evk-hornbach.de\/wp-content\/uploads\/2025\/02\/9428518266_4b75722a88_c.jpg?resize=350%2C200&ssl=1 1x, https:\/\/i0.wp.com\/evk-hornbach.de\/wp-content\/uploads\/2025\/02\/9428518266_4b75722a88_c.jpg?resize=525%2C300&ssl=1 1.5x, https:\/\/i0.wp.com\/evk-hornbach.de\/wp-content\/uploads\/2025\/02\/9428518266_4b75722a88_c.jpg?resize=700%2C400&ssl=1 2x"},"classes":[]}],"jetpack_sharing_enabled":true,"publishpress_future_action":{"enabled":false,"date":"2026-05-07 08:24:53","action":"change-status","newStatus":"draft","terms":[],"taxonomy":"category","extraData":[]},"publishpress_future_workflow_manual_trigger":{"enabledWorkflows":[]},"_links":{"self":[{"href":"https:\/\/evk-hornbach.de\/index.php?rest_route=\/wp\/v2\/posts\/1553","targetHints":{"allow":["GET"]}}],"collection":[{"href":"https:\/\/evk-hornbach.de\/index.php?rest_route=\/wp\/v2\/posts"}],"about":[{"href":"https:\/\/evk-hornbach.de\/index.php?rest_route=\/wp\/v2\/types\/post"}],"author":[{"embeddable":true,"href":"https:\/\/evk-hornbach.de\/index.php?rest_route=\/wp\/v2\/users\/2"}],"replies":[{"embeddable":true,"href":"https:\/\/evk-hornbach.de\/index.php?rest_route=%2Fwp%2Fv2%2Fcomments&post=1553"}],"version-history":[{"count":4,"href":"https:\/\/evk-hornbach.de\/index.php?rest_route=\/wp\/v2\/posts\/1553\/revisions"}],"predecessor-version":[{"id":1557,"href":"https:\/\/evk-hornbach.de\/index.php?rest_route=\/wp\/v2\/posts\/1553\/revisions\/1557"}],"wp:attachment":[{"href":"https:\/\/evk-hornbach.de\/index.php?rest_route=%2Fwp%2Fv2%2Fmedia&parent=1553"}],"wp:term":[{"taxonomy":"category","embeddable":true,"href":"https:\/\/evk-hornbach.de\/index.php?rest_route=%2Fwp%2Fv2%2Fcategories&post=1553"},{"taxonomy":"post_tag","embeddable":true,"href":"https:\/\/evk-hornbach.de\/index.php?rest_route=%2Fwp%2Fv2%2Ftags&post=1553"},{"taxonomy":"series","embeddable":true,"href":"https:\/\/evk-hornbach.de\/index.php?rest_route=%2Fwp%2Fv2%2Fseries&post=1553"}],"curies":[{"name":"wp","href":"https:\/\/api.w.org\/{rel}","templated":true}]}}