{"id":1436,"date":"2017-07-19T17:03:31","date_gmt":"2017-07-19T15:03:31","guid":{"rendered":"http:\/\/evk-hornbach.de\/?p=1436"},"modified":"2017-07-19T21:51:15","modified_gmt":"2017-07-19T19:51:15","slug":"kasualvertretung-vom-24-7-bis-7-8-2017","status":"publish","type":"post","link":"https:\/\/evk-hornbach.de\/?p=1436","title":{"rendered":"Kasualvertretung vom 24.7. bis 6.8.2017"},"content":{"rendered":"<p><img loading=\"lazy\" decoding=\"async\" class=\"alignleft size-thumbnail wp-image-1477\" src=\"https:\/\/evk-hornbach.de\/wp-content\/uploads\/2017\/07\/call-center-1026462_640-150x150.jpg\" alt=\"\" width=\"150\" height=\"150\" srcset=\"https:\/\/evk-hornbach.de\/wp-content\/uploads\/2017\/07\/call-center-1026462_640-150x150.jpg 150w, https:\/\/evk-hornbach.de\/wp-content\/uploads\/2017\/07\/call-center-1026462_640-300x300.jpg 300w, https:\/\/evk-hornbach.de\/wp-content\/uploads\/2017\/07\/call-center-1026462_640.jpg 640w\" sizes=\"auto, (max-width: 150px) 100vw, 150px\" \/>Pfr. Seel ist w\u00e4hrend des oben genannten Zeitraums mit Jugendlichen aus unseren Gemeinden auf Sommerfreizeit in Norwegen unterwegs.<\/p>\n<p>F\u00fcr diese Zeit ist folgende Vertretung geregelt:<\/p>\n<p><img loading=\"lazy\" decoding=\"async\" class=\"size-thumbnail wp-image-1268 aligncenter\" src=\"https:\/\/evk-hornbach.de\/wp-content\/uploads\/2016\/07\/divider-weiss-150x2.png\" alt=\"\" width=\"150\" height=\"2\" srcset=\"https:\/\/evk-hornbach.de\/wp-content\/uploads\/2016\/07\/divider-weiss-150x2.png 150w, https:\/\/evk-hornbach.de\/wp-content\/uploads\/2016\/07\/divider-weiss-300x1.png 300w, https:\/\/evk-hornbach.de\/wp-content\/uploads\/2016\/07\/divider-weiss-768x2.png 768w, https:\/\/evk-hornbach.de\/wp-content\/uploads\/2016\/07\/divider-weiss.png 800w\" sizes=\"auto, (max-width: 150px) 100vw, 150px\" \/><\/p>\n<figure style=\"width: 120px\" class=\"wp-caption alignright\"><img loading=\"lazy\" decoding=\"async\" class=\"size-thumbnail\" src=\"https:\/\/image.jimcdn.com\/app\/cms\/image\/transf\/dimension=120x1024:format=jpg\/path\/s67567b06d41393ad\/image\/ib8959f2020b413aa\/version\/1452884876\/image.jpg\" width=\"120\" height=\"160\" \/><figcaption class=\"wp-caption-text\">Pfrn. Verena Kr\u00fcger<\/figcaption><\/figure>\n<p>In der Zeit vom <strong>24.07. bis 02.08.2017<\/strong><br \/>\nist <strong>Pfarrerin Verena Kr\u00fcger<\/strong>, <i id=\"fac_69f30b3016def\" class=\"fa fa-phone\"><\/i>\n 06339\/341 (Gro\u00dfsteinhausen),<\/p>\n<p>&nbsp;<\/p>\n<p><img loading=\"lazy\" decoding=\"async\" class=\"size-thumbnail wp-image-1268 aligncenter\" src=\"https:\/\/evk-hornbach.de\/wp-content\/uploads\/2016\/07\/divider-weiss-150x2.png\" alt=\"\" width=\"150\" height=\"2\" srcset=\"https:\/\/evk-hornbach.de\/wp-content\/uploads\/2016\/07\/divider-weiss-150x2.png 150w, https:\/\/evk-hornbach.de\/wp-content\/uploads\/2016\/07\/divider-weiss-300x1.png 300w, https:\/\/evk-hornbach.de\/wp-content\/uploads\/2016\/07\/divider-weiss-768x2.png 768w, https:\/\/evk-hornbach.de\/wp-content\/uploads\/2016\/07\/divider-weiss.png 800w\" sizes=\"auto, (max-width: 150px) 100vw, 150px\" \/><\/p>\n<figure id=\"attachment_1269\" aria-describedby=\"caption-attachment-1269\" style=\"width: 116px\" class=\"wp-caption alignright\"><img loading=\"lazy\" decoding=\"async\" class=\" wp-image-1269\" src=\"https:\/\/evk-hornbach.de\/wp-content\/uploads\/2016\/07\/Suse_Guenther-Portrait.jpg\" alt=\"\" width=\"116\" height=\"146\" \/><figcaption id=\"caption-attachment-1269\" class=\"wp-caption-text\">Pfrn. Suse G\u00fcnther<\/figcaption><\/figure>\n<p>und vom\u00a0<strong>3.8.\u00a0bis 06.08.2017<\/strong><br \/>\nist <strong>Pfarrerin Suse G\u00fcnther<\/strong>\u00a0<i id=\"fac_69f30b301b5dc\" class=\"fa fa-phone\"><\/i>\n\u00a006338-994974 (Mauschbach)<\/p>\n<p>Ihre Ansprechpartnerin (insbesondere bei Todesf\u00e4llen oder (Kranken-)Abendmahlsw\u00fcnschen)!<\/p>\n","protected":false},"excerpt":{"rendered":"<p>Pfr. Seel ist w\u00e4hrend des oben genannten Zeitraums mit Jugendlichen aus unseren Gemeinden auf Sommerfreizeit in Norwegen unterwegs. F\u00fcr diese Zeit ist folgende Vertretung geregelt: In der Zeit vom 24.07. bis 02.08.2017 ist Pfarrerin Verena Kr\u00fcger, 06339\/341 (Gro\u00dfsteinhausen), &nbsp; und vom\u00a03.8.\u00a0bis 06.08.2017 ist Pfarrerin Suse G\u00fcnther\u00a0\u00a006338-994974 (Mauschbach) Ihre Ansprechpartnerin (insbesondere bei Todesf\u00e4llen oder (Kranken-)Abendmahlsw\u00fcnschen)!<\/p>\n","protected":false},"author":2,"featured_media":0,"comment_status":"open","ping_status":"open","sticky":false,"template":"","format":"standard","meta":{"_uag_custom_page_level_css":"","advgb_blocks_editor_width":"","advgb_blocks_columns_visual_guide":"","episode_type":"","audio_file":"","podmotor_file_id":"","podmotor_episode_id":"","cover_image":"","cover_image_id":"","duration":"","filesize":"","filesize_raw":"","date_recorded":"","explicit":"","block":"","cybocfi_hide_featured_image":"","_jetpack_memberships_contains_paid_content":false,"footnotes":""},"categories":[1],"tags":[],"series":[],"class_list":["post-1436","post","type-post","status-publish","format-standard","hentry","category-uncategorized","entry"],"episode_featured_image":false,"episode_player_image":"https:\/\/evk-hornbach.de\/wp-content\/uploads\/2017\/12\/losungandacht2026logov3.png","download_link":"","player_link":"","audio_player":false,"episode_data":{"playerMode":"dark","subscribeUrls":{"amazon":{"key":"amazon","url":"https:\/\/music.amazon.com\/podcasts\/46f9b0a9-b2db-4d5c-b947-5f5e4228a8e4\/losungsandachten-2022","label":"Amazon","class":"amazon","icon":"amazon.png"},"apple_podcasts":{"key":"apple_podcasts","url":"https:\/\/podcasts.apple.com\/de\/podcast\/losungsandachten-2022\/id1629150905","label":"Apple Podcasts","class":"apple_podcasts","icon":"apple-podcasts.png"},"deezer":{"key":"deezer","url":"","label":"Deezer","class":"deezer","icon":"deezer.png"},"podcast_de":{"key":"podcast_de","url":"","label":"Podcast.de","class":"podcast_de","icon":"podcast-de.png"},"rss":{"key":"rss","url":"https:\/\/evk-hornbach.de\/?cat=294&feed=rss2","label":"RSS","class":"rss","icon":"rss.png"},"rssradio":{"key":"rssradio","url":"","label":"RSSRadio","class":"rssradio","icon":"rssradio.png"},"spotify":{"key":"spotify","url":"https:\/\/open.spotify.com\/show\/5kJEFM4ESjFH2n1nivrIfi","label":"Spotify","class":"spotify","icon":"spotify.png"},"tunein":{"key":"tunein","url":"","label":"TuneIn","class":"tunein","icon":"tunein.png"},"fyyd_de":{"key":"fyyd_de","url":"https:\/\/fyyd.de\/podcast\/losungsandachten-2022\/0","label":"fyyd.de","class":"fyyd_de","icon":"fyyd-de.png"}},"rssFeedUrl":"https:\/\/evk-hornbach.de\/?feed=podcast&podcast_series=losungsandachten","embedCode":"<blockquote class=\"wp-embedded-content\" data-secret=\"mFtwQXrwlj\"><a href=\"https:\/\/evk-hornbach.de\/?p=1436\">Kasualvertretung vom 24.7. bis 6.8.2017<\/a><\/blockquote><iframe sandbox=\"allow-scripts\" security=\"restricted\" src=\"https:\/\/evk-hornbach.de\/?p=1436&#038;embed=true#?secret=mFtwQXrwlj\" width=\"500\" height=\"350\" title=\"&#8222;Kasualvertretung vom 24.7. bis 6.8.2017&#8220; &#8211; Prot. Kirchengemeinde Hornbachtal mit der prot. Kirchengemeinde Rimschweiler\" data-secret=\"mFtwQXrwlj\" frameborder=\"0\" marginwidth=\"0\" marginheight=\"0\" scrolling=\"no\" class=\"wp-embedded-content\"><\/iframe><script>\n\/*! This file is auto-generated *\/\n!function(d,l){\"use strict\";l.querySelector&&d.addEventListener&&\"undefined\"!=typeof URL&&(d.wp=d.wp||{},d.wp.receiveEmbedMessage||(d.wp.receiveEmbedMessage=function(e){var t=e.data;if((t||t.secret||t.message||t.value)&&!\/[^a-zA-Z0-9]\/.test(t.secret)){for(var s,r,n,a=l.querySelectorAll('iframe[data-secret=\"'+t.secret+'\"]'),o=l.querySelectorAll('blockquote[data-secret=\"'+t.secret+'\"]'),c=new RegExp(\"^https?:$\",\"i\"),i=0;i<o.length;i++)o[i].style.display=\"none\";for(i=0;i<a.length;i++)s=a[i],e.source===s.contentWindow&&(s.removeAttribute(\"style\"),\"height\"===t.message?(1e3<(r=parseInt(t.value,10))?r=1e3:~~r<200&&(r=200),s.height=r):\"link\"===t.message&&(r=new URL(s.getAttribute(\"src\")),n=new URL(t.value),c.test(n.protocol))&&n.host===r.host&&l.activeElement===s&&(d.top.location.href=t.value))}},d.addEventListener(\"message\",d.wp.receiveEmbedMessage,!1),l.addEventListener(\"DOMContentLoaded\",function(){for(var e,t,s=l.querySelectorAll(\"iframe.wp-embedded-content\"),r=0;r<s.length;r++)(t=(e=s[r]).getAttribute(\"data-secret\"))||(t=Math.random().toString(36).substring(2,12),e.src+=\"#?secret=\"+t,e.setAttribute(\"data-secret\",t)),e.contentWindow.postMessage({message:\"ready\",secret:t},\"*\")},!1)))}(window,document);\n\/\/# sourceURL=https:\/\/evk-hornbach.de\/wp-includes\/js\/wp-embed.min.js\n<\/script>\n"},"author_meta":{"display_name":"Christian G\u00fcnther","author_link":"https:\/\/evk-hornbach.de\/?author=2"},"featured_img":null,"jetpack_featured_media_url":"","uagb_featured_image_src":{"full":false,"thumbnail":false,"medium":false,"medium_large":false,"large":false,"ug_big":false,"1536x1536":false,"2048x2048":false,"post-thumbnail":false},"uagb_author_info":{"display_name":"Christian G\u00fcnther","author_link":"https:\/\/evk-hornbach.de\/?author=2"},"uagb_comment_info":0,"uagb_excerpt":"Pfr. Seel ist w\u00e4hrend des oben genannten Zeitraums mit Jugendlichen aus unseren Gemeinden auf Sommerfreizeit in Norwegen unterwegs. F\u00fcr diese Zeit ist folgende Vertretung geregelt: In der Zeit vom 24.07. bis 02.08.2017 ist Pfarrerin Verena Kr\u00fcger, 06339\/341 (Gro\u00dfsteinhausen), &nbsp; und vom\u00a03.8.\u00a0bis 06.08.2017 ist Pfarrerin Suse G\u00fcnther\u00a0\u00a006338-994974 (Mauschbach) Ihre Ansprechpartnerin (insbesondere bei Todesf\u00e4llen oder (Kranken-)Abendmahlsw\u00fcnschen)!","coauthors":[],"tax_additional":{"categories":{"linked":["<a href=\"https:\/\/evk-hornbach.de\/?cat=1\" class=\"advgb-post-tax-term\">Uncategorized<\/a>"],"unlinked":["<span class=\"advgb-post-tax-term\">Uncategorized<\/span>"]}},"comment_count":"0","relative_dates":{"created":"Ver\u00f6ffentlicht 9\u00a0Jahren vor","modified":"Aktualisiert 9\u00a0Jahren vor"},"absolute_dates":{"created":"Ver\u00f6ffentlicht am 19. Juli 2017","modified":"Aktualisiert am 19. Juli 2017"},"absolute_dates_time":{"created":"Ver\u00f6ffentlicht am 19. Juli 2017 17:03","modified":"Aktualisiert am 19. Juli 2017 21:51"},"featured_img_caption":"","series_order":"","jetpack-related-posts":[{"id":52369,"url":"https:\/\/evk-hornbach.de\/?p=52369","url_meta":{"origin":1436,"position":0},"title":"Urlaub Pfr. Seel im April-Juni","author":"Christian G\u00fcnther","date":"14. April 2025","format":false,"excerpt":"Pfr. Seel ist zu Forschungszwecken im Urlaub vom 22. April bis zum 7. Juni.Vertretung in dieser Zeit hat Pfrn. Verena Kr\u00fcger aus Gro\u00dfsteinhausen.\u00a0","rel":"","context":"In &quot;Neuigkeiten&quot;","block_context":{"text":"Neuigkeiten","link":"https:\/\/evk-hornbach.de\/?cat=34"},"img":{"alt_text":"","src":"https:\/\/i0.wp.com\/evk-hornbach.de\/wp-content\/uploads\/2025\/04\/buecherwurm.webp?resize=350%2C200&ssl=1","width":350,"height":200,"srcset":"https:\/\/i0.wp.com\/evk-hornbach.de\/wp-content\/uploads\/2025\/04\/buecherwurm.webp?resize=350%2C200&ssl=1 1x, https:\/\/i0.wp.com\/evk-hornbach.de\/wp-content\/uploads\/2025\/04\/buecherwurm.webp?resize=525%2C300&ssl=1 1.5x, https:\/\/i0.wp.com\/evk-hornbach.de\/wp-content\/uploads\/2025\/04\/buecherwurm.webp?resize=700%2C400&ssl=1 2x, https:\/\/i0.wp.com\/evk-hornbach.de\/wp-content\/uploads\/2025\/04\/buecherwurm.webp?resize=1050%2C600&ssl=1 3x"},"classes":[]},{"id":38056,"url":"https:\/\/evk-hornbach.de\/?p=38056","url_meta":{"origin":1436,"position":1},"title":"Pfr. Seel ist vom 30.9..- 13.10.2019 in Urlaub.","author":"Christian G\u00fcnther","date":"23. September 2019","format":"aside","excerpt":"Die Pfarramts-Vertretung in dieser Zeit \u00fcbernehmen : in der Zeit vom 30.9.-5.10.: Pfrn. Suse G\u00fcnther 06338 994974, . in der Zeit vom 6.-13.10.: Pfrn. Verena Kr\u00fcger, Gro\u00dfsteinhausen , 06339 341","rel":"","context":"In \"Freizeit\"","block_context":{"text":"Freizeit","link":"https:\/\/evk-hornbach.de\/?tag=freizeit"},"img":{"alt_text":"","src":"https:\/\/i0.wp.com\/evk-hornbach.de\/wp-content\/uploads\/2019\/09\/chair-1778706_1280.jpg?resize=350%2C200&ssl=1","width":350,"height":200,"srcset":"https:\/\/i0.wp.com\/evk-hornbach.de\/wp-content\/uploads\/2019\/09\/chair-1778706_1280.jpg?resize=350%2C200&ssl=1 1x, https:\/\/i0.wp.com\/evk-hornbach.de\/wp-content\/uploads\/2019\/09\/chair-1778706_1280.jpg?resize=525%2C300&ssl=1 1.5x, https:\/\/i0.wp.com\/evk-hornbach.de\/wp-content\/uploads\/2019\/09\/chair-1778706_1280.jpg?resize=700%2C400&ssl=1 2x, https:\/\/i0.wp.com\/evk-hornbach.de\/wp-content\/uploads\/2019\/09\/chair-1778706_1280.jpg?resize=1050%2C600&ssl=1 3x"},"classes":[]},{"id":37971,"url":"https:\/\/evk-hornbach.de\/?p=37971","url_meta":{"origin":1436,"position":2},"title":"Pfr. Seel hat von 6. Juli bis 11. August Urlaub.","author":"Patrick Gauter","date":"11. Juli 2019","format":"aside","excerpt":"Pfr. Daniel Seel ist vom 6.7. - 20.7.2019 mit Jugendlichen aus unseren Gemeinden auf Sommerfreizeit in Lackan House \/ Irland.\u00a0 Vom 21. Juli bis 11. August befindet sich Pfr. Daniel Seel in Urlaub. Die Pfarramts-Vertretung in dieser Zeit \u00fcbernehmen: \u00a0\u00a0 in der Zeit vom 6.7.-14.7.: Diakonin i. R. Roswitha Kaufholz-Kerz\u2026","rel":"","context":"\u00c4hnlicher Beitrag","block_context":{"text":"\u00c4hnlicher Beitrag","link":""},"img":{"alt_text":"","src":"https:\/\/i0.wp.com\/evk-hornbach.de\/wp-content\/uploads\/2017\/12\/deck-chair-1392583_960_720.jpg?resize=350%2C200&ssl=1","width":350,"height":200},"classes":[]},{"id":371,"url":"https:\/\/evk-hornbach.de\/?p=371","url_meta":{"origin":1436,"position":3},"title":"Urlaubsvertretung im Oktober","author":"Christian G\u00fcnther","date":"23. September 2016","format":"aside","excerpt":"Pfr. Hoffmann ist vom 17. Oktober bis 01. November in Urlaub. In dieser Zeit ist Frau Diakonin R. Kaufholz-Kerz, Tel:\u00a000.333.87.09.90.65\u00a0 Ihre Ansprechpartnerin f\u00fcr die \u00fcber das Dekanat Zweibr\u00fccken geregelte Vertretungszeit. Au\u00dferdem ist das Pfarrb\u00fcro w\u00e4hrend der \u00fcblichen B\u00fcrozeiten ge\u00f6ffnet.","rel":"","context":"\u00c4hnlicher Beitrag","block_context":{"text":"\u00c4hnlicher Beitrag","link":""},"img":{"alt_text":"","src":"","width":0,"height":0},"classes":[]},{"id":38571,"url":"https:\/\/evk-hornbach.de\/?p=38571","url_meta":{"origin":1436,"position":4},"title":"Losungsandacht f\u00fcr Dienstag, 31.03.2020","author":"Christian G\u00fcnther","date":"31. M\u00e4rz 2020","format":false,"excerpt":"F\u00fcr die Zeit, in der wir alle wegen der Epidemie in Isolation festsitzen, stellen wir t\u00e4glich eine 5-Minuten-Losungs-Andacht ins Netz. Text und Sprecherin: Pfarrerin Verena Kr\u00fcger, Gro\u00dfsteinhausen Die Ansprache zum Nachlesen kann man hier herunterladen. Nachdem man auf oben auf die \u00dcberschrift des heutigen Andachtsbeitrages klickt, wird dieser in einer\u2026","rel":"","context":"In &quot;Losungsandacht&quot;","block_context":{"text":"Losungsandacht","link":"https:\/\/evk-hornbach.de\/?cat=294"},"img":{"alt_text":"","src":"https:\/\/i0.wp.com\/evk-hornbach.de\/wp-content\/uploads\/2016\/07\/divider-weiss-300x1.png?resize=350%2C200&ssl=1","width":350,"height":200},"classes":[]},{"id":38893,"url":"https:\/\/evk-hornbach.de\/?p=38893","url_meta":{"origin":1436,"position":5},"title":"Losungsandacht f\u00fcr Montag, 04.05.2020","author":"Christian G\u00fcnther","date":"4. Mai 2020","format":false,"excerpt":"F\u00fcr die Zeit, in der wir alle wegen der Epidemie in Isolation festsitzen, stellen wir t\u00e4glich eine 5-Minuten-Losungs-Andacht ins Netz. Text und Sprecher: Pfarrerin Verena Kr\u00fcger, Gro\u00dfsteinhausen Die Ansprache zum Nachlesen kann man hier herunterladen. Nachdem man auf oben auf die \u00dcberschrift des heutigen Andachtsbeitrages klickt, wird dieser in einer\u2026","rel":"","context":"In &quot;Losungsandacht&quot;","block_context":{"text":"Losungsandacht","link":"https:\/\/evk-hornbach.de\/?cat=294"},"img":{"alt_text":"","src":"https:\/\/i0.wp.com\/evk-hornbach.de\/wp-content\/uploads\/2016\/07\/divider-weiss-300x1.png?resize=350%2C200&ssl=1","width":350,"height":200},"classes":[]}],"jetpack_sharing_enabled":true,"publishpress_future_action":{"enabled":false,"date":"2026-05-07 09:56:32","action":"change-status","newStatus":"draft","terms":[],"taxonomy":"category","extraData":[]},"publishpress_future_workflow_manual_trigger":{"enabledWorkflows":[]},"_links":{"self":[{"href":"https:\/\/evk-hornbach.de\/index.php?rest_route=\/wp\/v2\/posts\/1436","targetHints":{"allow":["GET"]}}],"collection":[{"href":"https:\/\/evk-hornbach.de\/index.php?rest_route=\/wp\/v2\/posts"}],"about":[{"href":"https:\/\/evk-hornbach.de\/index.php?rest_route=\/wp\/v2\/types\/post"}],"author":[{"embeddable":true,"href":"https:\/\/evk-hornbach.de\/index.php?rest_route=\/wp\/v2\/users\/2"}],"replies":[{"embeddable":true,"href":"https:\/\/evk-hornbach.de\/index.php?rest_route=%2Fwp%2Fv2%2Fcomments&post=1436"}],"version-history":[{"count":7,"href":"https:\/\/evk-hornbach.de\/index.php?rest_route=\/wp\/v2\/posts\/1436\/revisions"}],"predecessor-version":[{"id":1482,"href":"https:\/\/evk-hornbach.de\/index.php?rest_route=\/wp\/v2\/posts\/1436\/revisions\/1482"}],"wp:attachment":[{"href":"https:\/\/evk-hornbach.de\/index.php?rest_route=%2Fwp%2Fv2%2Fmedia&parent=1436"}],"wp:term":[{"taxonomy":"category","embeddable":true,"href":"https:\/\/evk-hornbach.de\/index.php?rest_route=%2Fwp%2Fv2%2Fcategories&post=1436"},{"taxonomy":"post_tag","embeddable":true,"href":"https:\/\/evk-hornbach.de\/index.php?rest_route=%2Fwp%2Fv2%2Ftags&post=1436"},{"taxonomy":"series","embeddable":true,"href":"https:\/\/evk-hornbach.de\/index.php?rest_route=%2Fwp%2Fv2%2Fseries&post=1436"}],"curies":[{"name":"wp","href":"https:\/\/api.w.org\/{rel}","templated":true}]}}