{"id":1227,"date":"2017-04-26T16:41:05","date_gmt":"2017-04-26T14:41:05","guid":{"rendered":"http:\/\/evk-hornbach.de\/?p=1227"},"modified":"2017-04-27T08:57:36","modified_gmt":"2017-04-27T06:57:36","slug":"verabschiedung-von-diakonin-roswitha-kaufholz-kerz-an-christi-himmelfahrt-25-5-2017","status":"publish","type":"post","link":"https:\/\/evk-hornbach.de\/?p=1227","title":{"rendered":"Verabschiedung von Diakonin Roswitha Kaufholz-Kerz an Christi Himmelfahrt (25.5.2017)"},"content":{"rendered":"<p><img loading=\"lazy\" decoding=\"async\" class=\"alignleft size-full wp-image-812\" src=\"https:\/\/evk-hornbach.de\/wp-content\/uploads\/2016\/12\/rkaufholz-kerz.png\" alt=\"\" width=\"166\" height=\"227\" \/>Nachdem Pfr. Klaus Hoffmann bereits im vergangenen Herbst pensioniert wurde,\u00a0verliert die Kirchengemeinde Ende Mai 2017 eine weitere verdiente, hauptamtliche Kraft: Diakonin Kaufholz-Kerz geht in den Ruhestand.<\/p>\n<p>Am Donnerstag, dem 25. Mai 2017 (Himmelfahrtstag bzw. &#8222;Vatertag&#8220;) findet die offizielle Verabschiedung (samt Abschiedsfeier) statt<\/p>\n<p style=\"text-align: center;\"><strong>in der Alexanderskirche in Zweibr\u00fccken um 10 Uhr.<\/strong><\/p>\n<p>Wegen des Verabschiedungsgottesdienstes in Zweibr\u00fccken findet in Hornbach an Christi Himmelfahrt kein Gottesdienst statt.<\/p>\n<p>Wir bilden <strong>Fahrtgemeinschaften<\/strong>, damit auch die Leute dabei sein k\u00f6nnen, welche gerade kein Auto verf\u00fcgbar haben. Wer mitfahren m\u00f6chte, m\u00f6ge sich telefonisch oder per Mail <a href=\"https:\/\/evk-hornbach.de\/?page_id=80\" target=\"_blank\" rel=\"noopener noreferrer\">beim Pfarramt<\/a> anmelden!<\/p>\n<p><em>Wir w\u00fcnschen Frau Kaufholz-Kerz eine gesegnete, erf\u00fcllte und (hoffentlich noch lange) gesunde Zeit!<\/em><\/p>\n","protected":false},"excerpt":{"rendered":"<p>Nachdem Pfr. Klaus Hoffmann bereits im vergangenen Herbst pensioniert wurde,\u00a0verliert die Kirchengemeinde Ende Mai 2017 eine weitere verdiente, hauptamtliche Kraft: Diakonin Kaufholz-Kerz geht in den Ruhestand. Am Donnerstag, dem 25. Mai 2017 (Himmelfahrtstag bzw. &#8222;Vatertag&#8220;) findet die offizielle Verabschiedung (samt Abschiedsfeier) statt in der Alexanderskirche in Zweibr\u00fccken um 10 Uhr. Wegen des Verabschiedungsgottesdienstes in Zweibr\u00fccken&hellip; <a class=\"more-link\" href=\"https:\/\/evk-hornbach.de\/?p=1227\"><span class=\"screen-reader-text\">Verabschiedung von Diakonin Roswitha Kaufholz-Kerz an Christi Himmelfahrt (25.5.2017)<\/span> weiterlesen<\/a><\/p>\n","protected":false},"author":2,"featured_media":0,"comment_status":"open","ping_status":"open","sticky":false,"template":"","format":"aside","meta":{"_uag_custom_page_level_css":"","advgb_blocks_editor_width":"","advgb_blocks_columns_visual_guide":"","episode_type":"","audio_file":"","podmotor_file_id":"","podmotor_episode_id":"","cover_image":"","cover_image_id":"","duration":"","filesize":"","filesize_raw":"","date_recorded":"","explicit":"","block":"","cybocfi_hide_featured_image":"","_jetpack_memberships_contains_paid_content":false,"footnotes":""},"categories":[59,34,42],"tags":[93,94,57],"series":[],"class_list":["post-1227","post","type-post","status-publish","format-aside","hentry","category-event","category-neuigkeiten","category-vorankuendigung","tag-diakonin","tag-kaufholz-kerz","tag-verabschiedung","post_format-post-format-aside","entry"],"episode_featured_image":false,"episode_player_image":"https:\/\/evk-hornbach.de\/wp-content\/uploads\/2017\/12\/losungandacht2026logov3.png","download_link":"","player_link":"","audio_player":false,"episode_data":{"playerMode":"dark","subscribeUrls":{"amazon":{"key":"amazon","url":"https:\/\/music.amazon.com\/podcasts\/46f9b0a9-b2db-4d5c-b947-5f5e4228a8e4\/losungsandachten-2022","label":"Amazon","class":"amazon","icon":"amazon.png"},"apple_podcasts":{"key":"apple_podcasts","url":"https:\/\/podcasts.apple.com\/de\/podcast\/losungsandachten-2022\/id1629150905","label":"Apple Podcasts","class":"apple_podcasts","icon":"apple-podcasts.png"},"deezer":{"key":"deezer","url":"","label":"Deezer","class":"deezer","icon":"deezer.png"},"podcast_de":{"key":"podcast_de","url":"","label":"Podcast.de","class":"podcast_de","icon":"podcast-de.png"},"rss":{"key":"rss","url":"https:\/\/evk-hornbach.de\/?cat=294&feed=rss2","label":"RSS","class":"rss","icon":"rss.png"},"rssradio":{"key":"rssradio","url":"","label":"RSSRadio","class":"rssradio","icon":"rssradio.png"},"spotify":{"key":"spotify","url":"https:\/\/open.spotify.com\/show\/5kJEFM4ESjFH2n1nivrIfi","label":"Spotify","class":"spotify","icon":"spotify.png"},"tunein":{"key":"tunein","url":"","label":"TuneIn","class":"tunein","icon":"tunein.png"},"fyyd_de":{"key":"fyyd_de","url":"https:\/\/fyyd.de\/podcast\/losungsandachten-2022\/0","label":"fyyd.de","class":"fyyd_de","icon":"fyyd-de.png"}},"rssFeedUrl":"https:\/\/evk-hornbach.de\/?feed=podcast&podcast_series=losungsandachten","embedCode":"<blockquote class=\"wp-embedded-content\" data-secret=\"qg50QKoxCm\"><a href=\"https:\/\/evk-hornbach.de\/?p=1227\">Verabschiedung von Diakonin Roswitha Kaufholz-Kerz an Christi Himmelfahrt (25.5.2017)<\/a><\/blockquote><iframe sandbox=\"allow-scripts\" security=\"restricted\" src=\"https:\/\/evk-hornbach.de\/?p=1227&#038;embed=true#?secret=qg50QKoxCm\" width=\"500\" height=\"350\" title=\"&#8222;Verabschiedung von Diakonin Roswitha Kaufholz-Kerz an Christi Himmelfahrt (25.5.2017)&#8220; &#8211; Prot. Kirchengemeinde Hornbachtal mit der prot. Kirchengemeinde Rimschweiler\" data-secret=\"qg50QKoxCm\" frameborder=\"0\" marginwidth=\"0\" marginheight=\"0\" scrolling=\"no\" class=\"wp-embedded-content\"><\/iframe><script>\n\/*! This file is auto-generated *\/\n!function(d,l){\"use strict\";l.querySelector&&d.addEventListener&&\"undefined\"!=typeof URL&&(d.wp=d.wp||{},d.wp.receiveEmbedMessage||(d.wp.receiveEmbedMessage=function(e){var t=e.data;if((t||t.secret||t.message||t.value)&&!\/[^a-zA-Z0-9]\/.test(t.secret)){for(var s,r,n,a=l.querySelectorAll('iframe[data-secret=\"'+t.secret+'\"]'),o=l.querySelectorAll('blockquote[data-secret=\"'+t.secret+'\"]'),c=new RegExp(\"^https?:$\",\"i\"),i=0;i<o.length;i++)o[i].style.display=\"none\";for(i=0;i<a.length;i++)s=a[i],e.source===s.contentWindow&&(s.removeAttribute(\"style\"),\"height\"===t.message?(1e3<(r=parseInt(t.value,10))?r=1e3:~~r<200&&(r=200),s.height=r):\"link\"===t.message&&(r=new URL(s.getAttribute(\"src\")),n=new URL(t.value),c.test(n.protocol))&&n.host===r.host&&l.activeElement===s&&(d.top.location.href=t.value))}},d.addEventListener(\"message\",d.wp.receiveEmbedMessage,!1),l.addEventListener(\"DOMContentLoaded\",function(){for(var e,t,s=l.querySelectorAll(\"iframe.wp-embedded-content\"),r=0;r<s.length;r++)(t=(e=s[r]).getAttribute(\"data-secret\"))||(t=Math.random().toString(36).substring(2,12),e.src+=\"#?secret=\"+t,e.setAttribute(\"data-secret\",t)),e.contentWindow.postMessage({message:\"ready\",secret:t},\"*\")},!1)))}(window,document);\n\/\/# sourceURL=https:\/\/evk-hornbach.de\/wp-includes\/js\/wp-embed.min.js\n<\/script>\n"},"author_meta":{"display_name":"Christian G\u00fcnther","author_link":"https:\/\/evk-hornbach.de\/?author=2"},"featured_img":null,"jetpack_featured_media_url":"","uagb_featured_image_src":{"full":false,"thumbnail":false,"medium":false,"medium_large":false,"large":false,"ug_big":false,"1536x1536":false,"2048x2048":false,"post-thumbnail":false},"uagb_author_info":{"display_name":"Christian G\u00fcnther","author_link":"https:\/\/evk-hornbach.de\/?author=2"},"uagb_comment_info":0,"uagb_excerpt":"Nachdem Pfr. Klaus Hoffmann bereits im vergangenen Herbst pensioniert wurde,\u00a0verliert die Kirchengemeinde Ende Mai 2017 eine weitere verdiente, hauptamtliche Kraft: Diakonin Kaufholz-Kerz geht in den Ruhestand. Am Donnerstag, dem 25. Mai 2017 (Himmelfahrtstag bzw. &#8222;Vatertag&#8220;) findet die offizielle Verabschiedung (samt Abschiedsfeier) statt in der Alexanderskirche in Zweibr\u00fccken um 10 Uhr. Wegen des Verabschiedungsgottesdienstes in Zweibr\u00fccken&hellip;&hellip;","coauthors":[],"tax_additional":{"categories":{"linked":["<a href=\"https:\/\/evk-hornbach.de\/?cat=59\" class=\"advgb-post-tax-term\">Event<\/a>","<a href=\"https:\/\/evk-hornbach.de\/?cat=34\" class=\"advgb-post-tax-term\">Neuigkeiten<\/a>","<a href=\"https:\/\/evk-hornbach.de\/?cat=42\" class=\"advgb-post-tax-term\">Vorank\u00fcndigung<\/a>"],"unlinked":["<span class=\"advgb-post-tax-term\">Event<\/span>","<span class=\"advgb-post-tax-term\">Neuigkeiten<\/span>","<span class=\"advgb-post-tax-term\">Vorank\u00fcndigung<\/span>"]},"tags":{"linked":["<a href=\"https:\/\/evk-hornbach.de\/?cat=42\" class=\"advgb-post-tax-term\">Diakonin<\/a>","<a href=\"https:\/\/evk-hornbach.de\/?cat=42\" class=\"advgb-post-tax-term\">Kaufholz-Kerz<\/a>","<a href=\"https:\/\/evk-hornbach.de\/?cat=42\" class=\"advgb-post-tax-term\">Verabschiedung<\/a>"],"unlinked":["<span class=\"advgb-post-tax-term\">Diakonin<\/span>","<span class=\"advgb-post-tax-term\">Kaufholz-Kerz<\/span>","<span class=\"advgb-post-tax-term\">Verabschiedung<\/span>"]}},"comment_count":"0","relative_dates":{"created":"Ver\u00f6ffentlicht 9\u00a0Jahren vor","modified":"Aktualisiert 9\u00a0Jahren vor"},"absolute_dates":{"created":"Ver\u00f6ffentlicht am 26. April 2017","modified":"Aktualisiert am 27. April 2017"},"absolute_dates_time":{"created":"Ver\u00f6ffentlicht am 26. April 2017 16:41","modified":"Aktualisiert am 27. April 2017 8:57"},"featured_img_caption":"","series_order":"","jetpack-related-posts":[{"id":513,"url":"https:\/\/evk-hornbach.de\/?p=513","url_meta":{"origin":1227,"position":0},"title":"Vakanz","author":"Christian G\u00fcnther","date":"22. November 2016","format":false,"excerpt":"Unsere Pfarrei ist derzeit vakant, d.h. ohne amtierenden Pfarrer. Pfr. Hoffmann ist im Ruhestand. Ab 01. Dez. ist Frau Diakonin R. Kaufholz-Kerz, \u00a00033 387 099 065 ihre Ansprechpartnerin\u00a0f\u00fcr die \u00fcber das\u00a0 Dekanat Zweibr\u00fccken geregelte Vertretungszeit. Vom 28.12. \u2013 30.12.2016 hat Diakonin Kaufholz-Kerz Urlaub. Die Vertretung in dieser Zeit wird \u00fcber\u2026","rel":"","context":"Mit 1 Kommentar","block_context":{"text":"Mit 1 Kommentar","link":"https:\/\/evk-hornbach.de\/?p=513#comments"},"img":{"alt_text":"vakanz-chair","src":"https:\/\/i0.wp.com\/evk-hornbach.de\/wp-content\/uploads\/2016\/11\/vakanz-chair-200x300.jpg?resize=350%2C200&ssl=1","width":350,"height":200},"classes":[]},{"id":810,"url":"https:\/\/evk-hornbach.de\/?p=810","url_meta":{"origin":1227,"position":1},"title":"\u00d6kumenischer, internationaler Gottesdienst in der Kirche zu Brenschelbach","author":"Christian G\u00fcnther","date":"1. Januar 2017","format":"aside","excerpt":"Am Samstag, 28.1.2017 findet um 18 Uhr ein \u00f6kumenischer Gottesdienst zur Einheit der Christen statt, der wie in fr\u00fcheren Jahren von Geistlichen der Kirchengemeinden Hornbach-Brenschelbach - Diakonin R. Kaufholz-Kerz - und Volmunster - Abb\u00e9 S. Pontello - geleitet wird und zu dem die Gemeindeglieder aus beiden Pfarreien herzlich eingeladen sind.\u2026","rel":"","context":"\u00c4hnlicher Beitrag","block_context":{"text":"\u00c4hnlicher Beitrag","link":""},"img":{"alt_text":"rkaufholz-kerz","src":"https:\/\/i0.wp.com\/evk-hornbach.de\/wp-content\/uploads\/2016\/12\/rkaufholz-kerz.png?resize=350%2C200&ssl=1","width":350,"height":200},"classes":[]},{"id":371,"url":"https:\/\/evk-hornbach.de\/?p=371","url_meta":{"origin":1227,"position":2},"title":"Urlaubsvertretung im Oktober","author":"Christian G\u00fcnther","date":"23. September 2016","format":"aside","excerpt":"Pfr. Hoffmann ist vom 17. Oktober bis 01. November in Urlaub. In dieser Zeit ist Frau Diakonin R. Kaufholz-Kerz, Tel:\u00a000.333.87.09.90.65\u00a0 Ihre Ansprechpartnerin f\u00fcr die \u00fcber das Dekanat Zweibr\u00fccken geregelte Vertretungszeit. Au\u00dferdem ist das Pfarrb\u00fcro w\u00e4hrend der \u00fcblichen B\u00fcrozeiten ge\u00f6ffnet.","rel":"","context":"\u00c4hnlicher Beitrag","block_context":{"text":"\u00c4hnlicher Beitrag","link":""},"img":{"alt_text":"","src":"","width":0,"height":0},"classes":[]},{"id":895,"url":"https:\/\/evk-hornbach.de\/?p=895","url_meta":{"origin":1227,"position":3},"title":"Urlaubsvertretung im Februar","author":"Christian G\u00fcnther","date":"21. Januar 2017","format":false,"excerpt":"DIAKONIN KAUFHOLZ-KERZ\u00a0IST VOM 13.-19.2.2017 IN URLAUB. In dieser Zeit ist das Prot. Dekanat Zweibr\u00fccken, Tel:\u00a006332-73543\u00a0 Ihr Ansprechpartner. Gesch\u00e4ftszeiten sind Mo-Do von 9-12 Uhr und von 14-16 Uhr sowie Fr von 9-12 Uhr. Au\u00dferdem ist das Pfarrb\u00fcro w\u00e4hrend der \u00fcblichen B\u00fcrozeiten ge\u00f6ffnet.","rel":"","context":"\u00c4hnlicher Beitrag","block_context":{"text":"\u00c4hnlicher Beitrag","link":""},"img":{"alt_text":"","src":"","width":0,"height":0},"classes":[]},{"id":842,"url":"https:\/\/evk-hornbach.de\/?p=842","url_meta":{"origin":1227,"position":4},"title":"Urlaubsvertretung im Dezember und Januar","author":"Christian G\u00fcnther","date":"16. Dezember 2016","format":"aside","excerpt":"Diakonin Kaufholz-Kerz\u00a0IST VOM 28.-30.12.2016 und vom 2.1-13.1.2017 IN URLAUB. In dieser Zeit ist das Prot. Dekanat Zweibr\u00fccken, Tel:\u00a006332-73543\u00a0 Ihr Ansprechpartner. Gesch\u00e4ftszeiten sind Mo-Do von 9-12 Uhr und von 14-16 Uhr sowie Fr von 9-12 Uhr. Au\u00dferdem ist das Pfarrb\u00fcro w\u00e4hrend der \u00fcblichen B\u00fcrozeiten ge\u00f6ffnet.","rel":"","context":"In &quot;Vorank\u00fcndigung&quot;","block_context":{"text":"Vorank\u00fcndigung","link":"https:\/\/evk-hornbach.de\/?cat=42"},"img":{"alt_text":"","src":"","width":0,"height":0},"classes":[]},{"id":2539,"url":"https:\/\/evk-hornbach.de\/?p=2539","url_meta":{"origin":1227,"position":5},"title":"Ansprechpartner in den Sommerferien","author":"Christian G\u00fcnther","date":"15. Juni 2018","format":false,"excerpt":"In den Sommerferien unternimmt Pfr. Seel mit den Jugendlichen eine Sommerfreizeit nach D\u00e4nemark und geht danach in Urlaub. Die Kasualvertretung in dieser Zeit (f\u00fcr Notf\u00e4lle, Beerdigungen, Taufen, o.\u00e4.) \u00fcbernehmen: Vom 2. Juli bis 7. Juli: Diakonin i.R. Roswitha Kaufholz-Kerz Vom 8. Juli bis 5. August: Pfrn. Suse G\u00fcnther","rel":"","context":"In &quot;Neuigkeiten&quot;","block_context":{"text":"Neuigkeiten","link":"https:\/\/evk-hornbach.de\/?cat=34"},"img":{"alt_text":"","src":"https:\/\/i0.wp.com\/evk-hornbach.de\/wp-content\/uploads\/2017\/08\/beach-84533_640-e1503765762876.jpg?resize=350%2C200&ssl=1","width":350,"height":200},"classes":[]}],"jetpack_sharing_enabled":true,"publishpress_future_action":{"enabled":false,"date":"2026-05-09 10:38:04","action":"change-status","newStatus":"draft","terms":[],"taxonomy":"category","extraData":[]},"publishpress_future_workflow_manual_trigger":{"enabledWorkflows":[]},"_links":{"self":[{"href":"https:\/\/evk-hornbach.de\/index.php?rest_route=\/wp\/v2\/posts\/1227","targetHints":{"allow":["GET"]}}],"collection":[{"href":"https:\/\/evk-hornbach.de\/index.php?rest_route=\/wp\/v2\/posts"}],"about":[{"href":"https:\/\/evk-hornbach.de\/index.php?rest_route=\/wp\/v2\/types\/post"}],"author":[{"embeddable":true,"href":"https:\/\/evk-hornbach.de\/index.php?rest_route=\/wp\/v2\/users\/2"}],"replies":[{"embeddable":true,"href":"https:\/\/evk-hornbach.de\/index.php?rest_route=%2Fwp%2Fv2%2Fcomments&post=1227"}],"version-history":[{"count":3,"href":"https:\/\/evk-hornbach.de\/index.php?rest_route=\/wp\/v2\/posts\/1227\/revisions"}],"predecessor-version":[{"id":1256,"href":"https:\/\/evk-hornbach.de\/index.php?rest_route=\/wp\/v2\/posts\/1227\/revisions\/1256"}],"wp:attachment":[{"href":"https:\/\/evk-hornbach.de\/index.php?rest_route=%2Fwp%2Fv2%2Fmedia&parent=1227"}],"wp:term":[{"taxonomy":"category","embeddable":true,"href":"https:\/\/evk-hornbach.de\/index.php?rest_route=%2Fwp%2Fv2%2Fcategories&post=1227"},{"taxonomy":"post_tag","embeddable":true,"href":"https:\/\/evk-hornbach.de\/index.php?rest_route=%2Fwp%2Fv2%2Ftags&post=1227"},{"taxonomy":"series","embeddable":true,"href":"https:\/\/evk-hornbach.de\/index.php?rest_route=%2Fwp%2Fv2%2Fseries&post=1227"}],"curies":[{"name":"wp","href":"https:\/\/api.w.org\/{rel}","templated":true}]}}